{"id":4678,"date":"2019-02-23T12:28:19","date_gmt":"2019-02-23T11:28:19","guid":{"rendered":"http:\/\/agora.xtec.cat\/institut-torrefarrera\/?p=4678"},"modified":"2019-02-23T12:32:16","modified_gmt":"2019-02-23T11:32:16","slug":"exposicio-igualtat-de-genere-mites-i-realitats-associacio-lika","status":"publish","type":"post","link":"https:\/\/agora.xtec.cat\/institut-torrefarrera\/general\/exposicio-igualtat-de-genere-mites-i-realitats-associacio-lika\/","title":{"rendered":"Exposici\u00f3 &#8220;Igualtat de g\u00e8nere: mites i realitats&#8221; (Associaci\u00f3 Lika)"},"content":{"rendered":"<p>Hem instal\u00b7lat l&#8217;exposici\u00f3\u00a0&#8220;Igualtat de g\u00e8nere: mites i realitats&#8221;, cedida per l&#8217;Associaci\u00f3 Lika (Llibertat, Igualtat i Koeducaci\u00f3 en Acci\u00f3) per treballar cap a la igualtat entre homes i dones. L&#8217;exposici\u00f3 ser\u00e0 visitada per les diferents tutories de l&#8217;institut per fer-ne reflexi\u00f3.<\/p>\n<p>Aquesta exposici\u00f3 s&#8217;emmarca dins de la setmana de mobilitat Erasmus+, amb la visita al nostre centre d&#8217;alumnes i professorat d&#8217;nstituts de Litu\u00e0nia, It\u00e0lia i Fran\u00e7a, dins el projecte &#8220;DiscriminACTion for a better IntegrARTion&#8221; (ActArt), amb el qual volem combatre tot tipus de discriminacions mitjan\u00e7ant representacions art\u00edstiques (m\u00fasica, c\u00f2mics, gravats, teatre). La trobada a Torrefarrera t\u00e9 com a tema central la igualtat de g\u00e8nere. Igualment, l&#8217;exposici\u00f3 servir\u00e0 per les activitats al voltant del Dia Internacional de les Dones (8 de mar\u00e7)<\/p>\n<p>Hi ha molt cam\u00ed a rec\u00f3rrer per millorar i aquestes reflexions i activitats ben segur que ens seran \u00fatils.<\/p>\n<p>Volem agrair a l&#8217;Associaci\u00f3 Lika deixar-nos treure profit de <a href=\"https:\/\/photos.app.goo.gl\/jbDHjnk5LT2AWcWH8\" target=\"_blank\" rel=\"noopener\">la seva exposici\u00f3<\/a> pel nostre treball educatiu.<\/p>\n<p><a href=\"https:\/\/photos.app.goo.gl\/jbDHjnk5LT2AWcWH8\" target=\"_blank\" rel=\"noopener\"><img loading=\"lazy\" decoding=\"async\" class=\"alignnone size-large wp-image-4679\" src=\"https:\/\/agora.xtec.cat\/institut-torrefarrera\/wp-content\/uploads\/usu847\/2019\/02\/IMG_20190222_114040-1024x576.jpg\" alt=\"\" width=\"1024\" height=\"576\" srcset=\"https:\/\/agora.xtec.cat\/institut-torrefarrera\/wp-content\/uploads\/usu847\/2019\/02\/IMG_20190222_114040.jpg 1024w, https:\/\/agora.xtec.cat\/institut-torrefarrera\/wp-content\/uploads\/usu847\/2019\/02\/IMG_20190222_114040-300x169.jpg 300w, https:\/\/agora.xtec.cat\/institut-torrefarrera\/wp-content\/uploads\/usu847\/2019\/02\/IMG_20190222_114040-768x432.jpg 768w\" sizes=\"auto, (max-width: 1024px) 100vw, 1024px\" \/><\/a><\/p>\n","protected":false},"excerpt":{"rendered":"<p>Hem instal\u00b7lat l&#8217;exposici\u00f3\u00a0&#8220;Igualtat de g\u00e8nere: mites i realitats&#8221;, cedida per l&#8217;Associaci\u00f3 Lika (Llibertat, Igualtat i Koeducaci\u00f3 en Acci\u00f3) per treballar cap a la igualtat entre homes i dones. L&#8217;exposici\u00f3 ser\u00e0 visitada per les diferents tutories de l&#8217;institut per fer-ne reflexi\u00f3.<br \/>\nAquesta exposici\u00f3 s&#8217;emmarca dins de la&hellip;  <a href=\"https:\/\/agora.xtec.cat\/institut-torrefarrera\/general\/exposicio-igualtat-de-genere-mites-i-realitats-associacio-lika\/\" title=\"Read Exposici\u00f3 &#8220;Igualtat de g\u00e8nere: mites i realitats&#8221; (Associaci\u00f3 Lika)\">Llegeix m\u00e9s\u00bb<\/a><\/p>\n","protected":false},"author":1,"featured_media":4679,"comment_status":"open","ping_status":"closed","sticky":false,"template":"","format":"standard","meta":{"_bbp_topic_count":0,"_bbp_reply_count":0,"_bbp_total_topic_count":0,"_bbp_total_reply_count":0,"_bbp_voice_count":0,"_bbp_anonymous_reply_count":0,"_bbp_topic_count_hidden":0,"_bbp_reply_count_hidden":0,"_bbp_forum_subforum_count":0,"footnotes":""},"categories":[110,113,5,6,1,150,108,128],"tags":[],"class_list":["post-4678","post","type-post","status-publish","format-standard","has-post-thumbnail","hentry","category-difusio","category-erasmus","category-eso-2","category-eso-3","category-general","category-orientacio","category-projectes-de-centre","category-valors-etics"],"post_mailing_queue_ids":[],"_links":{"self":[{"href":"https:\/\/agora.xtec.cat\/institut-torrefarrera\/wp-json\/wp\/v2\/posts\/4678","targetHints":{"allow":["GET"]}}],"collection":[{"href":"https:\/\/agora.xtec.cat\/institut-torrefarrera\/wp-json\/wp\/v2\/posts"}],"about":[{"href":"https:\/\/agora.xtec.cat\/institut-torrefarrera\/wp-json\/wp\/v2\/types\/post"}],"author":[{"embeddable":true,"href":"https:\/\/agora.xtec.cat\/institut-torrefarrera\/wp-json\/wp\/v2\/users\/1"}],"replies":[{"embeddable":true,"href":"https:\/\/agora.xtec.cat\/institut-torrefarrera\/wp-json\/wp\/v2\/comments?post=4678"}],"version-history":[{"count":1,"href":"https:\/\/agora.xtec.cat\/institut-torrefarrera\/wp-json\/wp\/v2\/posts\/4678\/revisions"}],"predecessor-version":[{"id":4680,"href":"https:\/\/agora.xtec.cat\/institut-torrefarrera\/wp-json\/wp\/v2\/posts\/4678\/revisions\/4680"}],"wp:featuredmedia":[{"embeddable":true,"href":"https:\/\/agora.xtec.cat\/institut-torrefarrera\/wp-json\/wp\/v2\/media\/4679"}],"wp:attachment":[{"href":"https:\/\/agora.xtec.cat\/institut-torrefarrera\/wp-json\/wp\/v2\/media?parent=4678"}],"wp:term":[{"taxonomy":"category","embeddable":true,"href":"https:\/\/agora.xtec.cat\/institut-torrefarrera\/wp-json\/wp\/v2\/categories?post=4678"},{"taxonomy":"post_tag","embeddable":true,"href":"https:\/\/agora.xtec.cat\/institut-torrefarrera\/wp-json\/wp\/v2\/tags?post=4678"}],"curies":[{"name":"wp","href":"https:\/\/api.w.org\/{rel}","templated":true}]}}