{"id":4665,"date":"2019-02-23T09:24:46","date_gmt":"2019-02-23T08:24:46","guid":{"rendered":"http:\/\/agora.xtec.cat\/institut-torrefarrera\/?p=4665"},"modified":"2019-02-23T09:27:27","modified_gmt":"2019-02-23T08:27:27","slug":"invitacio-a-les-portes-obertes-de-linstitut-joan-sola-12-de-marc","status":"publish","type":"post","link":"https:\/\/agora.xtec.cat\/institut-torrefarrera\/general\/invitacio-a-les-portes-obertes-de-linstitut-joan-sola-12-de-marc\/","title":{"rendered":"Invitaci\u00f3 a les Portes obertes de l&#8217;Institut Joan Sol\u00e0 (12 de mar\u00e7)"},"content":{"rendered":"<p>Benvolgudes fam\u00edlies,<\/p>\n<p>us convidem a la Jornada de Portes Obertes el proper 12 de mar\u00e7, on volem explicar tot all\u00f2 que oferim des del nostre centre d&#8217;Educaci\u00f3 Secund\u00e0ria des del nostre comprom\u00eds per l&#8217;educaci\u00f3.<\/p>\n<p>Us hi esperem!<\/p>\n<p><a href=\"https:\/\/agora.xtec.cat\/institut-torrefarrera\/wp-content\/uploads\/usu847\/2019\/02\/1.png\"><img loading=\"lazy\" decoding=\"async\" class=\"alignnone size-full wp-image-4666\" src=\"https:\/\/agora.xtec.cat\/institut-torrefarrera\/wp-content\/uploads\/usu847\/2019\/02\/1.png\" alt=\"\" width=\"559\" height=\"397\" srcset=\"https:\/\/agora.xtec.cat\/institut-torrefarrera\/wp-content\/uploads\/usu847\/2019\/02\/1.png 559w, https:\/\/agora.xtec.cat\/institut-torrefarrera\/wp-content\/uploads\/usu847\/2019\/02\/1-300x213.png 300w\" sizes=\"auto, (max-width: 559px) 100vw, 559px\" \/><\/a><\/p>\n<p><a href=\"https:\/\/agora.xtec.cat\/institut-torrefarrera\/wp-content\/uploads\/usu847\/2019\/02\/2.png\"><img loading=\"lazy\" decoding=\"async\" class=\"alignnone size-full wp-image-4667\" src=\"https:\/\/agora.xtec.cat\/institut-torrefarrera\/wp-content\/uploads\/usu847\/2019\/02\/2.png\" alt=\"\" width=\"559\" height=\"397\" srcset=\"https:\/\/agora.xtec.cat\/institut-torrefarrera\/wp-content\/uploads\/usu847\/2019\/02\/2.png 559w, https:\/\/agora.xtec.cat\/institut-torrefarrera\/wp-content\/uploads\/usu847\/2019\/02\/2-300x213.png 300w\" sizes=\"auto, (max-width: 559px) 100vw, 559px\" \/><\/a><\/p>\n","protected":false},"excerpt":{"rendered":"<p>Benvolgudes fam\u00edlies,<br \/>\nus convidem a la Jornada de Portes Obertes el proper 12 de mar\u00e7, on volem explicar tot all\u00f2 que oferim des del nostre centre d&#8217;Educaci\u00f3 Secund\u00e0ria des del nostre comprom\u00eds per l&#8217;educaci\u00f3.<br \/>\nUs hi esperem!<br \/>\n<a href=\"https:\/\/agora.xtec.cat\/institut-torrefarrera\/wp-content\/uploads\/usu847\/2019\/02\/1.png\"><\/a><br \/>\n<a href=\"https:\/\/agora.xtec.cat\/institut-torrefarrera\/wp-content\/uploads\/usu847\/2019\/02\/2.png\"><\/a><\/p>\n","protected":false},"author":1,"featured_media":4666,"comment_status":"open","ping_status":"closed","sticky":false,"template":"","format":"standard","meta":{"_bbp_topic_count":0,"_bbp_reply_count":0,"_bbp_total_topic_count":0,"_bbp_total_reply_count":0,"_bbp_voice_count":0,"_bbp_anonymous_reply_count":0,"_bbp_topic_count_hidden":0,"_bbp_reply_count_hidden":0,"_bbp_forum_subforum_count":0,"footnotes":""},"categories":[112,110,1],"tags":[],"class_list":["post-4665","post","type-post","status-publish","format-standard","has-post-thumbnail","hentry","category-avisos","category-difusio","category-general"],"post_mailing_queue_ids":[],"_links":{"self":[{"href":"https:\/\/agora.xtec.cat\/institut-torrefarrera\/wp-json\/wp\/v2\/posts\/4665","targetHints":{"allow":["GET"]}}],"collection":[{"href":"https:\/\/agora.xtec.cat\/institut-torrefarrera\/wp-json\/wp\/v2\/posts"}],"about":[{"href":"https:\/\/agora.xtec.cat\/institut-torrefarrera\/wp-json\/wp\/v2\/types\/post"}],"author":[{"embeddable":true,"href":"https:\/\/agora.xtec.cat\/institut-torrefarrera\/wp-json\/wp\/v2\/users\/1"}],"replies":[{"embeddable":true,"href":"https:\/\/agora.xtec.cat\/institut-torrefarrera\/wp-json\/wp\/v2\/comments?post=4665"}],"version-history":[{"count":1,"href":"https:\/\/agora.xtec.cat\/institut-torrefarrera\/wp-json\/wp\/v2\/posts\/4665\/revisions"}],"predecessor-version":[{"id":4668,"href":"https:\/\/agora.xtec.cat\/institut-torrefarrera\/wp-json\/wp\/v2\/posts\/4665\/revisions\/4668"}],"wp:featuredmedia":[{"embeddable":true,"href":"https:\/\/agora.xtec.cat\/institut-torrefarrera\/wp-json\/wp\/v2\/media\/4666"}],"wp:attachment":[{"href":"https:\/\/agora.xtec.cat\/institut-torrefarrera\/wp-json\/wp\/v2\/media?parent=4665"}],"wp:term":[{"taxonomy":"category","embeddable":true,"href":"https:\/\/agora.xtec.cat\/institut-torrefarrera\/wp-json\/wp\/v2\/categories?post=4665"},{"taxonomy":"post_tag","embeddable":true,"href":"https:\/\/agora.xtec.cat\/institut-torrefarrera\/wp-json\/wp\/v2\/tags?post=4665"}],"curies":[{"name":"wp","href":"https:\/\/api.w.org\/{rel}","templated":true}]}}