{"id":4211,"date":"2018-12-21T18:29:40","date_gmt":"2018-12-21T17:29:40","guid":{"rendered":"http:\/\/agora.xtec.cat\/institut-torrefarrera\/?p=4211"},"modified":"2018-12-21T18:31:27","modified_gmt":"2018-12-21T17:31:27","slug":"surt-per-nadal-el-num-1-de-la-revista-joan-sola","status":"publish","type":"post","link":"https:\/\/agora.xtec.cat\/institut-torrefarrera\/general\/surt-per-nadal-el-num-1-de-la-revista-joan-sola\/","title":{"rendered":"Surt per Nadal el N\u00fam.1 de la Revista Joan Sol\u00e0!"},"content":{"rendered":"<p>Volem compartir amb vosaltres el primer n\u00famero de la Revista Joan Sol\u00e0, que ha creat l&#8217;equip de redacci\u00f3 d&#8217;alumnes de 3r ESO del nostre Institut. Es parla d&#8217;aspectes d&#8217;inter\u00e8s pels alumnes. Lectura sempre interessant!<\/p>\n<div style=\"text-align:center;\">\n<div style=\"margin:8px 0px 4px;\"><a href=\"https:\/\/www.calameo.com\/books\/002365811cda5c3d64f57\" target=\"_blank\">Revista  Joan Sol\u00e0 N\u00fam.1 Desembre 2018<\/a><\/div>\n<p><iframe loading=\"lazy\" src=\"\/\/v.calameo.com\/?bkcode=002365811cda5c3d64f57&#038;mode=mini\" width=\"480\" height=\"300\" frameborder=\"0\" scrolling=\"no\" allowtransparency allowfullscreen style=\"margin:0 auto;\"><\/iframe><\/p>\n<div style=\"margin:4px 0px 8px;\"><a href=\"http:\/\/www.calameo.com\/\" target=\"_blank\">Read more publications on Calam\u00e9o<\/a><\/div>\n<\/div>\n<p>&nbsp;<\/p>\n<p>La revista ha estat creada dins l&#8217;optativa &#8220;Revista&#8221;. Cal felicitar a l&#8217;alumnat participant de 3r i a la seva professora N\u00faria Labartra per la seva tasca durant aquest trimestre.<\/p>\n","protected":false},"excerpt":{"rendered":"<p>Volem compartir amb vosaltres el primer n\u00famero de la Revista Joan Sol\u00e0, que ha creat l&#8217;equip de redacci\u00f3 d&#8217;alumnes de 3r ESO del nostre Institut. Es parla d&#8217;aspectes d&#8217;inter\u00e8s pels alumnes. Lectura sempre interessant!<\/p>\n<p><a href=\"https:\/\/www.calameo.com\/books\/002365811cda5c3d64f57\" target=\"_blank\">Revista  Joan Sol\u00e0 N\u00fam.1 Desembre 2018<\/a><\/p>\n<p><a href=\"http:\/\/www.calameo.com\/\" target=\"_blank\">Read more&hellip;  <a href=\"https:\/\/agora.xtec.cat\/institut-torrefarrera\/general\/surt-per-nadal-el-num-1-de-la-revista-joan-sola\/\" title=\"Read Surt per Nadal el N\u00fam.1 de la Revista Joan Sol\u00e0!\">Llegeix m\u00e9s\u00bb<\/a><\/p>\n","protected":false},"author":1,"featured_media":4212,"comment_status":"open","ping_status":"closed","sticky":false,"template":"","format":"standard","meta":{"_bbp_topic_count":0,"_bbp_reply_count":0,"_bbp_total_topic_count":0,"_bbp_total_reply_count":0,"_bbp_voice_count":0,"_bbp_anonymous_reply_count":0,"_bbp_topic_count_hidden":0,"_bbp_reply_count_hidden":0,"_bbp_forum_subforum_count":0,"footnotes":""},"categories":[112,110,3,6,1,107],"tags":[],"class_list":["post-4211","post","type-post","status-publish","format-standard","has-post-thumbnail","hentry","category-avisos","category-difusio","category-eso","category-eso-3","category-general","category-lectura"],"post_mailing_queue_ids":[],"_links":{"self":[{"href":"https:\/\/agora.xtec.cat\/institut-torrefarrera\/wp-json\/wp\/v2\/posts\/4211","targetHints":{"allow":["GET"]}}],"collection":[{"href":"https:\/\/agora.xtec.cat\/institut-torrefarrera\/wp-json\/wp\/v2\/posts"}],"about":[{"href":"https:\/\/agora.xtec.cat\/institut-torrefarrera\/wp-json\/wp\/v2\/types\/post"}],"author":[{"embeddable":true,"href":"https:\/\/agora.xtec.cat\/institut-torrefarrera\/wp-json\/wp\/v2\/users\/1"}],"replies":[{"embeddable":true,"href":"https:\/\/agora.xtec.cat\/institut-torrefarrera\/wp-json\/wp\/v2\/comments?post=4211"}],"version-history":[{"count":3,"href":"https:\/\/agora.xtec.cat\/institut-torrefarrera\/wp-json\/wp\/v2\/posts\/4211\/revisions"}],"predecessor-version":[{"id":4215,"href":"https:\/\/agora.xtec.cat\/institut-torrefarrera\/wp-json\/wp\/v2\/posts\/4211\/revisions\/4215"}],"wp:featuredmedia":[{"embeddable":true,"href":"https:\/\/agora.xtec.cat\/institut-torrefarrera\/wp-json\/wp\/v2\/media\/4212"}],"wp:attachment":[{"href":"https:\/\/agora.xtec.cat\/institut-torrefarrera\/wp-json\/wp\/v2\/media?parent=4211"}],"wp:term":[{"taxonomy":"category","embeddable":true,"href":"https:\/\/agora.xtec.cat\/institut-torrefarrera\/wp-json\/wp\/v2\/categories?post=4211"},{"taxonomy":"post_tag","embeddable":true,"href":"https:\/\/agora.xtec.cat\/institut-torrefarrera\/wp-json\/wp\/v2\/tags?post=4211"}],"curies":[{"name":"wp","href":"https:\/\/api.w.org\/{rel}","templated":true}]}}