{"id":3654,"date":"2018-09-24T23:09:44","date_gmt":"2018-09-24T21:09:44","guid":{"rendered":"http:\/\/agora.xtec.cat\/institut-torrefarrera\/?p=3654"},"modified":"2018-09-24T23:27:06","modified_gmt":"2018-09-24T21:27:06","slug":"un-nou-projecte-erasmus-per-al-nostre-institut-discriminaction-for-a-better-integrartion","status":"publish","type":"post","link":"https:\/\/agora.xtec.cat\/institut-torrefarrera\/general\/un-nou-projecte-erasmus-per-al-nostre-institut-discriminaction-for-a-better-integrartion\/","title":{"rendered":"Un nou projecte Erasmus+ per al nostre Institut: &#8220;DiscriminACTion for a better IntegrARTion&#8221;"},"content":{"rendered":"<p>El nostre centre participar\u00e0 en els propers dos cursos en el projecte &#8220;DiscriminACTion for a better IntegrARTion&#8221;, un projecte que pret\u00e9n combatre tot tipus de discriminacions que es donen en la nostra societat, i fer-ho per mitj\u00e0 de actuacions art\u00edstiques.<\/p>\n<p><em><strong>&#8220;ActArt&#8221;<\/strong><\/em> \u00e9s el nostre segon projecte Erasmus+ simultani aquest curs, en aquest cas coordinat per un centre franc\u00e8s de Ribeauvill\u00e9, on tamb\u00e9 participen centres de Litu\u00e0nia i It\u00e0lia. Hi participar\u00e0 l&#8217;alumnat que aquest any cursa 2n ESO. Aquest n&#8217;\u00e9s el p\u00f3ster de presentaci\u00f3:<\/p>\n<p><a href=\"http:\/\/agora.xtec.cat\/institut-torrefarrera\/wp-content\/uploads\/usu847\/2018\/09\/discriminaction_petit.jpg\"><img loading=\"lazy\" decoding=\"async\" class=\"alignnone size-large wp-image-3655\" src=\"http:\/\/agora.xtec.cat\/institut-torrefarrera\/wp-content\/uploads\/usu847\/2018\/09\/discriminaction_petit-605x1024.jpg\" alt=\"\" width=\"605\" height=\"1024\" srcset=\"https:\/\/agora.xtec.cat\/institut-torrefarrera\/wp-content\/uploads\/usu847\/2018\/09\/discriminaction_petit-605x1024.jpg 605w, https:\/\/agora.xtec.cat\/institut-torrefarrera\/wp-content\/uploads\/usu847\/2018\/09\/discriminaction_petit-177x300.jpg 177w, https:\/\/agora.xtec.cat\/institut-torrefarrera\/wp-content\/uploads\/usu847\/2018\/09\/discriminaction_petit-768x1301.jpg 768w, https:\/\/agora.xtec.cat\/institut-torrefarrera\/wp-content\/uploads\/usu847\/2018\/09\/discriminaction_petit.jpg 810w\" sizes=\"auto, (max-width: 605px) 100vw, 605px\" \/><\/a><\/p>\n<p>Com es resumeix en el p\u00f3ster, les produccions art\u00edstiques, ja siguin liter\u00e0ries, gr\u00e0fiques, dram\u00e0tiques, musicals o en suport digital, estaran relacionades amb el combat de les discriminacions. Es fomentar\u00e0 la creativitat del nostre alumnat. La llengua vehicular ser\u00e0 l&#8217;angl\u00e8s, que utilitzarem en les nostres produccions, debats, tallers, etc.<\/p>\n<p>Durant el projecte farem atenci\u00f3 a les dates que recorden aspectes importants de la conviv\u00e8ncia: pels drets de les dones, migrants, discapacitats, sense sostre, joves afectats pel bullying&#8230; Igualment, contactarem amb associacions que treballen per millorar la integraci\u00f3.<\/p>\n<p>En les trobades en els centres participants, on hi viatjar\u00e0 una representaci\u00f3 del nostre alumnat de 2n ESO, es tractaran temes relacionats amb el projecte: a febrer-mar\u00e7 ens visiten els socis internacionals i farem activitats contra la discriminaci\u00f3 de g\u00e8nere. A la visita a Litu\u00e0nia es tracta de la discriminaci\u00f3 per discapacitat, la trobada a It\u00e0lia tractar\u00e0 sobre el Bullying, i a Fran\u00e7a tractarem la discriminaci\u00f3 per causes econ\u00f2miques.<\/p>\n<p>Pensem que \u00e9s un projecte que tracta q\u00fcestions molt importants pel futur de la nostra societat, i que voldrem compartir amb tot el nostre entorn.<\/p>\n<p>Us convidem a participar-hi amb les vostres idees!<\/p>\n","protected":false},"excerpt":{"rendered":"<p>El nostre centre participar\u00e0 en els propers dos cursos en el projecte &#8220;DiscriminACTion for a better IntegrARTion&#8221;, un projecte que pret\u00e9n combatre tot tipus de discriminacions que es donen en la nostra societat, i fer-ho per mitj\u00e0 de actuacions art\u00edstiques.<br \/>\n&#8220;ActArt&#8221; \u00e9s el nostre segon projecte&hellip;  <a href=\"https:\/\/agora.xtec.cat\/institut-torrefarrera\/general\/un-nou-projecte-erasmus-per-al-nostre-institut-discriminaction-for-a-better-integrartion\/\" title=\"Read Un nou projecte Erasmus+ per al nostre Institut: &#8220;DiscriminACTion for a better IntegrARTion&#8221;\">Llegeix m\u00e9s\u00bb<\/a><\/p>\n","protected":false},"author":1,"featured_media":3655,"comment_status":"open","ping_status":"closed","sticky":false,"template":"","format":"standard","meta":{"_bbp_topic_count":0,"_bbp_reply_count":0,"_bbp_total_topic_count":0,"_bbp_total_reply_count":0,"_bbp_voice_count":0,"_bbp_anonymous_reply_count":0,"_bbp_topic_count_hidden":0,"_bbp_reply_count_hidden":0,"_bbp_forum_subforum_count":0,"footnotes":""},"categories":[152,110,113,124,5,1,126,106,108,115],"tags":[],"class_list":["post-3654","post","type-post","status-publish","format-standard","has-post-thumbnail","hentry","category-aprenentatge-i-servei","category-difusio","category-erasmus","category-escola-verda","category-eso-2","category-general","category-gep","category-llengua-estrangera","category-projectes-de-centre","category-tac"],"post_mailing_queue_ids":[],"_links":{"self":[{"href":"https:\/\/agora.xtec.cat\/institut-torrefarrera\/wp-json\/wp\/v2\/posts\/3654","targetHints":{"allow":["GET"]}}],"collection":[{"href":"https:\/\/agora.xtec.cat\/institut-torrefarrera\/wp-json\/wp\/v2\/posts"}],"about":[{"href":"https:\/\/agora.xtec.cat\/institut-torrefarrera\/wp-json\/wp\/v2\/types\/post"}],"author":[{"embeddable":true,"href":"https:\/\/agora.xtec.cat\/institut-torrefarrera\/wp-json\/wp\/v2\/users\/1"}],"replies":[{"embeddable":true,"href":"https:\/\/agora.xtec.cat\/institut-torrefarrera\/wp-json\/wp\/v2\/comments?post=3654"}],"version-history":[{"count":2,"href":"https:\/\/agora.xtec.cat\/institut-torrefarrera\/wp-json\/wp\/v2\/posts\/3654\/revisions"}],"predecessor-version":[{"id":3657,"href":"https:\/\/agora.xtec.cat\/institut-torrefarrera\/wp-json\/wp\/v2\/posts\/3654\/revisions\/3657"}],"wp:featuredmedia":[{"embeddable":true,"href":"https:\/\/agora.xtec.cat\/institut-torrefarrera\/wp-json\/wp\/v2\/media\/3655"}],"wp:attachment":[{"href":"https:\/\/agora.xtec.cat\/institut-torrefarrera\/wp-json\/wp\/v2\/media?parent=3654"}],"wp:term":[{"taxonomy":"category","embeddable":true,"href":"https:\/\/agora.xtec.cat\/institut-torrefarrera\/wp-json\/wp\/v2\/categories?post=3654"},{"taxonomy":"post_tag","embeddable":true,"href":"https:\/\/agora.xtec.cat\/institut-torrefarrera\/wp-json\/wp\/v2\/tags?post=3654"}],"curies":[{"name":"wp","href":"https:\/\/api.w.org\/{rel}","templated":true}]}}