{"id":15093,"date":"2026-09-03T20:49:14","date_gmt":"2026-09-03T18:49:14","guid":{"rendered":"https:\/\/agora.xtec.cat\/institut-torrefarrera\/?p=15093"},"modified":"2026-09-03T20:56:54","modified_gmt":"2026-09-03T18:56:54","slug":"tot-a-punt-per-comencar","status":"publish","type":"post","link":"https:\/\/agora.xtec.cat\/institut-torrefarrera\/general\/tot-a-punt-per-comencar\/","title":{"rendered":"Tot a punt per comen\u00e7ar!"},"content":{"rendered":"<p><strong>Benvinguts al curs 2026-2027!<\/strong><\/p>\n<p>Esperem que h\u00e0giu gaudit molt de l\u2019estiu, que h\u00e0giu descansat i que torneu amb energia, il\u00b7lusi\u00f3 i ganes de comen\u00e7ar una nova etapa.<\/p>\n<p>Ara toca retrobar-nos amb els companys i companyes, amb el professorat i amb tots aquells petits moments que formen part del nostre dia a dia al centre.<\/p>\n<p>Per comen\u00e7ar, us avancem <a href=\"https:\/\/drive.google.com\/file\/d\/1815ofrNpJrcMOhaO0RFPLRni0Q8bq8aG\/view?usp=sharing\">algunes informacions pr\u00e0ctiques<\/a> sobre l\u2019inici de curs. Durant els propers dies anirem compartint i ampliant tota la informaci\u00f3 necess\u00e0ria perqu\u00e8 tothom pugui comen\u00e7ar el curs amb tranquil\u00b7litat i de la millor manera possible.<\/p>\n<p>Ens veiem ben aviat! Us esperem al centre!<\/p>\n","protected":false},"excerpt":{"rendered":"<p>Benvinguts al curs 2026-2027!<br \/>\nEsperem que h\u00e0giu gaudit molt de l\u2019estiu, que h\u00e0giu descansat i que torneu amb energia, il\u00b7lusi\u00f3 i ganes de comen\u00e7ar una nova etapa.<br \/>\nAra toca retrobar-nos amb els companys i companyes, amb el professorat i amb tots aquells petits moments que formen part&hellip;  <a href=\"https:\/\/agora.xtec.cat\/institut-torrefarrera\/general\/tot-a-punt-per-comencar\/\" title=\"Read Tot a punt per comen\u00e7ar!\">Llegeix m\u00e9s\u00bb<\/a><\/p>\n","protected":false},"author":1,"featured_media":15094,"comment_status":"open","ping_status":"open","sticky":true,"template":"","format":"standard","meta":{"_bbp_topic_count":0,"_bbp_reply_count":0,"_bbp_total_topic_count":0,"_bbp_total_reply_count":0,"_bbp_voice_count":0,"_bbp_anonymous_reply_count":0,"_bbp_topic_count_hidden":0,"_bbp_reply_count_hidden":0,"_bbp_forum_subforum_count":0,"footnotes":""},"categories":[1,29],"tags":[642,494,641],"class_list":["post-15093","post","type-post","status-publish","format-standard","has-post-thumbnail","hentry","category-general","category-portada","tag-curs-26-27","tag-inici-de-curs","tag-nou-curs"],"post_mailing_queue_ids":[],"_links":{"self":[{"href":"https:\/\/agora.xtec.cat\/institut-torrefarrera\/wp-json\/wp\/v2\/posts\/15093","targetHints":{"allow":["GET"]}}],"collection":[{"href":"https:\/\/agora.xtec.cat\/institut-torrefarrera\/wp-json\/wp\/v2\/posts"}],"about":[{"href":"https:\/\/agora.xtec.cat\/institut-torrefarrera\/wp-json\/wp\/v2\/types\/post"}],"author":[{"embeddable":true,"href":"https:\/\/agora.xtec.cat\/institut-torrefarrera\/wp-json\/wp\/v2\/users\/1"}],"replies":[{"embeddable":true,"href":"https:\/\/agora.xtec.cat\/institut-torrefarrera\/wp-json\/wp\/v2\/comments?post=15093"}],"version-history":[{"count":3,"href":"https:\/\/agora.xtec.cat\/institut-torrefarrera\/wp-json\/wp\/v2\/posts\/15093\/revisions"}],"predecessor-version":[{"id":15097,"href":"https:\/\/agora.xtec.cat\/institut-torrefarrera\/wp-json\/wp\/v2\/posts\/15093\/revisions\/15097"}],"wp:featuredmedia":[{"embeddable":true,"href":"https:\/\/agora.xtec.cat\/institut-torrefarrera\/wp-json\/wp\/v2\/media\/15094"}],"wp:attachment":[{"href":"https:\/\/agora.xtec.cat\/institut-torrefarrera\/wp-json\/wp\/v2\/media?parent=15093"}],"wp:term":[{"taxonomy":"category","embeddable":true,"href":"https:\/\/agora.xtec.cat\/institut-torrefarrera\/wp-json\/wp\/v2\/categories?post=15093"},{"taxonomy":"post_tag","embeddable":true,"href":"https:\/\/agora.xtec.cat\/institut-torrefarrera\/wp-json\/wp\/v2\/tags?post=15093"}],"curies":[{"name":"wp","href":"https:\/\/api.w.org\/{rel}","templated":true}]}}