{"id":14858,"date":"2026-04-16T08:54:20","date_gmt":"2026-04-16T06:54:20","guid":{"rendered":"https:\/\/agora.xtec.cat\/institut-torrefarrera\/?p=14858"},"modified":"2026-04-16T08:54:20","modified_gmt":"2026-04-16T06:54:20","slug":"els-alumnes-de-1r-deso-descobreixen-els-secrets-del-mar-en-unes-estades-a-calafell","status":"publish","type":"post","link":"https:\/\/agora.xtec.cat\/institut-torrefarrera\/general\/els-alumnes-de-1r-deso-descobreixen-els-secrets-del-mar-en-unes-estades-a-calafell\/","title":{"rendered":"Els alumnes de 1r d\u2019ESO descobreixen els secrets del mar en unes estades a Calafell"},"content":{"rendered":"<p>Els alumnes de 1r d\u2019ESO van participar d\u2019una estada de tres dies a Calafell. Al llarg dels dies 23, 24 i 25 de mar\u00e7, van poder fomentar la conviv\u00e8ncia i van dur a termes diverses tasques complementaries dels \u00e0mbits de ci\u00e8ncies i de socials. Alumnes i professors es van allotjar a la casa de col\u00f2nies Artur Martorell, des d\u2019on es planificaven les activitats del dia amb monitors especialitzats.<\/p>\n<p>Aix\u00ed, el primer dia es va dur a terme un estudi d\u2019una platja natural i, en acabar el recorregut, nois i noies van passar una estona divertida a la platja de Calafell. Despr\u00e9s de sopar els alumnes van poder participar d\u2019un joc de nit a l\u2019alberg.<\/p>\n<p><a href=\"https:\/\/agora.xtec.cat\/institut-torrefarrera\/wp-content\/uploads\/usu847\/2026\/04\/20260323_175540.jpg\"><img loading=\"lazy\" decoding=\"async\" class=\"alignnone size-full wp-image-14859\" src=\"https:\/\/agora.xtec.cat\/institut-torrefarrera\/wp-content\/uploads\/usu847\/2026\/04\/20260323_175540.jpg\" alt=\"\" width=\"1215\" height=\"911\" srcset=\"https:\/\/agora.xtec.cat\/institut-torrefarrera\/wp-content\/uploads\/usu847\/2026\/04\/20260323_175540.jpg 1215w, https:\/\/agora.xtec.cat\/institut-torrefarrera\/wp-content\/uploads\/usu847\/2026\/04\/20260323_175540-300x225.jpg 300w, https:\/\/agora.xtec.cat\/institut-torrefarrera\/wp-content\/uploads\/usu847\/2026\/04\/20260323_175540-1024x768.jpg 1024w, https:\/\/agora.xtec.cat\/institut-torrefarrera\/wp-content\/uploads\/usu847\/2026\/04\/20260323_175540-768x576.jpg 768w, https:\/\/agora.xtec.cat\/institut-torrefarrera\/wp-content\/uploads\/usu847\/2026\/04\/20260323_175540-200x150.jpg 200w\" sizes=\"auto, (max-width: 1215px) 100vw, 1215px\" \/><\/a><\/p>\n<p>El segon dia nois i nies van aprendre molts aspectes del m\u00f3n de la pesca, i a la tarda van visitar el port de Vilanova i la Geltr\u00fa per con\u00e8ixer de primera m\u00e0 com s\u00f3n els vaixells i com es valora el peix a la subhasta de la llotja. Un cop van haver sopat, els esperava una festa amb un concurs de m\u00fasica que va fer xalar els participants.<\/p>\n<p><a href=\"https:\/\/agora.xtec.cat\/institut-torrefarrera\/wp-content\/uploads\/usu847\/2026\/04\/20260324_162456.jpg\"><img loading=\"lazy\" decoding=\"async\" class=\"alignnone size-full wp-image-14860\" src=\"https:\/\/agora.xtec.cat\/institut-torrefarrera\/wp-content\/uploads\/usu847\/2026\/04\/20260324_162456.jpg\" alt=\"\" width=\"1920\" height=\"887\" srcset=\"https:\/\/agora.xtec.cat\/institut-torrefarrera\/wp-content\/uploads\/usu847\/2026\/04\/20260324_162456.jpg 1920w, https:\/\/agora.xtec.cat\/institut-torrefarrera\/wp-content\/uploads\/usu847\/2026\/04\/20260324_162456-300x139.jpg 300w, https:\/\/agora.xtec.cat\/institut-torrefarrera\/wp-content\/uploads\/usu847\/2026\/04\/20260324_162456-1024x473.jpg 1024w, https:\/\/agora.xtec.cat\/institut-torrefarrera\/wp-content\/uploads\/usu847\/2026\/04\/20260324_162456-768x355.jpg 768w, https:\/\/agora.xtec.cat\/institut-torrefarrera\/wp-content\/uploads\/usu847\/2026\/04\/20260324_162456-1536x710.jpg 1536w\" sizes=\"auto, (max-width: 1920px) 100vw, 1920px\" \/><\/a><\/p>\n<p>I la sorpresa va arribat el tercer dia, amb la vista a la Ciutadella \u00cdbera de Calafell. Van passejar pels carrers de la poblaci\u00f3 restaurada i, fins i tot, van entrar a les cases on vivien aquests antics pobladors de la zona. Els guies van fer una explicaci\u00f3 detallada dels seus costums i els van permetre tocar les r\u00e8pliques dels estris que feien servir, tant a casa com al camp de batalla.<\/p>\n<p><a href=\"https:\/\/agora.xtec.cat\/institut-torrefarrera\/wp-content\/uploads\/usu847\/2026\/04\/20260325_110155.jpg\"><img loading=\"lazy\" decoding=\"async\" class=\"alignnone size-full wp-image-14861\" src=\"https:\/\/agora.xtec.cat\/institut-torrefarrera\/wp-content\/uploads\/usu847\/2026\/04\/20260325_110155.jpg\" alt=\"\" width=\"1215\" height=\"911\" srcset=\"https:\/\/agora.xtec.cat\/institut-torrefarrera\/wp-content\/uploads\/usu847\/2026\/04\/20260325_110155.jpg 1215w, https:\/\/agora.xtec.cat\/institut-torrefarrera\/wp-content\/uploads\/usu847\/2026\/04\/20260325_110155-300x225.jpg 300w, https:\/\/agora.xtec.cat\/institut-torrefarrera\/wp-content\/uploads\/usu847\/2026\/04\/20260325_110155-1024x768.jpg 1024w, https:\/\/agora.xtec.cat\/institut-torrefarrera\/wp-content\/uploads\/usu847\/2026\/04\/20260325_110155-768x576.jpg 768w, https:\/\/agora.xtec.cat\/institut-torrefarrera\/wp-content\/uploads\/usu847\/2026\/04\/20260325_110155-200x150.jpg 200w\" sizes=\"auto, (max-width: 1215px) 100vw, 1215px\" \/><\/a><\/p>\n<p>Despr\u00e9s de dinar tocava tornar a Torrefarrera i les cares reflectien una barreja de satisfacci\u00f3 i cansament per les experi\u00e8ncies viscudes al llarg de tres dies for\u00e7a intensos.<\/p>\n<p>Podeu veure l&#8217;\u00e0lbum d&#8217;imatges en aquesta altra adre\u00e7a (amb codi)<\/p>\n","protected":false},"excerpt":{"rendered":"<p>Els alumnes de 1r d\u2019ESO van participar d\u2019una estada de tres dies a Calafell. Al llarg dels dies 23, 24 i 25 de mar\u00e7, van poder fomentar la conviv\u00e8ncia i van dur a termes diverses tasques complementaries dels \u00e0mbits de ci\u00e8ncies i de socials. Alumnes&hellip;  <a href=\"https:\/\/agora.xtec.cat\/institut-torrefarrera\/general\/els-alumnes-de-1r-deso-descobreixen-els-secrets-del-mar-en-unes-estades-a-calafell\/\" title=\"Read Els alumnes de 1r d\u2019ESO descobreixen els secrets del mar en unes estades a Calafell\">Llegeix m\u00e9s\u00bb<\/a><\/p>\n","protected":false},"author":1,"featured_media":14862,"comment_status":"closed","ping_status":"open","sticky":false,"template":"","format":"standard","meta":{"_bbp_topic_count":0,"_bbp_reply_count":0,"_bbp_total_topic_count":0,"_bbp_total_reply_count":0,"_bbp_voice_count":0,"_bbp_anonymous_reply_count":0,"_bbp_topic_count_hidden":0,"_bbp_reply_count_hidden":0,"_bbp_forum_subforum_count":0,"footnotes":""},"categories":[491,443,120,4,1,111],"tags":[],"class_list":["post-14858","post","type-post","status-publish","format-standard","has-post-thumbnail","hentry","category-ambaixada-parlament-europeu","category-ciancies-socials","category-ciencies-naturals","category-eso-1","category-general","category-sortides"],"post_mailing_queue_ids":[],"_links":{"self":[{"href":"https:\/\/agora.xtec.cat\/institut-torrefarrera\/wp-json\/wp\/v2\/posts\/14858","targetHints":{"allow":["GET"]}}],"collection":[{"href":"https:\/\/agora.xtec.cat\/institut-torrefarrera\/wp-json\/wp\/v2\/posts"}],"about":[{"href":"https:\/\/agora.xtec.cat\/institut-torrefarrera\/wp-json\/wp\/v2\/types\/post"}],"author":[{"embeddable":true,"href":"https:\/\/agora.xtec.cat\/institut-torrefarrera\/wp-json\/wp\/v2\/users\/1"}],"replies":[{"embeddable":true,"href":"https:\/\/agora.xtec.cat\/institut-torrefarrera\/wp-json\/wp\/v2\/comments?post=14858"}],"version-history":[{"count":1,"href":"https:\/\/agora.xtec.cat\/institut-torrefarrera\/wp-json\/wp\/v2\/posts\/14858\/revisions"}],"predecessor-version":[{"id":14863,"href":"https:\/\/agora.xtec.cat\/institut-torrefarrera\/wp-json\/wp\/v2\/posts\/14858\/revisions\/14863"}],"wp:featuredmedia":[{"embeddable":true,"href":"https:\/\/agora.xtec.cat\/institut-torrefarrera\/wp-json\/wp\/v2\/media\/14862"}],"wp:attachment":[{"href":"https:\/\/agora.xtec.cat\/institut-torrefarrera\/wp-json\/wp\/v2\/media?parent=14858"}],"wp:term":[{"taxonomy":"category","embeddable":true,"href":"https:\/\/agora.xtec.cat\/institut-torrefarrera\/wp-json\/wp\/v2\/categories?post=14858"},{"taxonomy":"post_tag","embeddable":true,"href":"https:\/\/agora.xtec.cat\/institut-torrefarrera\/wp-json\/wp\/v2\/tags?post=14858"}],"curies":[{"name":"wp","href":"https:\/\/api.w.org\/{rel}","templated":true}]}}