{"id":14838,"date":"2026-04-14T20:13:48","date_gmt":"2026-04-14T18:13:48","guid":{"rendered":"https:\/\/agora.xtec.cat\/institut-torrefarrera\/?p=14838"},"modified":"2026-04-14T20:13:48","modified_gmt":"2026-04-14T18:13:48","slug":"activitat-formativa-a-lalzinar-de-torrefarrera-amb-delegats-ambientals-de-linstitut-joan-sola-institut-dalpicat-i-alumnat-de-batxillerat","status":"publish","type":"post","link":"https:\/\/agora.xtec.cat\/institut-torrefarrera\/general\/activitat-formativa-a-lalzinar-de-torrefarrera-amb-delegats-ambientals-de-linstitut-joan-sola-institut-dalpicat-i-alumnat-de-batxillerat\/","title":{"rendered":"Activitat formativa a l\u2019Alzinar de Torrefarrera amb delegats ambientals de l\u2019institut Joan Sol\u00e0, Institut d\u2019Alpicat i alumnat de batxillerat."},"content":{"rendered":"<p><span style=\"font-weight: 400;\">El passat dijous 9 d\u2019abril, l\u2019Alzinar de Torrefarrera va acollir una activitat formativa adre\u00e7ada als delegats ambientals de l\u2019Institut Joan Sol\u00e0 i als delegats verds de l\u2019Institut d\u2019Alpicat, en el marc del treball conjunt dels programes de sostenibilitat dels dos centres. Posteriorment, la mateixa activitat es va repetir amb l\u2019alumnat de Biologia de 1r de batxillerat de l\u2019Institut Joan Sol\u00e0.<\/span><\/p>\n<p><a href=\"https:\/\/agora.xtec.cat\/institut-torrefarrera\/wp-content\/uploads\/usu847\/2026\/04\/20260409_124833.jpg\"><img loading=\"lazy\" decoding=\"async\" class=\"alignnone size-full wp-image-14840\" src=\"https:\/\/agora.xtec.cat\/institut-torrefarrera\/wp-content\/uploads\/usu847\/2026\/04\/20260409_124833.jpg\" alt=\"\" width=\"1170\" height=\"878\" srcset=\"https:\/\/agora.xtec.cat\/institut-torrefarrera\/wp-content\/uploads\/usu847\/2026\/04\/20260409_124833.jpg 1170w, https:\/\/agora.xtec.cat\/institut-torrefarrera\/wp-content\/uploads\/usu847\/2026\/04\/20260409_124833-300x225.jpg 300w, https:\/\/agora.xtec.cat\/institut-torrefarrera\/wp-content\/uploads\/usu847\/2026\/04\/20260409_124833-1024x768.jpg 1024w, https:\/\/agora.xtec.cat\/institut-torrefarrera\/wp-content\/uploads\/usu847\/2026\/04\/20260409_124833-768x576.jpg 768w, https:\/\/agora.xtec.cat\/institut-torrefarrera\/wp-content\/uploads\/usu847\/2026\/04\/20260409_124833-200x150.jpg 200w\" sizes=\"auto, (max-width: 1170px) 100vw, 1170px\" \/><\/a><\/p>\n<p><span style=\"font-weight: 400;\">La sessi\u00f3 va comptar amb la participaci\u00f3 d\u2019una t\u00e8cnica forestal del Departament d\u2019Agricultura, Ramaderia, Pesca i Alimentaci\u00f3 de la Generalitat de Catalunya, que va oferir una explicaci\u00f3 sobre diferents aspectes rellevants de l\u2019ecosistema de l\u2019alzinar. Durant la seva intervenci\u00f3, tamb\u00e9 va mostrar instruments de mesura espec\u00edfics utilitzats en treball forestal, com la barrina i la forc\u00edpula, explicant-ne el funcionament i la seva utilitat en l\u2019estudi dels arbres.<\/span><\/p>\n<p><span style=\"font-weight: 400;\">Un dels punts destacats de la jornada va ser la interpretaci\u00f3 del paisatge a partir de l\u2019an\u00e0lisi d\u2019imatges a\u00e8ries actuals i hist\u00f2riques dels anys 50. Aquesta comparativa va permetre als participants comprendre l\u2019evoluci\u00f3 del territori al llarg del temps i reflexionar sobre els canvis en l\u2019\u00fas del s\u00f2l i la transformaci\u00f3 del medi natural.<\/span><\/p>\n<p><span style=\"font-weight: 400;\">Despr\u00e9s de l\u2019explicaci\u00f3 de la t\u00e8cnica forestal, els participants van realitzar estimacions de l\u2019edat de les alzines a partir del per\u00edmetre del tronc. Tamb\u00e9 van dur a terme la mesura de l\u2019al\u00e7ada dels arbres utilitzant l\u2019ombra projectada i aplicant el teorema de Tales, integrant aix\u00ed continguts matem\u00e0tics en un context real de treball de camp.<\/span><\/p>\n<p><a href=\"https:\/\/agora.xtec.cat\/institut-torrefarrera\/wp-content\/uploads\/usu847\/2026\/04\/20260409_123609.jpg\"><img loading=\"lazy\" decoding=\"async\" class=\"alignnone size-full wp-image-14841\" src=\"https:\/\/agora.xtec.cat\/institut-torrefarrera\/wp-content\/uploads\/usu847\/2026\/04\/20260409_123609.jpg\" alt=\"\" width=\"1170\" height=\"878\" srcset=\"https:\/\/agora.xtec.cat\/institut-torrefarrera\/wp-content\/uploads\/usu847\/2026\/04\/20260409_123609.jpg 1170w, https:\/\/agora.xtec.cat\/institut-torrefarrera\/wp-content\/uploads\/usu847\/2026\/04\/20260409_123609-300x225.jpg 300w, https:\/\/agora.xtec.cat\/institut-torrefarrera\/wp-content\/uploads\/usu847\/2026\/04\/20260409_123609-1024x768.jpg 1024w, https:\/\/agora.xtec.cat\/institut-torrefarrera\/wp-content\/uploads\/usu847\/2026\/04\/20260409_123609-768x576.jpg 768w, https:\/\/agora.xtec.cat\/institut-torrefarrera\/wp-content\/uploads\/usu847\/2026\/04\/20260409_123609-200x150.jpg 200w\" sizes=\"auto, (max-width: 1170px) 100vw, 1170px\" \/><\/a><\/p>\n<p><span style=\"font-weight: 400;\">Un cop finalitzada l\u2019activitat a l\u2019Alzinar, els delegats ambientals de l\u2019Institut d\u2019Alpicat van poder visitar diferents espais i projectes de centre vinculats al <a href=\"https:\/\/sites.google.com\/site\/escolaverdainstitutjoansola\/home?authuser=0\" target=\"_blank\" rel=\"noopener\">programa Escola Verda Joan Sol\u00e0<\/a>, guiats pel coordinador ambiental, qui va presentar diverses iniciatives de sostenibilitat desenvolupades al centre.<\/span><\/p>\n<p><span style=\"font-weight: 400;\">En conjunt, es tracta d\u2019una activitat intercentre que busca generar sinergies i refor\u00e7ar el treball col\u00b7laboratiu entre instituts dins del marc del programa Escola Verda, afavorint l\u2019intercanvi d\u2019experi\u00e8ncies i el comprom\u00eds compartit amb la sostenibilitat.<\/span><\/p>\n<p><span style=\"font-weight: 400;\">Aquesta iniciativa s\u2019emmarca en les l\u00ednies de treball dels programes Escola Verda i en el comprom\u00eds dels centres amb l\u2019educaci\u00f3 ambiental i la sostenibilitat.<\/span><\/p>\n<p><a href=\"https:\/\/photos.app.goo.gl\/QfP1s1LLsA9VCCV3A\" target=\"_blank\" rel=\"noopener\">ENLLA\u00c7 A LES IMATGES DE L&#8217;ACTIVITAT<\/a><\/p>\n<p><a href=\"https:\/\/sites.google.com\/site\/escolaverdainstitutjoansola\/apadrinem-lalzinar\/accions-per-lalzinar?authuser=0\" target=\"_blank\" rel=\"noopener\">Enlla\u00e7 a altres accions del programa Apadrinem l&#8217;Alzinar<\/a><\/p>\n<p><a href=\"https:\/\/agora.xtec.cat\/institut-torrefarrera\/wp-content\/uploads\/usu847\/2026\/04\/20260409_124820.jpg\"><img loading=\"lazy\" decoding=\"async\" class=\"alignnone size-full wp-image-14842\" src=\"https:\/\/agora.xtec.cat\/institut-torrefarrera\/wp-content\/uploads\/usu847\/2026\/04\/20260409_124820.jpg\" alt=\"\" width=\"1170\" height=\"878\" srcset=\"https:\/\/agora.xtec.cat\/institut-torrefarrera\/wp-content\/uploads\/usu847\/2026\/04\/20260409_124820.jpg 1170w, https:\/\/agora.xtec.cat\/institut-torrefarrera\/wp-content\/uploads\/usu847\/2026\/04\/20260409_124820-300x225.jpg 300w, https:\/\/agora.xtec.cat\/institut-torrefarrera\/wp-content\/uploads\/usu847\/2026\/04\/20260409_124820-1024x768.jpg 1024w, https:\/\/agora.xtec.cat\/institut-torrefarrera\/wp-content\/uploads\/usu847\/2026\/04\/20260409_124820-768x576.jpg 768w, https:\/\/agora.xtec.cat\/institut-torrefarrera\/wp-content\/uploads\/usu847\/2026\/04\/20260409_124820-200x150.jpg 200w\" sizes=\"auto, (max-width: 1170px) 100vw, 1170px\" \/><\/a><\/p>\n","protected":false},"excerpt":{"rendered":"<p>El passat dijous 9 d\u2019abril, l\u2019Alzinar de Torrefarrera va acollir una activitat formativa adre\u00e7ada als delegats ambientals de l\u2019Institut Joan Sol\u00e0 i als delegats verds de l\u2019Institut d\u2019Alpicat, en el marc del treball conjunt dels programes de sostenibilitat dels dos centres. Posteriorment, la mateixa activitat&hellip;  <a href=\"https:\/\/agora.xtec.cat\/institut-torrefarrera\/general\/activitat-formativa-a-lalzinar-de-torrefarrera-amb-delegats-ambientals-de-linstitut-joan-sola-institut-dalpicat-i-alumnat-de-batxillerat\/\" title=\"Read Activitat formativa a l\u2019Alzinar de Torrefarrera amb delegats ambientals de l\u2019institut Joan Sol\u00e0, Institut d\u2019Alpicat i alumnat de batxillerat.\">Llegeix m\u00e9s\u00bb<\/a><\/p>\n","protected":false},"author":1,"featured_media":14840,"comment_status":"closed","ping_status":"open","sticky":false,"template":"","format":"standard","meta":{"_bbp_topic_count":0,"_bbp_reply_count":0,"_bbp_total_topic_count":0,"_bbp_total_reply_count":0,"_bbp_voice_count":0,"_bbp_anonymous_reply_count":0,"_bbp_topic_count_hidden":0,"_bbp_reply_count_hidden":0,"_bbp_forum_subforum_count":0,"footnotes":""},"categories":[491,124,1,108,111,128],"tags":[],"class_list":["post-14838","post","type-post","status-publish","format-standard","has-post-thumbnail","hentry","category-ambaixada-parlament-europeu","category-escola-verda","category-general","category-projectes-de-centre","category-sortides","category-valors-etics"],"post_mailing_queue_ids":[],"_links":{"self":[{"href":"https:\/\/agora.xtec.cat\/institut-torrefarrera\/wp-json\/wp\/v2\/posts\/14838","targetHints":{"allow":["GET"]}}],"collection":[{"href":"https:\/\/agora.xtec.cat\/institut-torrefarrera\/wp-json\/wp\/v2\/posts"}],"about":[{"href":"https:\/\/agora.xtec.cat\/institut-torrefarrera\/wp-json\/wp\/v2\/types\/post"}],"author":[{"embeddable":true,"href":"https:\/\/agora.xtec.cat\/institut-torrefarrera\/wp-json\/wp\/v2\/users\/1"}],"replies":[{"embeddable":true,"href":"https:\/\/agora.xtec.cat\/institut-torrefarrera\/wp-json\/wp\/v2\/comments?post=14838"}],"version-history":[{"count":1,"href":"https:\/\/agora.xtec.cat\/institut-torrefarrera\/wp-json\/wp\/v2\/posts\/14838\/revisions"}],"predecessor-version":[{"id":14843,"href":"https:\/\/agora.xtec.cat\/institut-torrefarrera\/wp-json\/wp\/v2\/posts\/14838\/revisions\/14843"}],"wp:featuredmedia":[{"embeddable":true,"href":"https:\/\/agora.xtec.cat\/institut-torrefarrera\/wp-json\/wp\/v2\/media\/14840"}],"wp:attachment":[{"href":"https:\/\/agora.xtec.cat\/institut-torrefarrera\/wp-json\/wp\/v2\/media?parent=14838"}],"wp:term":[{"taxonomy":"category","embeddable":true,"href":"https:\/\/agora.xtec.cat\/institut-torrefarrera\/wp-json\/wp\/v2\/categories?post=14838"},{"taxonomy":"post_tag","embeddable":true,"href":"https:\/\/agora.xtec.cat\/institut-torrefarrera\/wp-json\/wp\/v2\/tags?post=14838"}],"curies":[{"name":"wp","href":"https:\/\/api.w.org\/{rel}","templated":true}]}}