{"id":13503,"date":"2024-11-27T11:23:40","date_gmt":"2024-11-27T10:23:40","guid":{"rendered":"https:\/\/agora.xtec.cat\/institut-torrefarrera\/?p=13503"},"modified":"2024-11-27T16:09:54","modified_gmt":"2024-11-27T15:09:54","slug":"naix-lassemblea-feminista-de-linstitut-joan-sola","status":"publish","type":"post","link":"https:\/\/agora.xtec.cat\/institut-torrefarrera\/general\/naix-lassemblea-feminista-de-linstitut-joan-sola\/","title":{"rendered":"Naix l&#8217;assemblea feminista de l&#8217;institut Joan Sol\u00e0"},"content":{"rendered":"<p>El nostre centre ha constitu\u00eft una <span class=\"il\">assemblea<\/span> feminista autogestionada. Principalment, els seus objectius s\u00f3n facilitar un espai de reflexi\u00f3, debat i acci\u00f3 a les persones adolescents que tenen inquietuds en aquests \u00e0mbits i treballar-ho des de l&#8217;educaci\u00f3. A m\u00e9s, es pret\u00e9n promoure la participaci\u00f3 de l\u2019alumnat en les iniciatives del Dia Internacional contra la Viol\u00e8ncia de G\u00e8nere, el Dia Internacional de la Dona, el Dia internacional contra la LGTBIf\u00f2bia i altres propostes que puguin anar sorgint.<\/p>\n<p>L&#8217;assemblea feminista de l&#8217;institut Joan Sol\u00e0 naix arran de la IV Jornada Joves i Feministes que va tenir lloc el passat 16 de novembre a Lleida, organitzada per l&#8217;Associaci\u00f3 Lika. Aquesta entitat que treballa per la igualtat, els feminismes i la coeducaci\u00f3, va proposar-nos la creaci\u00f3 d&#8217;aquesta mena de comit\u00e8. Per part nostra, al llarg d&#8217;aquests darrers dies hem anat informant l\u2019alumnat d&#8217;aquesta possibilitat per tal que s&#8217;hi poguessin unir si aix\u00ed ho desitjaven.<\/p>\n<p>El projecte AFI (Assemblees Feministes als Instituts) doncs, \u00e9s una proposta de l&#8217;Associaci\u00f3 LIKA. L\u2019assemblea del nostre institut compta amb 12 persones, dos de 2n ESO, quatre de 3r d&#8217;ESO, cinc de 4t d&#8217;ESO i una de 1r Batxillerat. No obstant, si hi ha alg\u00fa que est\u00e0 interessat encara s&#8217;hi pot inscriure.<\/p>\n<p>A partir d&#8217;ara, LIKA oferir\u00e0 6 sessions de formaci\u00f3 sobre feminismes i associacionisme a aquest grup i despr\u00e9s comen\u00e7aran amb les trobades peri\u00f2diques i les accions que vulguin dur a terme. Es pret\u00e9n que sigui un assemblea autogestionada pel propi alumnat i el centre i el professorat acompanyin en el proc\u00e9s.<\/p>\n","protected":false},"excerpt":{"rendered":"<p>El nostre centre ha constitu\u00eft una assemblea feminista autogestionada. Principalment, els seus objectius s\u00f3n facilitar un espai de reflexi\u00f3, debat i acci\u00f3 a les persones adolescents que tenen inquietuds en aquests \u00e0mbits i treballar-ho des de l&#8217;educaci\u00f3. A m\u00e9s, es pret\u00e9n promoure la participaci\u00f3 de&hellip;  <a href=\"https:\/\/agora.xtec.cat\/institut-torrefarrera\/general\/naix-lassemblea-feminista-de-linstitut-joan-sola\/\" title=\"Read Naix l&#8217;assemblea feminista de l&#8217;institut Joan Sol\u00e0\">Llegeix m\u00e9s\u00bb<\/a><\/p>\n","protected":false},"author":1,"featured_media":13505,"comment_status":"open","ping_status":"closed","sticky":false,"template":"","format":"standard","meta":{"_bbp_topic_count":0,"_bbp_reply_count":0,"_bbp_total_topic_count":0,"_bbp_total_reply_count":0,"_bbp_voice_count":0,"_bbp_anonymous_reply_count":0,"_bbp_topic_count_hidden":0,"_bbp_reply_count_hidden":0,"_bbp_forum_subforum_count":0,"footnotes":""},"categories":[110,1,29,128],"tags":[509,510,508],"class_list":["post-13503","post","type-post","status-publish","format-standard","has-post-thumbnail","hentry","category-difusio","category-general","category-portada","category-valors-etics","tag-assemblea-feminista","tag-associacio-lika","tag-feminisme"],"post_mailing_queue_ids":[],"_links":{"self":[{"href":"https:\/\/agora.xtec.cat\/institut-torrefarrera\/wp-json\/wp\/v2\/posts\/13503","targetHints":{"allow":["GET"]}}],"collection":[{"href":"https:\/\/agora.xtec.cat\/institut-torrefarrera\/wp-json\/wp\/v2\/posts"}],"about":[{"href":"https:\/\/agora.xtec.cat\/institut-torrefarrera\/wp-json\/wp\/v2\/types\/post"}],"author":[{"embeddable":true,"href":"https:\/\/agora.xtec.cat\/institut-torrefarrera\/wp-json\/wp\/v2\/users\/1"}],"replies":[{"embeddable":true,"href":"https:\/\/agora.xtec.cat\/institut-torrefarrera\/wp-json\/wp\/v2\/comments?post=13503"}],"version-history":[{"count":3,"href":"https:\/\/agora.xtec.cat\/institut-torrefarrera\/wp-json\/wp\/v2\/posts\/13503\/revisions"}],"predecessor-version":[{"id":13525,"href":"https:\/\/agora.xtec.cat\/institut-torrefarrera\/wp-json\/wp\/v2\/posts\/13503\/revisions\/13525"}],"wp:featuredmedia":[{"embeddable":true,"href":"https:\/\/agora.xtec.cat\/institut-torrefarrera\/wp-json\/wp\/v2\/media\/13505"}],"wp:attachment":[{"href":"https:\/\/agora.xtec.cat\/institut-torrefarrera\/wp-json\/wp\/v2\/media?parent=13503"}],"wp:term":[{"taxonomy":"category","embeddable":true,"href":"https:\/\/agora.xtec.cat\/institut-torrefarrera\/wp-json\/wp\/v2\/categories?post=13503"},{"taxonomy":"post_tag","embeddable":true,"href":"https:\/\/agora.xtec.cat\/institut-torrefarrera\/wp-json\/wp\/v2\/tags?post=13503"}],"curies":[{"name":"wp","href":"https:\/\/api.w.org\/{rel}","templated":true}]}}