{"id":12619,"date":"2023-12-21T09:38:45","date_gmt":"2023-12-21T08:38:45","guid":{"rendered":"https:\/\/agora.xtec.cat\/institut-torrefarrera\/?p=12619"},"modified":"2023-12-21T09:38:45","modified_gmt":"2023-12-21T08:38:45","slug":"com-es-tria-la-musica-de-lentrada-a-linstitut","status":"publish","type":"post","link":"https:\/\/agora.xtec.cat\/institut-torrefarrera\/general\/com-es-tria-la-musica-de-lentrada-a-linstitut\/","title":{"rendered":"Com es tria la m\u00fasica de l&#8217;entrada a l&#8217;institut?"},"content":{"rendered":"<p lang=\"ca-ES\" align=\"justify\"><a href=\"https:\/\/agora.xtec.cat\/institut-torrefarrera\/wp-content\/uploads\/usu847\/2023\/12\/image_50415617-1-scaled.jpg\"><img loading=\"lazy\" decoding=\"async\" class=\"alignnone size-large wp-image-12620\" src=\"https:\/\/agora.xtec.cat\/institut-torrefarrera\/wp-content\/uploads\/usu847\/2023\/12\/image_50415617-1-1024x768.jpg\" alt=\"\" width=\"1024\" height=\"768\" srcset=\"https:\/\/agora.xtec.cat\/institut-torrefarrera\/wp-content\/uploads\/usu847\/2023\/12\/image_50415617-1-1024x768.jpg 1024w, https:\/\/agora.xtec.cat\/institut-torrefarrera\/wp-content\/uploads\/usu847\/2023\/12\/image_50415617-1-300x225.jpg 300w, https:\/\/agora.xtec.cat\/institut-torrefarrera\/wp-content\/uploads\/usu847\/2023\/12\/image_50415617-1-768x576.jpg 768w, https:\/\/agora.xtec.cat\/institut-torrefarrera\/wp-content\/uploads\/usu847\/2023\/12\/image_50415617-1-1536x1152.jpg 1536w, https:\/\/agora.xtec.cat\/institut-torrefarrera\/wp-content\/uploads\/usu847\/2023\/12\/image_50415617-1-2048x1536.jpg 2048w, https:\/\/agora.xtec.cat\/institut-torrefarrera\/wp-content\/uploads\/usu847\/2023\/12\/image_50415617-1-200x150.jpg 200w\" sizes=\"auto, (max-width: 1024px) 100vw, 1024px\" \/><\/a><\/p>\n<p class=\"western\" lang=\"ca-ES\" align=\"justify\"><span style=\"font-family: Times New Roman, serif;\"><span style=\"font-size: medium;\">L\u2019alumnat de l\u2019optativa de m\u00fasica de 4t, som els encarregats de triar les m\u00fasiques que sonen durant els timbres d\u2019entrada, sortida i patis. Per fer-ho, seguim uns passos i unes normes ben establerts:<\/span><\/span><\/p>\n<ul>\n<li>\n<p lang=\"ca-ES\" align=\"justify\"><span style=\"font-family: Times New Roman, serif;\"><span style=\"font-size: medium;\">Triem dues can\u00e7ons, una en catal\u00e0 i l\u2019altra en qualsevol altre idioma. Una pel timbre de 1r i 2n d\u2019ESO i l\u2019altra pel de 3r i 4t.<\/span><\/span><\/p>\n<\/li>\n<li>\n<p lang=\"ca-ES\" align=\"justify\"><span style=\"font-family: Times New Roman, serif;\"><span style=\"font-size: medium;\">Les lletres no poden incloure paraules malsonants ni faltar el respecte a ning\u00fa.<\/span><\/span><\/p>\n<\/li>\n<li>\n<p lang=\"ca-ES\" align=\"justify\"><span style=\"font-family: Times New Roman, serif;\"><span style=\"font-size: medium;\">Han de ser animades per fer-nos venir ganes d\u2019entrar a classe, que de vegades no \u00e9s f\u00e0cil.<\/span><\/span><\/p>\n<\/li>\n<\/ul>\n<p class=\"western\" lang=\"ca-ES\" align=\"justify\"><span style=\"font-family: Times New Roman, serif;\"><span style=\"font-size: medium;\">Busquem els aniversaris dels int\u00e8rprets o compositors de les m\u00fasiques i posem la seva can\u00e7\u00f3 durant els dies que coincideixen amb la seva celebraci\u00f3. Altres can\u00e7ons, les triem simplement perqu\u00e8 ens agraden. Tamb\u00e9 podem decidir les m\u00fasiques per tem\u00e0tiques. Tot aix\u00f2, sempre per votaci\u00f3 entre tot l\u2019alumnat de classe.<\/span><\/span><\/p>\n<p class=\"western\" lang=\"ca-ES\" align=\"justify\"><span style=\"font-family: Times New Roman, serif;\"><span style=\"font-size: medium;\">Quan ja tenim les dues m\u00fasiques triades, cada alumne decideix quina de les dues can\u00e7ons voldr\u00e0 arreglar i la treballa amb l\u2019Audacity, que \u00e9s un editor de so. Triem els 2 minuts m\u00e9s representatius de la m\u00fasica, la tallem, arreglem el principi i el final i la baixem en mp3 i en wav. Aleshores, l\u2019enviem a la tasca del Classroom. La professora, escolta tots els talls i en tria dos, que seran els que sonaran. Aquest proc\u00e9s el fem cada dues setmanes. <\/span><\/span><\/p>\n<p class=\"western\" lang=\"ca-ES\" align=\"justify\"><span style=\"font-family: Times New Roman, serif;\"><span style=\"font-size: medium;\">Al mateix temps, fem el cartell que penjarem al hall de l\u2019institut, que cont\u00e9 el t\u00edtol de la can\u00e7\u00f3, l\u2019int\u00e8rpret i una frase que descriu la m\u00fasica o b\u00e9 el motiu pel qual l\u2019hem triat. D\u2019aquesta manera, tothom pot saber qu\u00e8 escolta durant els timbres i aix\u00ed ampliem la cultura musical de tota la comunitat educativa.<\/span><\/span><\/p>\n<p lang=\"ca-ES\" align=\"justify\">Departament de m\u00fasica<\/p>\n","protected":false},"excerpt":{"rendered":"<p><a href=\"https:\/\/agora.xtec.cat\/institut-torrefarrera\/wp-content\/uploads\/usu847\/2023\/12\/image_50415617-1-scaled.jpg\"><\/a><br \/>\nL\u2019alumnat de l\u2019optativa de m\u00fasica de 4t, som els encarregats de triar les m\u00fasiques que sonen durant els timbres d\u2019entrada, sortida i patis. Per fer-ho, seguim uns passos i unes normes ben establerts:<\/p>\n<ul>\n<li>\nTriem dues can\u00e7ons, una en catal\u00e0 i l\u2019altra en qualsevol altre idioma.&hellip;  <a href=\"https:\/\/agora.xtec.cat\/institut-torrefarrera\/general\/com-es-tria-la-musica-de-lentrada-a-linstitut\/\" title=\"Read Com es tria la m\u00fasica de l&#8217;entrada a l&#8217;institut?\">Llegeix m\u00e9s\u00bb<\/a><\/p>\n","protected":false},"author":359,"featured_media":12620,"comment_status":"open","ping_status":"closed","sticky":false,"template":"","format":"standard","meta":{"_bbp_topic_count":0,"_bbp_reply_count":0,"_bbp_total_topic_count":0,"_bbp_total_reply_count":0,"_bbp_voice_count":0,"_bbp_anonymous_reply_count":0,"_bbp_topic_count_hidden":0,"_bbp_reply_count_hidden":0,"_bbp_forum_subforum_count":0,"footnotes":""},"categories":[1],"tags":[],"class_list":["post-12619","post","type-post","status-publish","format-standard","has-post-thumbnail","hentry","category-general"],"post_mailing_queue_ids":[],"_links":{"self":[{"href":"https:\/\/agora.xtec.cat\/institut-torrefarrera\/wp-json\/wp\/v2\/posts\/12619","targetHints":{"allow":["GET"]}}],"collection":[{"href":"https:\/\/agora.xtec.cat\/institut-torrefarrera\/wp-json\/wp\/v2\/posts"}],"about":[{"href":"https:\/\/agora.xtec.cat\/institut-torrefarrera\/wp-json\/wp\/v2\/types\/post"}],"author":[{"embeddable":true,"href":"https:\/\/agora.xtec.cat\/institut-torrefarrera\/wp-json\/wp\/v2\/users\/359"}],"replies":[{"embeddable":true,"href":"https:\/\/agora.xtec.cat\/institut-torrefarrera\/wp-json\/wp\/v2\/comments?post=12619"}],"version-history":[{"count":2,"href":"https:\/\/agora.xtec.cat\/institut-torrefarrera\/wp-json\/wp\/v2\/posts\/12619\/revisions"}],"predecessor-version":[{"id":12622,"href":"https:\/\/agora.xtec.cat\/institut-torrefarrera\/wp-json\/wp\/v2\/posts\/12619\/revisions\/12622"}],"wp:featuredmedia":[{"embeddable":true,"href":"https:\/\/agora.xtec.cat\/institut-torrefarrera\/wp-json\/wp\/v2\/media\/12620"}],"wp:attachment":[{"href":"https:\/\/agora.xtec.cat\/institut-torrefarrera\/wp-json\/wp\/v2\/media?parent=12619"}],"wp:term":[{"taxonomy":"category","embeddable":true,"href":"https:\/\/agora.xtec.cat\/institut-torrefarrera\/wp-json\/wp\/v2\/categories?post=12619"},{"taxonomy":"post_tag","embeddable":true,"href":"https:\/\/agora.xtec.cat\/institut-torrefarrera\/wp-json\/wp\/v2\/tags?post=12619"}],"curies":[{"name":"wp","href":"https:\/\/api.w.org\/{rel}","templated":true}]}}