{"id":12316,"date":"2023-10-02T19:17:59","date_gmt":"2023-10-02T17:17:59","guid":{"rendered":"https:\/\/agora.xtec.cat\/institut-torrefarrera\/?p=12316"},"modified":"2023-10-02T21:58:08","modified_gmt":"2023-10-02T19:58:08","slug":"octubre-el-mes-de-la-salut-i-el-benestar","status":"publish","type":"post","link":"https:\/\/agora.xtec.cat\/institut-torrefarrera\/general\/octubre-el-mes-de-la-salut-i-el-benestar\/","title":{"rendered":"Octubre, el mes de la salut i el benestar"},"content":{"rendered":"<p style=\"text-align: left;\">Amb l&#8217;inici del nou curs comen\u00e7a tamb\u00e9 una nova manera de fer a l&#8217;institut Joan Sol\u00e0. Aquest any, i tenint en compte els desafiaments ambientals, pol\u00edtics i econ\u00f2mics als que s&#8217;enfronta la nostra societat, incorporem els <a href=\"https:\/\/educacio.gencat.cat\/ca\/departament\/linies-estrategiques\/ods\/els-17-ods\/\">Objectius de Desenvolupament Sostenible (ODS)<\/a> al dia a dia del nostre centre, de manera que l&#8217;institut passa a ser un espai d\u2019experi\u00e8ncies per al desenvolupament sostenible. Els ODS, que ja formen part del nou curr\u00edculum de secund\u00e0ria, estan inclosos en la resoluci\u00f3 &#8220;Agenda 2030: transformar el nostre m\u00f3n&#8221;, creada per les Nacions Unides i aprovada l&#8217;any 2015 amb l&#8217;objectiu de fer front als reptes globals de la humanitat.<\/p>\n<p>L&#8217;objectiu d&#8217;aquest curs 2023-2024 \u00e9s con\u00e8ixer i treballar m\u00e9s a fons alguns d&#8217;aquests 17 objectius, que van des de l&#8217;acci\u00f3 clim\u00e0tica a l&#8217;educaci\u00f3 de qualitat passant per la igualtat de g\u00e8nere i l&#8217;acc\u00e9s als recursos h\u00eddrics, entre altres. En aquest sentit, cada mes es treballar\u00e0 m\u00e9s a fons un dels ODS, de manera que l&#8217;alumnat pugui desenvolupar aprenentatges a l&#8217;entorn d&#8217;aquestes fites. Aix\u00ed, <strong>durant el mes d&#8217;octubre ens centrarem en el repte n\u00famero 3 Salut i benestar<\/strong>. Al llarg d&#8217;aquests dies es duran a terme <span style=\"font-family: inherit; font-size: 1em;\">m\u00e8todes participatius d\u2019ensenyament i aprenentatge sobre la vida sana i el benestar de les persones que a la vegada estaran centrats en l\u2019alumnat i orientats cap a l\u2019acci\u00f3 i la transformaci\u00f3.<\/span><\/p>\n<p><a href=\"https:\/\/agora.xtec.cat\/institut-torrefarrera\/wp-content\/uploads\/usu847\/2023\/10\/ODS3.png\"><img loading=\"lazy\" decoding=\"async\" class=\"alignnone wp-image-12318 size-medium\" src=\"https:\/\/agora.xtec.cat\/institut-torrefarrera\/wp-content\/uploads\/usu847\/2023\/10\/ODS3-300x300.png\" alt=\"ODS3\" width=\"300\" height=\"300\" srcset=\"https:\/\/agora.xtec.cat\/institut-torrefarrera\/wp-content\/uploads\/usu847\/2023\/10\/ODS3-300x300.png 300w, https:\/\/agora.xtec.cat\/institut-torrefarrera\/wp-content\/uploads\/usu847\/2023\/10\/ODS3-1024x1024.png 1024w, https:\/\/agora.xtec.cat\/institut-torrefarrera\/wp-content\/uploads\/usu847\/2023\/10\/ODS3-150x150.png 150w, https:\/\/agora.xtec.cat\/institut-torrefarrera\/wp-content\/uploads\/usu847\/2023\/10\/ODS3-768x768.png 768w, https:\/\/agora.xtec.cat\/institut-torrefarrera\/wp-content\/uploads\/usu847\/2023\/10\/ODS3.png 1080w\" sizes=\"auto, (max-width: 300px) 100vw, 300px\" \/><\/a><\/p>\n<h2>Qu\u00e8 fem al nostre centre?<\/h2>\n<p>L&#8217;institut Joan Sol\u00e0 ha recorregut un llarg cam\u00ed en mat\u00e8ria de sostenibilitat i ecologia, equitat i just\u00edcia i reducci\u00f3 de les desigualtats, entre altres refer\u00e8ncies als reptes globals. Som un centre que forma part de la xarxa d&#8217;<a href=\"https:\/\/xtec.gencat.cat\/ca\/projectes\/escoles-verdes\/\">Escoles Verdes<\/a>; garantim el bon clima escolar a trav\u00e9s del projecte de conviv\u00e8ncia; promovem les accions de comprom\u00eds c\u00edvic a trav\u00e9s del Servei Comunitari i al llarg de l&#8217;any duem a terme projectes, activitats puntuals com la <a href=\"https:\/\/agora.xtec.cat\/institut-torrefarrera\/general\/ja-tenim-aqui-la-vi-marxa-solidaria-i-sostenible-de-linstitut-joan-sola\/\">Marxa Joan Sol\u00e0<\/a> i celebracions de diades mundials.<\/p>\n<p>D&#8217;altra banda, cal recordar que s\u00f3n moltes les mat\u00e8ries que ofereix el centre que ja treballen continguts i compet\u00e8ncies curriculars des de la perspectiva dels ODS, de manera que l&#8217;aprenentatge esdev\u00e9 molt m\u00e9s globalitzat. Alguns exemples s\u00f3n les <a href=\"https:\/\/agora.xtec.cat\/institut-torrefarrera\/general\/exposicio-sobre-les-desigualtats-en-el-dia-de-la-dona-8-de-marc\/\">exposicions sobre les desigualtats en el Dia de la Dona<\/a>, la <a href=\"https:\/\/agora.xtec.cat\/institut-torrefarrera\/general\/sortida-de-2n-eso-a-almatret-projecte-almia-per-entendre-millor-les-energies\/\">visita a Almatret<\/a> per con\u00e8ixer de m\u00e9s a prop les energies renovables, el <a href=\"https:\/\/agora.xtec.cat\/institut-torrefarrera\/general\/mercat-de-roba-de-2a-ma-organitzat-dins-els-projectes-de-3r-eso\/\">Mercat d&#8217;intercanvi de roba<\/a> de segona m\u00e0 i l&#8217;evoluci\u00f3 del nostre hort ecol\u00f2gic, ubicat al pati de l&#8217;institut.<\/p>\n<h2>Per qu\u00e8 \u00e9s important incorporar els ODS a l&#8217;aula?<\/h2>\n<p>Els ODS a l\u2019aula s\u00f3n una excel\u00b7lent forma de desenvolupar projectes basats en un producte final que l&#8217;alumnat, a m\u00e9s, pot treballar de forma col\u00b7laborativa. A m\u00e9s, els ODS permeten connectar amb la realitat m\u00e9s propera, uns reptes que els joves poden trobar en el seu dia a dia. Finalment, el treball dels ODS ens permet sentir la veu dels estudiants, capacitant-los per prendre decisions, i per reflexionar amb exemples sobre quines accions volen portar a terme, o quines volen realitzar per <a href=\"https:\/\/agora.xtec.cat\/institut-torrefarrera\/general\/ens-visiten-les-alcaldies-de-torrefarrera-i-rossello-per-activar-el-projecte-espvila-a-2n-eso\/\">millorar el seu entorn<\/a>.<\/p>\n<p>&nbsp;<\/p>\n","protected":false},"excerpt":{"rendered":"<p>Amb l&#8217;inici del nou curs comen\u00e7a tamb\u00e9 una nova manera de fer a l&#8217;institut Joan Sol\u00e0. Aquest any, i tenint en compte els desafiaments ambientals, pol\u00edtics i econ\u00f2mics als que s&#8217;enfronta la nostra societat, incorporem els <a href=\"https:\/\/educacio.gencat.cat\/ca\/departament\/linies-estrategiques\/ods\/els-17-ods\/\">Objectius de Desenvolupament Sostenible (ODS)<\/a> al dia a&hellip;  <a href=\"https:\/\/agora.xtec.cat\/institut-torrefarrera\/general\/octubre-el-mes-de-la-salut-i-el-benestar\/\" title=\"Read Octubre, el mes de la salut i el benestar\">Llegeix m\u00e9s\u00bb<\/a><\/p>\n","protected":false},"author":1,"featured_media":12319,"comment_status":"open","ping_status":"closed","sticky":false,"template":"","format":"standard","meta":{"_bbp_topic_count":0,"_bbp_reply_count":0,"_bbp_total_topic_count":0,"_bbp_total_reply_count":0,"_bbp_voice_count":0,"_bbp_anonymous_reply_count":0,"_bbp_topic_count_hidden":0,"_bbp_reply_count_hidden":0,"_bbp_forum_subforum_count":0,"footnotes":""},"categories":[110,124,1,108],"tags":[369,366,368,365,222,367],"class_list":["post-12316","post","type-post","status-publish","format-standard","has-post-thumbnail","hentry","category-difusio","category-escola-verda","category-general","category-projectes-de-centre","tag-educacio","tag-ensenyament-globalitzat","tag-equitat","tag-ods","tag-projectes","tag-sostenibilitat"],"post_mailing_queue_ids":[],"_links":{"self":[{"href":"https:\/\/agora.xtec.cat\/institut-torrefarrera\/wp-json\/wp\/v2\/posts\/12316","targetHints":{"allow":["GET"]}}],"collection":[{"href":"https:\/\/agora.xtec.cat\/institut-torrefarrera\/wp-json\/wp\/v2\/posts"}],"about":[{"href":"https:\/\/agora.xtec.cat\/institut-torrefarrera\/wp-json\/wp\/v2\/types\/post"}],"author":[{"embeddable":true,"href":"https:\/\/agora.xtec.cat\/institut-torrefarrera\/wp-json\/wp\/v2\/users\/1"}],"replies":[{"embeddable":true,"href":"https:\/\/agora.xtec.cat\/institut-torrefarrera\/wp-json\/wp\/v2\/comments?post=12316"}],"version-history":[{"count":6,"href":"https:\/\/agora.xtec.cat\/institut-torrefarrera\/wp-json\/wp\/v2\/posts\/12316\/revisions"}],"predecessor-version":[{"id":12326,"href":"https:\/\/agora.xtec.cat\/institut-torrefarrera\/wp-json\/wp\/v2\/posts\/12316\/revisions\/12326"}],"wp:featuredmedia":[{"embeddable":true,"href":"https:\/\/agora.xtec.cat\/institut-torrefarrera\/wp-json\/wp\/v2\/media\/12319"}],"wp:attachment":[{"href":"https:\/\/agora.xtec.cat\/institut-torrefarrera\/wp-json\/wp\/v2\/media?parent=12316"}],"wp:term":[{"taxonomy":"category","embeddable":true,"href":"https:\/\/agora.xtec.cat\/institut-torrefarrera\/wp-json\/wp\/v2\/categories?post=12316"},{"taxonomy":"post_tag","embeddable":true,"href":"https:\/\/agora.xtec.cat\/institut-torrefarrera\/wp-json\/wp\/v2\/tags?post=12316"}],"curies":[{"name":"wp","href":"https:\/\/api.w.org\/{rel}","templated":true}]}}