{"id":12301,"date":"2023-09-26T09:17:55","date_gmt":"2023-09-26T07:17:55","guid":{"rendered":"https:\/\/agora.xtec.cat\/institut-torrefarrera\/?p=12301"},"modified":"2023-09-26T00:38:30","modified_gmt":"2023-09-25T22:38:30","slug":"visita-al-museu-del-cinema-projecte-rcs-3r-deso","status":"publish","type":"post","link":"https:\/\/agora.xtec.cat\/institut-torrefarrera\/general\/visita-al-museu-del-cinema-projecte-rcs-3r-deso\/","title":{"rendered":"Visita al Museu del Cinema. Projecte RCS 3r d&#8217;ESO"},"content":{"rendered":"<p>El divendres dia 22, l&#8217;alumnat de 3r d&#8217;ESO del Projecte &#8220;Darrera la c\u00e0mera de cinema&#8221; vinculat al Programa d&#8217;innovaci\u00f3 Recerca, Creaci\u00f3 i Servei, han visitat el Museu del Cinema &#8211; Col\u00b7lecci\u00f3Tom\u00e0s Mallol a Girona on han realitzat uns tallers en qu\u00e8 han apr\u00e8s les eines b\u00e0siques per crear un curtmetratge.<\/p>\n<p><a href=\"https:\/\/agora.xtec.cat\/institut-torrefarrera\/wp-content\/uploads\/usu847\/2023\/09\/20230922_143108-scaled.jpg\"><img loading=\"lazy\" decoding=\"async\" class=\"alignnone size-full wp-image-12304\" src=\"https:\/\/agora.xtec.cat\/institut-torrefarrera\/wp-content\/uploads\/usu847\/2023\/09\/20230922_143108-scaled.jpg\" alt=\"\" width=\"2560\" height=\"1244\" srcset=\"https:\/\/agora.xtec.cat\/institut-torrefarrera\/wp-content\/uploads\/usu847\/2023\/09\/20230922_143108-scaled.jpg 2560w, https:\/\/agora.xtec.cat\/institut-torrefarrera\/wp-content\/uploads\/usu847\/2023\/09\/20230922_143108-300x146.jpg 300w, https:\/\/agora.xtec.cat\/institut-torrefarrera\/wp-content\/uploads\/usu847\/2023\/09\/20230922_143108-1024x498.jpg 1024w, https:\/\/agora.xtec.cat\/institut-torrefarrera\/wp-content\/uploads\/usu847\/2023\/09\/20230922_143108-768x373.jpg 768w, https:\/\/agora.xtec.cat\/institut-torrefarrera\/wp-content\/uploads\/usu847\/2023\/09\/20230922_143108-1536x746.jpg 1536w, https:\/\/agora.xtec.cat\/institut-torrefarrera\/wp-content\/uploads\/usu847\/2023\/09\/20230922_143108-2048x995.jpg 2048w\" sizes=\"auto, (max-width: 2560px) 100vw, 2560px\" \/><\/a><\/p>\n<p>La sortida tamb\u00e9 els ha portat pels indrets de Girona que han estat escenaris de rodatge de pel\u00b7l\u00edcules o s\u00e8ries.<\/p>\n<p><a href=\"https:\/\/agora.xtec.cat\/institut-torrefarrera\/wp-content\/uploads\/usu847\/2023\/09\/museu-1.jpg\"><img loading=\"lazy\" decoding=\"async\" class=\"alignnone size-full wp-image-12305\" src=\"https:\/\/agora.xtec.cat\/institut-torrefarrera\/wp-content\/uploads\/usu847\/2023\/09\/museu-1.jpg\" alt=\"\" width=\"1859\" height=\"904\" srcset=\"https:\/\/agora.xtec.cat\/institut-torrefarrera\/wp-content\/uploads\/usu847\/2023\/09\/museu-1.jpg 1859w, https:\/\/agora.xtec.cat\/institut-torrefarrera\/wp-content\/uploads\/usu847\/2023\/09\/museu-1-300x146.jpg 300w, https:\/\/agora.xtec.cat\/institut-torrefarrera\/wp-content\/uploads\/usu847\/2023\/09\/museu-1-1024x498.jpg 1024w, https:\/\/agora.xtec.cat\/institut-torrefarrera\/wp-content\/uploads\/usu847\/2023\/09\/museu-1-768x373.jpg 768w, https:\/\/agora.xtec.cat\/institut-torrefarrera\/wp-content\/uploads\/usu847\/2023\/09\/museu-1-1536x747.jpg 1536w\" sizes=\"auto, (max-width: 1859px) 100vw, 1859px\" \/><\/a><\/p>\n<p>A m\u00e9s a m\u00e9s tamb\u00e9 han visitat l&#8217;exposici\u00f3 del museu, on han fet un recorregut pels antecedents del cinena, des de les ombres xineses, la cambra fosca i les primeres fotografies, fins cinemat\u00f2graf dels germans Lumi\u00e8re i els efectes especials de Georges M\u00e9lies.<\/p>\n<p><a href=\"https:\/\/agora.xtec.cat\/institut-torrefarrera\/wp-content\/uploads\/usu847\/2023\/09\/20230922_112453-scaled.jpg\"><img loading=\"lazy\" decoding=\"async\" class=\"alignnone size-full wp-image-12306\" src=\"https:\/\/agora.xtec.cat\/institut-torrefarrera\/wp-content\/uploads\/usu847\/2023\/09\/20230922_112453-scaled.jpg\" alt=\"\" width=\"2560\" height=\"1245\" srcset=\"https:\/\/agora.xtec.cat\/institut-torrefarrera\/wp-content\/uploads\/usu847\/2023\/09\/20230922_112453-scaled.jpg 2560w, https:\/\/agora.xtec.cat\/institut-torrefarrera\/wp-content\/uploads\/usu847\/2023\/09\/20230922_112453-300x146.jpg 300w, https:\/\/agora.xtec.cat\/institut-torrefarrera\/wp-content\/uploads\/usu847\/2023\/09\/20230922_112453-1024x498.jpg 1024w, https:\/\/agora.xtec.cat\/institut-torrefarrera\/wp-content\/uploads\/usu847\/2023\/09\/20230922_112453-768x374.jpg 768w, https:\/\/agora.xtec.cat\/institut-torrefarrera\/wp-content\/uploads\/usu847\/2023\/09\/20230922_112453-1536x747.jpg 1536w, https:\/\/agora.xtec.cat\/institut-torrefarrera\/wp-content\/uploads\/usu847\/2023\/09\/20230922_112453-2048x996.jpg 2048w\" sizes=\"auto, (max-width: 2560px) 100vw, 2560px\" \/><\/a><\/p>\n<p>Trobareu el recull fotogr\u00e0fic <a href=\"https:\/\/photos.app.goo.gl\/13SkBT2H2tqYM5pa8\">aqu\u00ed.<\/a><\/p>\n","protected":false},"excerpt":{"rendered":"<p>El divendres dia 22, l&#8217;alumnat de 3r d&#8217;ESO del Projecte &#8220;Darrera la c\u00e0mera de cinema&#8221; vinculat al Programa d&#8217;innovaci\u00f3 Recerca, Creaci\u00f3 i Servei, han visitat el Museu del Cinema &#8211; Col\u00b7lecci\u00f3Tom\u00e0s Mallol a Girona on han realitzat uns tallers en qu\u00e8 han apr\u00e8s les eines&hellip;  <a href=\"https:\/\/agora.xtec.cat\/institut-torrefarrera\/general\/visita-al-museu-del-cinema-projecte-rcs-3r-deso\/\" title=\"Read Visita al Museu del Cinema. Projecte RCS 3r d&#8217;ESO\">Llegeix m\u00e9s\u00bb<\/a><\/p>\n","protected":false},"author":1,"featured_media":12307,"comment_status":"open","ping_status":"closed","sticky":false,"template":"","format":"standard","meta":{"_bbp_topic_count":0,"_bbp_reply_count":0,"_bbp_total_topic_count":0,"_bbp_total_reply_count":0,"_bbp_voice_count":0,"_bbp_anonymous_reply_count":0,"_bbp_topic_count_hidden":0,"_bbp_reply_count_hidden":0,"_bbp_forum_subforum_count":0,"footnotes":""},"categories":[6,1,108,109],"tags":[],"class_list":["post-12301","post","type-post","status-publish","format-standard","has-post-thumbnail","hentry","category-eso-3","category-general","category-projectes-de-centre","category-treball-per-projectes"],"post_mailing_queue_ids":[],"_links":{"self":[{"href":"https:\/\/agora.xtec.cat\/institut-torrefarrera\/wp-json\/wp\/v2\/posts\/12301","targetHints":{"allow":["GET"]}}],"collection":[{"href":"https:\/\/agora.xtec.cat\/institut-torrefarrera\/wp-json\/wp\/v2\/posts"}],"about":[{"href":"https:\/\/agora.xtec.cat\/institut-torrefarrera\/wp-json\/wp\/v2\/types\/post"}],"author":[{"embeddable":true,"href":"https:\/\/agora.xtec.cat\/institut-torrefarrera\/wp-json\/wp\/v2\/users\/1"}],"replies":[{"embeddable":true,"href":"https:\/\/agora.xtec.cat\/institut-torrefarrera\/wp-json\/wp\/v2\/comments?post=12301"}],"version-history":[{"count":1,"href":"https:\/\/agora.xtec.cat\/institut-torrefarrera\/wp-json\/wp\/v2\/posts\/12301\/revisions"}],"predecessor-version":[{"id":12308,"href":"https:\/\/agora.xtec.cat\/institut-torrefarrera\/wp-json\/wp\/v2\/posts\/12301\/revisions\/12308"}],"wp:featuredmedia":[{"embeddable":true,"href":"https:\/\/agora.xtec.cat\/institut-torrefarrera\/wp-json\/wp\/v2\/media\/12307"}],"wp:attachment":[{"href":"https:\/\/agora.xtec.cat\/institut-torrefarrera\/wp-json\/wp\/v2\/media?parent=12301"}],"wp:term":[{"taxonomy":"category","embeddable":true,"href":"https:\/\/agora.xtec.cat\/institut-torrefarrera\/wp-json\/wp\/v2\/categories?post=12301"},{"taxonomy":"post_tag","embeddable":true,"href":"https:\/\/agora.xtec.cat\/institut-torrefarrera\/wp-json\/wp\/v2\/tags?post=12301"}],"curies":[{"name":"wp","href":"https:\/\/api.w.org\/{rel}","templated":true}]}}