{"id":12147,"date":"2023-06-13T18:56:34","date_gmt":"2023-06-13T16:56:34","guid":{"rendered":"https:\/\/agora.xtec.cat\/institut-torrefarrera\/?p=12147"},"modified":"2023-06-13T18:56:34","modified_gmt":"2023-06-13T16:56:34","slug":"mobilitat-erasmus-a-stahnsdorf-alemanya-i-avaluacio-del-projecte","status":"publish","type":"post","link":"https:\/\/agora.xtec.cat\/institut-torrefarrera\/general\/mobilitat-erasmus-a-stahnsdorf-alemanya-i-avaluacio-del-projecte\/","title":{"rendered":"Mobilitat Erasmus+ a Stahnsdorf (Alemanya) i avaluaci\u00f3 del projecte."},"content":{"rendered":"<p>Aquest mes de maig hem viatjat a Alemanya en les activitats del nostre programa Erasmus+, participant en els projectes AGREE (Actions for Global Reactions Experiencing Erasmus+) i el projecte Olympics-Games Unite! que treballem conjuntament amb el Vicco von B\u00fclow Gymnasium de Stahnsdorf (Alemanya). N&#8217;estem molt orgullosos, ja que l&#8217;intercanvi ha estat positiu en tots els aspectes i a m\u00e9s a m\u00e9s ens ha perm\u00e9s implicar a 33 alumnes de 4t ESO en la mobilitat, i a tot el grup de 4t ESO en les activitats en l\u00ednia.<\/p>\n<p><a href=\"https:\/\/photos.app.goo.gl\/EBjQZFBzLDNh1Msb6\" target=\"_blank\" rel=\"noopener\">En podeu veure un \u00e0lbum d&#8217;imatges aqu\u00ed!<\/a><\/p>\n<p><a href=\"https:\/\/agora.xtec.cat\/institut-torrefarrera\/wp-content\/uploads\/usu847\/2023\/06\/LTTE2527.jpg\"><img loading=\"lazy\" decoding=\"async\" class=\"alignnone size-full wp-image-12148\" src=\"https:\/\/agora.xtec.cat\/institut-torrefarrera\/wp-content\/uploads\/usu847\/2023\/06\/LTTE2527.jpg\" alt=\"\" width=\"1024\" height=\"768\" srcset=\"https:\/\/agora.xtec.cat\/institut-torrefarrera\/wp-content\/uploads\/usu847\/2023\/06\/LTTE2527.jpg 1024w, https:\/\/agora.xtec.cat\/institut-torrefarrera\/wp-content\/uploads\/usu847\/2023\/06\/LTTE2527-300x225.jpg 300w, https:\/\/agora.xtec.cat\/institut-torrefarrera\/wp-content\/uploads\/usu847\/2023\/06\/LTTE2527-768x576.jpg 768w, https:\/\/agora.xtec.cat\/institut-torrefarrera\/wp-content\/uploads\/usu847\/2023\/06\/LTTE2527-200x150.jpg 200w\" sizes=\"auto, (max-width: 1024px) 100vw, 1024px\" \/><\/a><\/p>\n<p>Durant l&#8217;estada, el centre d&#8217;acollida ens va organitzar diverses activitats relacionades amb el projecte AGREE (que tracta sobre el consum responsable i la reducci\u00f3 de deixalles), i amb activitats esportives relacionades amb el segon projecte.<\/p>\n<p>Un cop vam tornar, el grup d&#8217;alumnes de l&#8217;Institut Joan Sol\u00e0 hem fet una valoraci\u00f3 de les activitats del projecte que ben segur que ens servir\u00e0 per continuar millorant en el treball en projectes Erasmus+.<\/p>\n<p><a href=\"https:\/\/agora.xtec.cat\/institut-torrefarrera\/wp-content\/uploads\/usu847\/2023\/06\/20230531_163442.jpg\"><img loading=\"lazy\" decoding=\"async\" class=\"alignnone size-full wp-image-12149\" src=\"https:\/\/agora.xtec.cat\/institut-torrefarrera\/wp-content\/uploads\/usu847\/2023\/06\/20230531_163442.jpg\" alt=\"\" width=\"1104\" height=\"828\" srcset=\"https:\/\/agora.xtec.cat\/institut-torrefarrera\/wp-content\/uploads\/usu847\/2023\/06\/20230531_163442.jpg 1104w, https:\/\/agora.xtec.cat\/institut-torrefarrera\/wp-content\/uploads\/usu847\/2023\/06\/20230531_163442-300x225.jpg 300w, https:\/\/agora.xtec.cat\/institut-torrefarrera\/wp-content\/uploads\/usu847\/2023\/06\/20230531_163442-1024x768.jpg 1024w, https:\/\/agora.xtec.cat\/institut-torrefarrera\/wp-content\/uploads\/usu847\/2023\/06\/20230531_163442-768x576.jpg 768w, https:\/\/agora.xtec.cat\/institut-torrefarrera\/wp-content\/uploads\/usu847\/2023\/06\/20230531_163442-200x150.jpg 200w\" sizes=\"auto, (max-width: 1104px) 100vw, 1104px\" \/><\/a><\/p>\n","protected":false},"excerpt":{"rendered":"<p>Aquest mes de maig hem viatjat a Alemanya en les activitats del nostre programa Erasmus+, participant en els projectes AGREE (Actions for Global Reactions Experiencing Erasmus+) i el projecte Olympics-Games Unite! que treballem conjuntament amb el Vicco von B\u00fclow Gymnasium de Stahnsdorf (Alemanya). N&#8217;estem molt&hellip;  <a href=\"https:\/\/agora.xtec.cat\/institut-torrefarrera\/general\/mobilitat-erasmus-a-stahnsdorf-alemanya-i-avaluacio-del-projecte\/\" title=\"Read Mobilitat Erasmus+ a Stahnsdorf (Alemanya) i avaluaci\u00f3 del projecte.\">Llegeix m\u00e9s\u00bb<\/a><\/p>\n","protected":false},"author":1,"featured_media":12148,"comment_status":"open","ping_status":"closed","sticky":false,"template":"","format":"standard","meta":{"_bbp_topic_count":0,"_bbp_reply_count":0,"_bbp_total_topic_count":0,"_bbp_total_reply_count":0,"_bbp_voice_count":0,"_bbp_anonymous_reply_count":0,"_bbp_topic_count_hidden":0,"_bbp_reply_count_hidden":0,"_bbp_forum_subforum_count":0,"footnotes":""},"categories":[1],"tags":[],"class_list":["post-12147","post","type-post","status-publish","format-standard","has-post-thumbnail","hentry","category-general"],"post_mailing_queue_ids":[],"_links":{"self":[{"href":"https:\/\/agora.xtec.cat\/institut-torrefarrera\/wp-json\/wp\/v2\/posts\/12147","targetHints":{"allow":["GET"]}}],"collection":[{"href":"https:\/\/agora.xtec.cat\/institut-torrefarrera\/wp-json\/wp\/v2\/posts"}],"about":[{"href":"https:\/\/agora.xtec.cat\/institut-torrefarrera\/wp-json\/wp\/v2\/types\/post"}],"author":[{"embeddable":true,"href":"https:\/\/agora.xtec.cat\/institut-torrefarrera\/wp-json\/wp\/v2\/users\/1"}],"replies":[{"embeddable":true,"href":"https:\/\/agora.xtec.cat\/institut-torrefarrera\/wp-json\/wp\/v2\/comments?post=12147"}],"version-history":[{"count":1,"href":"https:\/\/agora.xtec.cat\/institut-torrefarrera\/wp-json\/wp\/v2\/posts\/12147\/revisions"}],"predecessor-version":[{"id":12150,"href":"https:\/\/agora.xtec.cat\/institut-torrefarrera\/wp-json\/wp\/v2\/posts\/12147\/revisions\/12150"}],"wp:featuredmedia":[{"embeddable":true,"href":"https:\/\/agora.xtec.cat\/institut-torrefarrera\/wp-json\/wp\/v2\/media\/12148"}],"wp:attachment":[{"href":"https:\/\/agora.xtec.cat\/institut-torrefarrera\/wp-json\/wp\/v2\/media?parent=12147"}],"wp:term":[{"taxonomy":"category","embeddable":true,"href":"https:\/\/agora.xtec.cat\/institut-torrefarrera\/wp-json\/wp\/v2\/categories?post=12147"},{"taxonomy":"post_tag","embeddable":true,"href":"https:\/\/agora.xtec.cat\/institut-torrefarrera\/wp-json\/wp\/v2\/tags?post=12147"}],"curies":[{"name":"wp","href":"https:\/\/api.w.org\/{rel}","templated":true}]}}