{"id":11511,"date":"2022-12-22T18:49:35","date_gmt":"2022-12-22T17:49:35","guid":{"rendered":"https:\/\/agora.xtec.cat\/institut-torrefarrera\/?p=11511"},"modified":"2022-12-22T18:49:35","modified_gmt":"2022-12-22T17:49:35","slug":"festa-grossa-a-linstitut-per-acomiadar-el-trimestre","status":"publish","type":"post","link":"https:\/\/agora.xtec.cat\/institut-torrefarrera\/general\/festa-grossa-a-linstitut-per-acomiadar-el-trimestre\/","title":{"rendered":"Festa grossa a l&#8217;institut per acomiadar el trimestre"},"content":{"rendered":"<p>Alumnes i professors vam acomiadar l&#8217;any el dimecres 21 de desembre amb un mat\u00ed fren\u00e8tic i ple d&#8217;activitats, tal i com ens agrada a l&#8217;institut.<\/p>\n<p>Des de primera hora el mat\u00ed les aules del centre van convertir-se en tallers de diferents activitats organitzades en benefici de La Marat\u00f3 de TV3. L&#8217;alumnat va poder elaborar c\u00f2ctels, participar en un bingo o b\u00e9 en un scape room, jugar a escacs, mirar una pel\u00b7l\u00edcula o b\u00e9 fer manualitats. D&#8217;altra banda els m\u00e9s esportistes van tenir l&#8217;opci\u00f3 de prendre part en un torneig de futbol al pati.<\/p>\n<p><a href=\"https:\/\/agora.xtec.cat\/institut-torrefarrera\/wp-content\/uploads\/usu847\/2022\/12\/Festival5.jpg\"><img loading=\"lazy\" decoding=\"async\" class=\"alignnone size-full wp-image-11514\" src=\"https:\/\/agora.xtec.cat\/institut-torrefarrera\/wp-content\/uploads\/usu847\/2022\/12\/Festival5.jpg\" alt=\"\" width=\"2048\" height=\"1532\" srcset=\"https:\/\/agora.xtec.cat\/institut-torrefarrera\/wp-content\/uploads\/usu847\/2022\/12\/Festival5.jpg 2048w, https:\/\/agora.xtec.cat\/institut-torrefarrera\/wp-content\/uploads\/usu847\/2022\/12\/Festival5-300x224.jpg 300w, https:\/\/agora.xtec.cat\/institut-torrefarrera\/wp-content\/uploads\/usu847\/2022\/12\/Festival5-1024x766.jpg 1024w, https:\/\/agora.xtec.cat\/institut-torrefarrera\/wp-content\/uploads\/usu847\/2022\/12\/Festival5-768x575.jpg 768w, https:\/\/agora.xtec.cat\/institut-torrefarrera\/wp-content\/uploads\/usu847\/2022\/12\/Festival5-1536x1149.jpg 1536w, https:\/\/agora.xtec.cat\/institut-torrefarrera\/wp-content\/uploads\/usu847\/2022\/12\/Festival5-200x150.jpg 200w\" sizes=\"auto, (max-width: 2048px) 100vw, 2048px\" \/><\/a><\/p>\n<p>Una mica m\u00e9s tard va tenir lloc la venda de coca amb xocolata per part de l&#8217;alumnat de 3r -tamb\u00e9 per col\u00b7laborar amb La Marat\u00f3- i el sorteig de les tres magn\u00edfiques paneres de Nadal organitzat per l&#8217;alumnat de 4t amb l&#8217;objectiu de recollir diners per al seu viatge de final de curs. Els premiats van ser Carmen Masip (1r premi), Nadia Faik (2n. premi) i l&#8217;alumne Ra\u00fcl Oronich, que es va endur la tercera cistella.<\/p>\n<p><a href=\"https:\/\/agora.xtec.cat\/institut-torrefarrera\/wp-content\/uploads\/usu847\/2022\/12\/Festival4.jpg\"><img loading=\"lazy\" decoding=\"async\" class=\"alignnone size-full wp-image-11515\" src=\"https:\/\/agora.xtec.cat\/institut-torrefarrera\/wp-content\/uploads\/usu847\/2022\/12\/Festival4.jpg\" alt=\"\" width=\"2048\" height=\"1532\" srcset=\"https:\/\/agora.xtec.cat\/institut-torrefarrera\/wp-content\/uploads\/usu847\/2022\/12\/Festival4.jpg 2048w, https:\/\/agora.xtec.cat\/institut-torrefarrera\/wp-content\/uploads\/usu847\/2022\/12\/Festival4-300x224.jpg 300w, https:\/\/agora.xtec.cat\/institut-torrefarrera\/wp-content\/uploads\/usu847\/2022\/12\/Festival4-1024x766.jpg 1024w, https:\/\/agora.xtec.cat\/institut-torrefarrera\/wp-content\/uploads\/usu847\/2022\/12\/Festival4-768x575.jpg 768w, https:\/\/agora.xtec.cat\/institut-torrefarrera\/wp-content\/uploads\/usu847\/2022\/12\/Festival4-1536x1149.jpg 1536w, https:\/\/agora.xtec.cat\/institut-torrefarrera\/wp-content\/uploads\/usu847\/2022\/12\/Festival4-200x150.jpg 200w\" sizes=\"auto, (max-width: 2048px) 100vw, 2048px\" \/><\/a><\/p>\n<p>Seguidament va comen\u00e7ar la gimcana pels carrers del municipi, una competici\u00f3 per equips en la qual va participar tot el centre. Aix\u00ed, mentre alguns grups d&#8217;alumnes organitzaven les diferents proves i feien de jutges, altres intentaven superar-les amb \u00e8xit. Finalment l&#8217;equip guanyador va ser l&#8217;alumnat de 4tC, que va aconseguir passar els diferents obstacles amb nota.<\/p>\n<p><a href=\"https:\/\/agora.xtec.cat\/institut-torrefarrera\/wp-content\/uploads\/usu847\/2022\/12\/gim.jpg\"><img loading=\"lazy\" decoding=\"async\" class=\"alignnone size-full wp-image-11522\" src=\"https:\/\/agora.xtec.cat\/institut-torrefarrera\/wp-content\/uploads\/usu847\/2022\/12\/gim.jpg\" alt=\"La gimcana va tenir lloc pels carrers de Torrefarrera. \" width=\"1600\" height=\"1200\" srcset=\"https:\/\/agora.xtec.cat\/institut-torrefarrera\/wp-content\/uploads\/usu847\/2022\/12\/gim.jpg 1600w, https:\/\/agora.xtec.cat\/institut-torrefarrera\/wp-content\/uploads\/usu847\/2022\/12\/gim-300x225.jpg 300w, https:\/\/agora.xtec.cat\/institut-torrefarrera\/wp-content\/uploads\/usu847\/2022\/12\/gim-1024x768.jpg 1024w, https:\/\/agora.xtec.cat\/institut-torrefarrera\/wp-content\/uploads\/usu847\/2022\/12\/gim-768x576.jpg 768w, https:\/\/agora.xtec.cat\/institut-torrefarrera\/wp-content\/uploads\/usu847\/2022\/12\/gim-1536x1152.jpg 1536w, https:\/\/agora.xtec.cat\/institut-torrefarrera\/wp-content\/uploads\/usu847\/2022\/12\/gim-200x150.jpg 200w\" sizes=\"auto, (max-width: 1600px) 100vw, 1600px\" \/><\/a><\/p>\n<p>I per tancar un mat\u00ed rod\u00f3 tot l\u2019institut (alumnes, professorat i PAS) vam anar a la sala social de l\u2019ajuntament per protagonitzar el nostre propi Just Dance. Cada classe va ballar la seva coreografia i \u00e9s clar, els docents no es van voler quedar enrere, de manera una bona representaci\u00f3 del claustre va ballar Grease damunt de l&#8217;escenari.<\/p>\n<p><a href=\"https:\/\/agora.xtec.cat\/institut-torrefarrera\/wp-content\/uploads\/usu847\/2022\/12\/Festival2.jpg\"><img loading=\"lazy\" decoding=\"async\" class=\"alignnone size-full wp-image-11520\" src=\"https:\/\/agora.xtec.cat\/institut-torrefarrera\/wp-content\/uploads\/usu847\/2022\/12\/Festival2.jpg\" alt=\"El professorat de l'institut Joan Sol\u00e0 balla Grease per Nadal. \" width=\"2048\" height=\"1536\" srcset=\"https:\/\/agora.xtec.cat\/institut-torrefarrera\/wp-content\/uploads\/usu847\/2022\/12\/Festival2.jpg 2048w, https:\/\/agora.xtec.cat\/institut-torrefarrera\/wp-content\/uploads\/usu847\/2022\/12\/Festival2-300x225.jpg 300w, https:\/\/agora.xtec.cat\/institut-torrefarrera\/wp-content\/uploads\/usu847\/2022\/12\/Festival2-1024x768.jpg 1024w, https:\/\/agora.xtec.cat\/institut-torrefarrera\/wp-content\/uploads\/usu847\/2022\/12\/Festival2-768x576.jpg 768w, https:\/\/agora.xtec.cat\/institut-torrefarrera\/wp-content\/uploads\/usu847\/2022\/12\/Festival2-1536x1152.jpg 1536w, https:\/\/agora.xtec.cat\/institut-torrefarrera\/wp-content\/uploads\/usu847\/2022\/12\/Festival2-200x150.jpg 200w\" sizes=\"auto, (max-width: 2048px) 100vw, 2048px\" \/><\/a><\/p>\n<p>Pr\u00e8viament van tenir lloc les actuacions musicals dels grups Buzz Lightyears i Do-re-fa-re-la de l&#8217;Escola Municipal de M\u00fasica de Torrefarrera, i l\u2019entrega de premis dels concursos nadalencs. Aix\u00ed, el guard\u00f3 per a la millor postal de Nadal va ser per l&#8217;alumna Iman Mimouni, de 2n d&#8217;ESO D. Pel que fa a la decoraci\u00f3 de les vidrieres de les aules el primer premi va recaure en 2n d&#8217;ESO C; el segon, per l&#8217;Aula d&#8217;Acollida i el tercer premi, per 1r d&#8217;ESO B. Tamb\u00e9 es va fer entrega d&#8217;un acc\u00e8ssit a 2n de batxillerat C.<\/p>\n<p><a href=\"https:\/\/agora.xtec.cat\/institut-torrefarrera\/wp-content\/uploads\/usu847\/2022\/12\/Festival6-scaled.jpg\"><img loading=\"lazy\" decoding=\"async\" class=\"alignnone size-full wp-image-11519\" src=\"https:\/\/agora.xtec.cat\/institut-torrefarrera\/wp-content\/uploads\/usu847\/2022\/12\/Festival6-scaled.jpg\" alt=\"Actuacions nadalenques de l'alumnat de l'institut Joan Sol\u00e0\" width=\"2560\" height=\"1920\" srcset=\"https:\/\/agora.xtec.cat\/institut-torrefarrera\/wp-content\/uploads\/usu847\/2022\/12\/Festival6-scaled.jpg 2560w, https:\/\/agora.xtec.cat\/institut-torrefarrera\/wp-content\/uploads\/usu847\/2022\/12\/Festival6-300x225.jpg 300w, https:\/\/agora.xtec.cat\/institut-torrefarrera\/wp-content\/uploads\/usu847\/2022\/12\/Festival6-1024x768.jpg 1024w, https:\/\/agora.xtec.cat\/institut-torrefarrera\/wp-content\/uploads\/usu847\/2022\/12\/Festival6-768x576.jpg 768w, https:\/\/agora.xtec.cat\/institut-torrefarrera\/wp-content\/uploads\/usu847\/2022\/12\/Festival6-1536x1152.jpg 1536w, https:\/\/agora.xtec.cat\/institut-torrefarrera\/wp-content\/uploads\/usu847\/2022\/12\/Festival6-2048x1536.jpg 2048w, https:\/\/agora.xtec.cat\/institut-torrefarrera\/wp-content\/uploads\/usu847\/2022\/12\/Festival6-200x150.jpg 200w\" sizes=\"auto, (max-width: 2560px) 100vw, 2560px\" \/><\/a><\/p>\n<p>&nbsp;<\/p>\n<p>I finalment i com cada any, donem les gr\u00e0cies a tot l&#8217;alumnat per la implicaci\u00f3 en aquesta \u00faltima jornada i marxem de vacances desitjant un molt bon Nadal a tothom!<\/p>\n<p>Ens veiem al mes de gener!<\/p>\n","protected":false},"excerpt":{"rendered":"<p>Alumnes i professors vam acomiadar l&#8217;any el dimecres 21 de desembre amb un mat\u00ed fren\u00e8tic i ple d&#8217;activitats, tal i com ens agrada a l&#8217;institut.<br \/>\nDes de primera hora el mat\u00ed les aules del centre van convertir-se en tallers de diferents activitats organitzades en benefici de&hellip;  <a href=\"https:\/\/agora.xtec.cat\/institut-torrefarrera\/general\/festa-grossa-a-linstitut-per-acomiadar-el-trimestre\/\" title=\"Read Festa grossa a l&#8217;institut per acomiadar el trimestre\">Llegeix m\u00e9s\u00bb<\/a><\/p>\n","protected":false},"author":1,"featured_media":11517,"comment_status":"open","ping_status":"closed","sticky":false,"template":"","format":"standard","meta":{"_bbp_topic_count":0,"_bbp_reply_count":0,"_bbp_total_topic_count":0,"_bbp_total_reply_count":0,"_bbp_voice_count":0,"_bbp_anonymous_reply_count":0,"_bbp_topic_count_hidden":0,"_bbp_reply_count_hidden":0,"_bbp_forum_subforum_count":0,"footnotes":""},"categories":[8,117,3,114,1],"tags":[209,204,207,208,210,206,205,211,58],"class_list":["post-11511","post","type-post","status-publish","format-standard","has-post-thumbnail","hentry","category-batxillerat","category-concursos","category-eso","category-festivals","category-general","tag-actuacions-musicals","tag-festival","tag-final-de-trimestre","tag-gimcana","tag-grease","tag-just-dance","tag-nadal","tag-premis","tag-tallers"],"post_mailing_queue_ids":[],"_links":{"self":[{"href":"https:\/\/agora.xtec.cat\/institut-torrefarrera\/wp-json\/wp\/v2\/posts\/11511","targetHints":{"allow":["GET"]}}],"collection":[{"href":"https:\/\/agora.xtec.cat\/institut-torrefarrera\/wp-json\/wp\/v2\/posts"}],"about":[{"href":"https:\/\/agora.xtec.cat\/institut-torrefarrera\/wp-json\/wp\/v2\/types\/post"}],"author":[{"embeddable":true,"href":"https:\/\/agora.xtec.cat\/institut-torrefarrera\/wp-json\/wp\/v2\/users\/1"}],"replies":[{"embeddable":true,"href":"https:\/\/agora.xtec.cat\/institut-torrefarrera\/wp-json\/wp\/v2\/comments?post=11511"}],"version-history":[{"count":3,"href":"https:\/\/agora.xtec.cat\/institut-torrefarrera\/wp-json\/wp\/v2\/posts\/11511\/revisions"}],"predecessor-version":[{"id":11523,"href":"https:\/\/agora.xtec.cat\/institut-torrefarrera\/wp-json\/wp\/v2\/posts\/11511\/revisions\/11523"}],"wp:featuredmedia":[{"embeddable":true,"href":"https:\/\/agora.xtec.cat\/institut-torrefarrera\/wp-json\/wp\/v2\/media\/11517"}],"wp:attachment":[{"href":"https:\/\/agora.xtec.cat\/institut-torrefarrera\/wp-json\/wp\/v2\/media?parent=11511"}],"wp:term":[{"taxonomy":"category","embeddable":true,"href":"https:\/\/agora.xtec.cat\/institut-torrefarrera\/wp-json\/wp\/v2\/categories?post=11511"},{"taxonomy":"post_tag","embeddable":true,"href":"https:\/\/agora.xtec.cat\/institut-torrefarrera\/wp-json\/wp\/v2\/tags?post=11511"}],"curies":[{"name":"wp","href":"https:\/\/api.w.org\/{rel}","templated":true}]}}