{"id":11499,"date":"2022-12-19T18:59:29","date_gmt":"2022-12-19T17:59:29","guid":{"rendered":"https:\/\/agora.xtec.cat\/institut-torrefarrera\/?p=11499"},"modified":"2022-12-19T18:59:29","modified_gmt":"2022-12-19T17:59:29","slug":"conversa-amb-la-carla-font-a-proposit-del-documental-el-sostre-groc","status":"publish","type":"post","link":"https:\/\/agora.xtec.cat\/institut-torrefarrera\/general\/conversa-amb-la-carla-font-a-proposit-del-documental-el-sostre-groc\/","title":{"rendered":"Conversa amb la Carla Font, a prop\u00f2sit del documental &#8220;El sostre groc&#8221;"},"content":{"rendered":"<p><a href=\"https:\/\/agora.xtec.cat\/institut-torrefarrera\/wp-content\/uploads\/usu847\/2022\/12\/image_50388225-scaled.jpg\"><img loading=\"lazy\" decoding=\"async\" class=\"alignnone size-large wp-image-11500\" src=\"https:\/\/agora.xtec.cat\/institut-torrefarrera\/wp-content\/uploads\/usu847\/2022\/12\/image_50388225-1024x768.jpg\" alt=\"\" width=\"1024\" height=\"768\" srcset=\"https:\/\/agora.xtec.cat\/institut-torrefarrera\/wp-content\/uploads\/usu847\/2022\/12\/image_50388225-1024x768.jpg 1024w, https:\/\/agora.xtec.cat\/institut-torrefarrera\/wp-content\/uploads\/usu847\/2022\/12\/image_50388225-300x225.jpg 300w, https:\/\/agora.xtec.cat\/institut-torrefarrera\/wp-content\/uploads\/usu847\/2022\/12\/image_50388225-768x576.jpg 768w, https:\/\/agora.xtec.cat\/institut-torrefarrera\/wp-content\/uploads\/usu847\/2022\/12\/image_50388225-1536x1152.jpg 1536w, https:\/\/agora.xtec.cat\/institut-torrefarrera\/wp-content\/uploads\/usu847\/2022\/12\/image_50388225-2048x1536.jpg 2048w, https:\/\/agora.xtec.cat\/institut-torrefarrera\/wp-content\/uploads\/usu847\/2022\/12\/image_50388225-200x150.jpg 200w\" sizes=\"auto, (max-width: 1024px) 100vw, 1024px\" \/><\/a><\/p>\n<p>Despr\u00e9s que el passat divendres 16 de desembre l&#8217;alumnat de 1r i 2n de batxillerat van assistir al visionat del documental de la cineasta catalana Isabel Coixet, avui, dia 19 de desembre s&#8217;ha fet un col\u00b7loqui amb l&#8217;exalumna de l&#8217;Institut Joan Sol\u00e0 i actriu Carla Font.<\/p>\n<p>El debat ha estat condu\u00eft per les professores Teresa Ser\u00e9s (Llengua catalana i Comunicaci\u00f3 audiovisual) i Nat\u00e0lia Costafreda (Cl\u00e0ssiques); a m\u00e9s, hi han participat fent preguntes una representaci\u00f3 de l&#8217;alumnat d&#8217;aquests cursos.<\/p>\n<p>&#8220;El sostre groc&#8221; \u00e9s un documental que estrenat el passat cap de setmana a les sales de Catalunya, el qual tracta sobre un cas d&#8217;abusos sexuals per part d&#8217;un professor de l&#8217;Aula Municipal de teatre de Lleida. Carla Font va ser alumna d&#8217; aquest centre i va formar part de la Companyia La Inestable, dirigida per l&#8217;abusador que queda assenyalat en el film.<\/p>\n<p>L&#8217;esmentada conversa s&#8217;ha dividit en 4 eixos tem\u00e0tics, aix\u00ed, s&#8217;ha parlat de l&#8217;experi\u00e8ncia de la Carla dins el documental com a testimoni dels fets, tamb\u00e9 s&#8217;ha valorat el documental des del punt de vista t\u00e8cnic i finalment s&#8217;ha fet refer\u00e8ncia a l&#8217;impacte que est\u00e0 provocant en el p\u00fablic i tamb\u00e9 en la nostra societat en general.<\/p>\n<p>Podem concloure amb la idea expressada per la Carla que el m\u00e9s important de tot \u00e9s que el documental ha servit per tornar a obrir el cas ja prescrit i tamb\u00e9 per interpel\u00b7lar-nos i ajudar-nos a identificar l&#8217;ab\u00fas en l&#8217;\u00e0mbit que sigui.<\/p>\n<p>ORGANITZA: DEPARTAMENT DE LLENGUA CATALANA<\/p>\n<p><a href=\"https:\/\/agora.xtec.cat\/institut-torrefarrera\/wp-content\/uploads\/usu847\/2022\/12\/image_50399489-scaled.jpg\"><img loading=\"lazy\" decoding=\"async\" class=\"alignnone size-large wp-image-11501\" src=\"https:\/\/agora.xtec.cat\/institut-torrefarrera\/wp-content\/uploads\/usu847\/2022\/12\/image_50399489-1024x768.jpg\" alt=\"\" width=\"1024\" height=\"768\" srcset=\"https:\/\/agora.xtec.cat\/institut-torrefarrera\/wp-content\/uploads\/usu847\/2022\/12\/image_50399489-1024x768.jpg 1024w, https:\/\/agora.xtec.cat\/institut-torrefarrera\/wp-content\/uploads\/usu847\/2022\/12\/image_50399489-300x225.jpg 300w, https:\/\/agora.xtec.cat\/institut-torrefarrera\/wp-content\/uploads\/usu847\/2022\/12\/image_50399489-768x576.jpg 768w, https:\/\/agora.xtec.cat\/institut-torrefarrera\/wp-content\/uploads\/usu847\/2022\/12\/image_50399489-1536x1152.jpg 1536w, https:\/\/agora.xtec.cat\/institut-torrefarrera\/wp-content\/uploads\/usu847\/2022\/12\/image_50399489-2048x1536.jpg 2048w, https:\/\/agora.xtec.cat\/institut-torrefarrera\/wp-content\/uploads\/usu847\/2022\/12\/image_50399489-200x150.jpg 200w\" sizes=\"auto, (max-width: 1024px) 100vw, 1024px\" \/><\/a><\/p>\n","protected":false},"excerpt":{"rendered":"<p><a href=\"https:\/\/agora.xtec.cat\/institut-torrefarrera\/wp-content\/uploads\/usu847\/2022\/12\/image_50388225-scaled.jpg\"><\/a><br \/>\nDespr\u00e9s que el passat divendres 16 de desembre l&#8217;alumnat de 1r i 2n de batxillerat van assistir al visionat del documental de la cineasta catalana Isabel Coixet, avui, dia 19 de desembre s&#8217;ha fet un col\u00b7loqui amb l&#8217;exalumna de l&#8217;Institut Joan Sol\u00e0 i actriu&hellip;  <a href=\"https:\/\/agora.xtec.cat\/institut-torrefarrera\/general\/conversa-amb-la-carla-font-a-proposit-del-documental-el-sostre-groc\/\" title=\"Read Conversa amb la Carla Font, a prop\u00f2sit del documental &#8220;El sostre groc&#8221;\">Llegeix m\u00e9s\u00bb<\/a><\/p>\n","protected":false},"author":359,"featured_media":11504,"comment_status":"open","ping_status":"closed","sticky":false,"template":"","format":"standard","meta":{"_bbp_topic_count":0,"_bbp_reply_count":0,"_bbp_total_topic_count":0,"_bbp_total_reply_count":0,"_bbp_voice_count":0,"_bbp_anonymous_reply_count":0,"_bbp_topic_count_hidden":0,"_bbp_reply_count_hidden":0,"_bbp_forum_subforum_count":0,"footnotes":""},"categories":[8,110,1],"tags":[191,201,202,203,200,188,190,189],"class_list":["post-11499","post","type-post","status-publish","format-standard","has-post-thumbnail","hentry","category-batxillerat","category-difusio","category-general","tag-abus","tag-abusos-sexuals","tag-aula-de-teatre","tag-carla-font","tag-colloqui","tag-documental","tag-el-sostre-groc","tag-isabel-coixet"],"post_mailing_queue_ids":[],"_links":{"self":[{"href":"https:\/\/agora.xtec.cat\/institut-torrefarrera\/wp-json\/wp\/v2\/posts\/11499","targetHints":{"allow":["GET"]}}],"collection":[{"href":"https:\/\/agora.xtec.cat\/institut-torrefarrera\/wp-json\/wp\/v2\/posts"}],"about":[{"href":"https:\/\/agora.xtec.cat\/institut-torrefarrera\/wp-json\/wp\/v2\/types\/post"}],"author":[{"embeddable":true,"href":"https:\/\/agora.xtec.cat\/institut-torrefarrera\/wp-json\/wp\/v2\/users\/359"}],"replies":[{"embeddable":true,"href":"https:\/\/agora.xtec.cat\/institut-torrefarrera\/wp-json\/wp\/v2\/comments?post=11499"}],"version-history":[{"count":3,"href":"https:\/\/agora.xtec.cat\/institut-torrefarrera\/wp-json\/wp\/v2\/posts\/11499\/revisions"}],"predecessor-version":[{"id":11505,"href":"https:\/\/agora.xtec.cat\/institut-torrefarrera\/wp-json\/wp\/v2\/posts\/11499\/revisions\/11505"}],"wp:featuredmedia":[{"embeddable":true,"href":"https:\/\/agora.xtec.cat\/institut-torrefarrera\/wp-json\/wp\/v2\/media\/11504"}],"wp:attachment":[{"href":"https:\/\/agora.xtec.cat\/institut-torrefarrera\/wp-json\/wp\/v2\/media?parent=11499"}],"wp:term":[{"taxonomy":"category","embeddable":true,"href":"https:\/\/agora.xtec.cat\/institut-torrefarrera\/wp-json\/wp\/v2\/categories?post=11499"},{"taxonomy":"post_tag","embeddable":true,"href":"https:\/\/agora.xtec.cat\/institut-torrefarrera\/wp-json\/wp\/v2\/tags?post=11499"}],"curies":[{"name":"wp","href":"https:\/\/api.w.org\/{rel}","templated":true}]}}