{"id":11472,"date":"2022-12-12T19:50:31","date_gmt":"2022-12-12T18:50:31","guid":{"rendered":"https:\/\/agora.xtec.cat\/institut-torrefarrera\/?p=11472"},"modified":"2022-12-12T19:50:31","modified_gmt":"2022-12-12T18:50:31","slug":"el-grup-dampliacio-curricular-treballant-en-projectes-etwinning","status":"publish","type":"post","link":"https:\/\/agora.xtec.cat\/institut-torrefarrera\/general\/el-grup-dampliacio-curricular-treballant-en-projectes-etwinning\/","title":{"rendered":"El grup d&#8217;ampliaci\u00f3 curricular treballant en projectes eTwinning!"},"content":{"rendered":"<p>El grup d&#8217;alumnes que treballa al Grup d&#8217;Ampliaci\u00f3 Curricular ha estat preparant durant aquest primer trimestre una s\u00e8rie de materials que seran utilitzats en el projecte eTwinning &#8220;Heritage in Our Hands&#8221; (el patrimoni a les nostres mans) en l&#8217;\u00e0mbit del qual es far\u00e0 un intercanvi amb alumnes del Niftarlake College de Maarsen (Pa\u00efsos Baixos). Tot l&#8217;alumnat del grup, viatgi o no, participar\u00e0 en les activitats del projecte.<\/p>\n<p>El projecte vol donar valor als patrimonis natural i cultural dels nostres pa\u00efsos, aprofitant les visites d&#8217;intercanvi per donar-los a con\u00e9ixer. Tamb\u00e9 es treballaran activitats relacionades amb totes aquestes informacions en equips internacionals.<\/p>\n<p>El grup d&#8217;ampliaci\u00f3 est\u00e0 format per alumnat de qualsevol nivell de l&#8217;ESO amb bones qualificacions acad\u00e8miques del curs anterior, amb un treball en llegua anglesa de diversos aspectes socials o cient\u00edfics. Els projectes eTwinning ens permeten realitzar aquestes activitats en associaci\u00f3 amb alumnes d&#8217;altres centres europeus.<\/p>\n<p>Endavant amb el curs, equip!<\/p>\n<p><a href=\"https:\/\/agora.xtec.cat\/institut-torrefarrera\/wp-content\/uploads\/usu847\/2022\/12\/20221212_164549-ANIMATION.gif\"><img loading=\"lazy\" decoding=\"async\" class=\"alignnone size-full wp-image-11473\" src=\"https:\/\/agora.xtec.cat\/institut-torrefarrera\/wp-content\/uploads\/usu847\/2022\/12\/20221212_164549-ANIMATION.gif\" alt=\"\" width=\"972\" height=\"730\" \/><\/a><\/p>\n<p>&nbsp;<\/p>\n","protected":false},"excerpt":{"rendered":"<p>El grup d&#8217;alumnes que treballa al Grup d&#8217;Ampliaci\u00f3 Curricular ha estat preparant durant aquest primer trimestre una s\u00e8rie de materials que seran utilitzats en el projecte eTwinning &#8220;Heritage in Our Hands&#8221; (el patrimoni a les nostres mans) en l&#8217;\u00e0mbit del qual es far\u00e0 un intercanvi&hellip;  <a href=\"https:\/\/agora.xtec.cat\/institut-torrefarrera\/general\/el-grup-dampliacio-curricular-treballant-en-projectes-etwinning\/\" title=\"Read El grup d&#8217;ampliaci\u00f3 curricular treballant en projectes eTwinning!\">Llegeix m\u00e9s\u00bb<\/a><\/p>\n","protected":false},"author":1,"featured_media":11473,"comment_status":"open","ping_status":"closed","sticky":false,"template":"","format":"standard","meta":{"_bbp_topic_count":0,"_bbp_reply_count":0,"_bbp_total_topic_count":0,"_bbp_total_reply_count":0,"_bbp_voice_count":0,"_bbp_anonymous_reply_count":0,"_bbp_topic_count_hidden":0,"_bbp_reply_count_hidden":0,"_bbp_forum_subforum_count":0,"footnotes":""},"categories":[105,113,184,1,126,108],"tags":[],"class_list":["post-11472","post","type-post","status-publish","format-standard","has-post-thumbnail","hentry","category-ampliacio","category-erasmus","category-etwinning","category-general","category-gep","category-projectes-de-centre"],"post_mailing_queue_ids":[],"_links":{"self":[{"href":"https:\/\/agora.xtec.cat\/institut-torrefarrera\/wp-json\/wp\/v2\/posts\/11472","targetHints":{"allow":["GET"]}}],"collection":[{"href":"https:\/\/agora.xtec.cat\/institut-torrefarrera\/wp-json\/wp\/v2\/posts"}],"about":[{"href":"https:\/\/agora.xtec.cat\/institut-torrefarrera\/wp-json\/wp\/v2\/types\/post"}],"author":[{"embeddable":true,"href":"https:\/\/agora.xtec.cat\/institut-torrefarrera\/wp-json\/wp\/v2\/users\/1"}],"replies":[{"embeddable":true,"href":"https:\/\/agora.xtec.cat\/institut-torrefarrera\/wp-json\/wp\/v2\/comments?post=11472"}],"version-history":[{"count":2,"href":"https:\/\/agora.xtec.cat\/institut-torrefarrera\/wp-json\/wp\/v2\/posts\/11472\/revisions"}],"predecessor-version":[{"id":11475,"href":"https:\/\/agora.xtec.cat\/institut-torrefarrera\/wp-json\/wp\/v2\/posts\/11472\/revisions\/11475"}],"wp:featuredmedia":[{"embeddable":true,"href":"https:\/\/agora.xtec.cat\/institut-torrefarrera\/wp-json\/wp\/v2\/media\/11473"}],"wp:attachment":[{"href":"https:\/\/agora.xtec.cat\/institut-torrefarrera\/wp-json\/wp\/v2\/media?parent=11472"}],"wp:term":[{"taxonomy":"category","embeddable":true,"href":"https:\/\/agora.xtec.cat\/institut-torrefarrera\/wp-json\/wp\/v2\/categories?post=11472"},{"taxonomy":"post_tag","embeddable":true,"href":"https:\/\/agora.xtec.cat\/institut-torrefarrera\/wp-json\/wp\/v2\/tags?post=11472"}],"curies":[{"name":"wp","href":"https:\/\/api.w.org\/{rel}","templated":true}]}}