{"id":11465,"date":"2022-12-05T14:35:22","date_gmt":"2022-12-05T13:35:22","guid":{"rendered":"https:\/\/agora.xtec.cat\/institut-torrefarrera\/?p=11465"},"modified":"2022-12-22T22:04:02","modified_gmt":"2022-12-22T21:04:02","slug":"concurs-de-cartells-per-la-pau-nuria-labartra-2a-edicio","status":"publish","type":"post","link":"https:\/\/agora.xtec.cat\/institut-torrefarrera\/general\/concurs-de-cartells-per-la-pau-nuria-labartra-2a-edicio\/","title":{"rendered":"Concurs de Cartells per la Pau N\u00faria Labartra. 2\u00aa edici\u00f3."},"content":{"rendered":"<p align=\"justify\"><a href=\"https:\/\/drive.google.com\/file\/d\/13R_nZJytBkCsLHg9EOZrzyRWN3CgpdQV\/view?usp=share_link\"><strong>BASES DEL CONCURS<\/strong><\/a><\/p>\n<p align=\"justify\"><a href=\"https:\/\/agora.xtec.cat\/institut-torrefarrera\/wp-content\/uploads\/usu847\/2022\/12\/2n-CONCURS-CARTELLS-DENIP.jpg\"><img loading=\"lazy\" decoding=\"async\" class=\"wp-image-11468 aligncenter\" src=\"https:\/\/agora.xtec.cat\/institut-torrefarrera\/wp-content\/uploads\/usu847\/2022\/12\/2n-CONCURS-CARTELLS-DENIP.jpg\" alt=\"\" width=\"1106\" height=\"1564\" \/><\/a>L\u2019Institut Joan Sol\u00e0 convoca novament el Concurs de Cartells per la Pau 2023 en record de la docent N\u00faria Labartra, professora de religi\u00f3 i socials al centre entre 2010 i 2020.<\/p>\n<p align=\"justify\">Aquest concurs t\u00e9 com a finalitat incentivar la participaci\u00f3 i la implicaci\u00f3 dels joves amb inquietuds art\u00edstiques en la promoci\u00f3 de la pau en el context del centre educatiu. El cartell que resulti guanyador s\u2019utilitzar\u00e0 com a imatge de la celebraci\u00f3 del DENIP 2023 a l\u2019Institut Joan Sol\u00e0.<\/p>\n<p align=\"justify\">S&#8217;estableixen 3 premis als millors cartells: un primer premi dotat amb 100\u20ac i segon i tercer premis dotats amb 50\u20ac i 25\u20ac respectivament gr\u00e0cies a la col\u00b7laboraci\u00f3 de l&#8217;Ajuntament de Torrefarrera i l&#8217;AMPA de l&#8217;Institut Joan Sol\u00e0.<\/p>\n<p align=\"justify\">\n<p align=\"justify\">\n","protected":false},"excerpt":{"rendered":"<p><a href=\"https:\/\/drive.google.com\/file\/d\/13R_nZJytBkCsLHg9EOZrzyRWN3CgpdQV\/view?usp=share_link\">BASES DEL CONCURS<\/a><br \/>\n<a href=\"https:\/\/agora.xtec.cat\/institut-torrefarrera\/wp-content\/uploads\/usu847\/2022\/12\/2n-CONCURS-CARTELLS-DENIP.jpg\"><\/a>L\u2019Institut Joan Sol\u00e0 convoca novament el Concurs de Cartells per la Pau 2023 en record de la docent N\u00faria Labartra, professora de religi\u00f3 i socials al centre entre 2010 i 2020.<br \/>\nAquest concurs t\u00e9 com a finalitat incentivar la participaci\u00f3 i la&hellip;  <a href=\"https:\/\/agora.xtec.cat\/institut-torrefarrera\/general\/concurs-de-cartells-per-la-pau-nuria-labartra-2a-edicio\/\" title=\"Read Concurs de Cartells per la Pau N\u00faria Labartra. 2\u00aa edici\u00f3.\">Llegeix m\u00e9s\u00bb<\/a><\/p>\n","protected":false},"author":1,"featured_media":11468,"comment_status":"open","ping_status":"closed","sticky":false,"template":"","format":"standard","meta":{"_bbp_topic_count":0,"_bbp_reply_count":0,"_bbp_total_topic_count":0,"_bbp_total_reply_count":0,"_bbp_voice_count":0,"_bbp_anonymous_reply_count":0,"_bbp_topic_count_hidden":0,"_bbp_reply_count_hidden":0,"_bbp_forum_subforum_count":0,"footnotes":""},"categories":[112,1],"tags":[],"class_list":["post-11465","post","type-post","status-publish","format-standard","has-post-thumbnail","hentry","category-avisos","category-general"],"post_mailing_queue_ids":[],"_links":{"self":[{"href":"https:\/\/agora.xtec.cat\/institut-torrefarrera\/wp-json\/wp\/v2\/posts\/11465","targetHints":{"allow":["GET"]}}],"collection":[{"href":"https:\/\/agora.xtec.cat\/institut-torrefarrera\/wp-json\/wp\/v2\/posts"}],"about":[{"href":"https:\/\/agora.xtec.cat\/institut-torrefarrera\/wp-json\/wp\/v2\/types\/post"}],"author":[{"embeddable":true,"href":"https:\/\/agora.xtec.cat\/institut-torrefarrera\/wp-json\/wp\/v2\/users\/1"}],"replies":[{"embeddable":true,"href":"https:\/\/agora.xtec.cat\/institut-torrefarrera\/wp-json\/wp\/v2\/comments?post=11465"}],"version-history":[{"count":3,"href":"https:\/\/agora.xtec.cat\/institut-torrefarrera\/wp-json\/wp\/v2\/posts\/11465\/revisions"}],"predecessor-version":[{"id":11476,"href":"https:\/\/agora.xtec.cat\/institut-torrefarrera\/wp-json\/wp\/v2\/posts\/11465\/revisions\/11476"}],"wp:featuredmedia":[{"embeddable":true,"href":"https:\/\/agora.xtec.cat\/institut-torrefarrera\/wp-json\/wp\/v2\/media\/11468"}],"wp:attachment":[{"href":"https:\/\/agora.xtec.cat\/institut-torrefarrera\/wp-json\/wp\/v2\/media?parent=11465"}],"wp:term":[{"taxonomy":"category","embeddable":true,"href":"https:\/\/agora.xtec.cat\/institut-torrefarrera\/wp-json\/wp\/v2\/categories?post=11465"},{"taxonomy":"post_tag","embeddable":true,"href":"https:\/\/agora.xtec.cat\/institut-torrefarrera\/wp-json\/wp\/v2\/tags?post=11465"}],"curies":[{"name":"wp","href":"https:\/\/api.w.org\/{rel}","templated":true}]}}