{"id":11130,"date":"2022-07-21T12:56:27","date_gmt":"2022-07-21T10:56:27","guid":{"rendered":"https:\/\/agora.xtec.cat\/institut-torrefarrera\/?p=11130"},"modified":"2022-09-06T10:13:57","modified_gmt":"2022-09-06T08:13:57","slug":"horaris-examens-extraordinaris-1r-batxillerat","status":"publish","type":"post","link":"https:\/\/agora.xtec.cat\/institut-torrefarrera\/general\/horaris-examens-extraordinaris-1r-batxillerat\/","title":{"rendered":"Horaris ex\u00e0mens extraordinaris 1r Batxillerat"},"content":{"rendered":"<p>Els ex\u00e0mens extraordinaris de recuperaci\u00f3 de mat\u00e8ries de 1r de Batxillerat es realitzaran els dies <strong>1 i 2 de setembre<\/strong> amb l&#8217;horari que es detalla<\/p>\n<p><a href=\"https:\/\/agora.xtec.cat\/institut-torrefarrera\/wp-content\/uploads\/usu847\/2022\/07\/extraordinaries.png\"><img loading=\"lazy\" decoding=\"async\" class=\"alignnone size-full wp-image-11131\" src=\"https:\/\/agora.xtec.cat\/institut-torrefarrera\/wp-content\/uploads\/usu847\/2022\/07\/extraordinaries.png\" alt=\"\" width=\"647\" height=\"664\" srcset=\"https:\/\/agora.xtec.cat\/institut-torrefarrera\/wp-content\/uploads\/usu847\/2022\/07\/extraordinaries.png 647w, https:\/\/agora.xtec.cat\/institut-torrefarrera\/wp-content\/uploads\/usu847\/2022\/07\/extraordinaries-292x300.png 292w\" sizes=\"auto, (max-width: 647px) 100vw, 647px\" \/><\/a><\/p>\n<p>LLIURAMENT DEL BUTLLET\u00cd DE L\u2019AVALUACI\u00d3 FINAL EXTRAORDIN\u00c0RIA : Dilluns 5 DE SETEMBRE A LES 13H A CONSERGERIA<br \/>\nRECLAMACIONS DE NOTES : DIMARTS DIA 6 DE SETEMBRE<\/p>\n","protected":false},"excerpt":{"rendered":"<p>Els ex\u00e0mens extraordinaris de recuperaci\u00f3 de mat\u00e8ries de 1r de Batxillerat es realitzaran els dies 1 i 2 de setembre amb l&#8217;horari que es detalla<br \/>\n<a href=\"https:\/\/agora.xtec.cat\/institut-torrefarrera\/wp-content\/uploads\/usu847\/2022\/07\/extraordinaries.png\"><\/a><br \/>\nLLIURAMENT DEL BUTLLET\u00cd DE L\u2019AVALUACI\u00d3 FINAL EXTRAORDIN\u00c0RIA : Dilluns 5 DE SETEMBRE A LES 13H A CONSERGERIA<br \/>\nRECLAMACIONS DE NOTES :&hellip;  <a href=\"https:\/\/agora.xtec.cat\/institut-torrefarrera\/general\/horaris-examens-extraordinaris-1r-batxillerat\/\" title=\"Read Horaris ex\u00e0mens extraordinaris 1r Batxillerat\">Llegeix m\u00e9s\u00bb<\/a><\/p>\n","protected":false},"author":1,"featured_media":11135,"comment_status":"open","ping_status":"closed","sticky":false,"template":"","format":"standard","meta":{"_bbp_topic_count":0,"_bbp_reply_count":0,"_bbp_total_topic_count":0,"_bbp_total_reply_count":0,"_bbp_voice_count":0,"_bbp_anonymous_reply_count":0,"_bbp_topic_count_hidden":0,"_bbp_reply_count_hidden":0,"_bbp_forum_subforum_count":0,"footnotes":""},"categories":[112,110,1],"tags":[],"class_list":["post-11130","post","type-post","status-publish","format-standard","has-post-thumbnail","hentry","category-avisos","category-difusio","category-general"],"post_mailing_queue_ids":[],"_links":{"self":[{"href":"https:\/\/agora.xtec.cat\/institut-torrefarrera\/wp-json\/wp\/v2\/posts\/11130","targetHints":{"allow":["GET"]}}],"collection":[{"href":"https:\/\/agora.xtec.cat\/institut-torrefarrera\/wp-json\/wp\/v2\/posts"}],"about":[{"href":"https:\/\/agora.xtec.cat\/institut-torrefarrera\/wp-json\/wp\/v2\/types\/post"}],"author":[{"embeddable":true,"href":"https:\/\/agora.xtec.cat\/institut-torrefarrera\/wp-json\/wp\/v2\/users\/1"}],"replies":[{"embeddable":true,"href":"https:\/\/agora.xtec.cat\/institut-torrefarrera\/wp-json\/wp\/v2\/comments?post=11130"}],"version-history":[{"count":1,"href":"https:\/\/agora.xtec.cat\/institut-torrefarrera\/wp-json\/wp\/v2\/posts\/11130\/revisions"}],"predecessor-version":[{"id":11136,"href":"https:\/\/agora.xtec.cat\/institut-torrefarrera\/wp-json\/wp\/v2\/posts\/11130\/revisions\/11136"}],"wp:featuredmedia":[{"embeddable":true,"href":"https:\/\/agora.xtec.cat\/institut-torrefarrera\/wp-json\/wp\/v2\/media\/11135"}],"wp:attachment":[{"href":"https:\/\/agora.xtec.cat\/institut-torrefarrera\/wp-json\/wp\/v2\/media?parent=11130"}],"wp:term":[{"taxonomy":"category","embeddable":true,"href":"https:\/\/agora.xtec.cat\/institut-torrefarrera\/wp-json\/wp\/v2\/categories?post=11130"},{"taxonomy":"post_tag","embeddable":true,"href":"https:\/\/agora.xtec.cat\/institut-torrefarrera\/wp-json\/wp\/v2\/tags?post=11130"}],"curies":[{"name":"wp","href":"https:\/\/api.w.org\/{rel}","templated":true}]}}