{"id":11115,"date":"2022-07-01T09:54:12","date_gmt":"2022-07-01T07:54:12","guid":{"rendered":"https:\/\/agora.xtec.cat\/institut-torrefarrera\/?p=11115"},"modified":"2022-07-21T12:44:08","modified_gmt":"2022-07-21T10:44:08","slug":"tria-de-materies-optatives-1r-2n-i-3r-eso","status":"publish","type":"post","link":"https:\/\/agora.xtec.cat\/institut-torrefarrera\/general\/tria-de-materies-optatives-1r-2n-i-3r-eso\/","title":{"rendered":"Tria de mat\u00e8ries optatives 1r, 2n i 3r ESO"},"content":{"rendered":"<p>A partir d&#8217;avui i fins <strong>el dia 8 de juliol,\u00a0<\/strong>teniu a la vostra disposici\u00f3 el formulari per fer la tria de la mat\u00e8ria que voleu cursar a la franja d&#8217;optatives de 2 hores setmanals.<\/p>\n<p>Fent clic sobre les icones de cada curs trobareu la informaci\u00f3 sobre les mat\u00e8ries optatives que s&#8217;ofereixen a cada nivell i l&#8217;enlla\u00e7 al formulari de tria. Abans d&#8217;escollir, llegiu amb atenci\u00f3 aquesta informaci\u00f3.<\/p>\n<p><a href=\"https:\/\/drive.google.com\/file\/d\/1cfUcNqgZOeJ8rb0CJsxByo42YkUkArXl\/view?usp=sharing\"><img loading=\"lazy\" decoding=\"async\" class=\"size-full wp-image-11119 aligncenter\" src=\"https:\/\/agora.xtec.cat\/institut-torrefarrera\/wp-content\/uploads\/usu847\/2022\/07\/1ESO-1.png\" alt=\"\" width=\"590\" height=\"413\" \/><\/a><\/p>\n<p><a href=\"https:\/\/docs.google.com\/document\/d\/15tt2hotbC9JHASehiqvEBuwsxlpuO3kE\/edit?usp=sharing&amp;ouid=112564285786472345823&amp;rtpof=true&amp;sd=true\" target=\"_blank\" rel=\"noopener\"><img loading=\"lazy\" decoding=\"async\" class=\"size-full wp-image-11120 aligncenter\" src=\"https:\/\/agora.xtec.cat\/institut-torrefarrera\/wp-content\/uploads\/usu847\/2022\/07\/2n-ESO-1.png\" alt=\"\" width=\"633\" height=\"507\" srcset=\"https:\/\/agora.xtec.cat\/institut-torrefarrera\/wp-content\/uploads\/usu847\/2022\/07\/2n-ESO-1.png 633w, https:\/\/agora.xtec.cat\/institut-torrefarrera\/wp-content\/uploads\/usu847\/2022\/07\/2n-ESO-1-300x240.png 300w\" sizes=\"auto, (max-width: 633px) 100vw, 633px\" \/><\/a><\/p>\n<p><a href=\"https:\/\/drive.google.com\/file\/d\/1LZaYzaZpQO_3Ptx_lYhxWVuJzNh_1v6z\/view?usp=sharing\"><img loading=\"lazy\" decoding=\"async\" class=\"size-full wp-image-11121 aligncenter\" src=\"https:\/\/agora.xtec.cat\/institut-torrefarrera\/wp-content\/uploads\/usu847\/2022\/07\/3r-ESO-1.png\" alt=\"\" width=\"613\" height=\"465\" srcset=\"https:\/\/agora.xtec.cat\/institut-torrefarrera\/wp-content\/uploads\/usu847\/2022\/07\/3r-ESO-1.png 613w, https:\/\/agora.xtec.cat\/institut-torrefarrera\/wp-content\/uploads\/usu847\/2022\/07\/3r-ESO-1-300x228.png 300w\" sizes=\"auto, (max-width: 613px) 100vw, 613px\" \/><\/a><\/p>\n<p>&nbsp;<\/p>\n","protected":false},"excerpt":{"rendered":"<p>A partir d&#8217;avui i fins el dia 8 de juliol,\u00a0teniu a la vostra disposici\u00f3 el formulari per fer la tria de la mat\u00e8ria que voleu cursar a la franja d&#8217;optatives de 2 hores setmanals.<br \/>\nFent clic sobre les icones de cada curs trobareu la informaci\u00f3 sobre&hellip;  <a href=\"https:\/\/agora.xtec.cat\/institut-torrefarrera\/general\/tria-de-materies-optatives-1r-2n-i-3r-eso\/\" title=\"Read Tria de mat\u00e8ries optatives 1r, 2n i 3r ESO\">Llegeix m\u00e9s\u00bb<\/a><\/p>\n","protected":false},"author":1,"featured_media":11125,"comment_status":"open","ping_status":"closed","sticky":false,"template":"","format":"standard","meta":{"_bbp_topic_count":0,"_bbp_reply_count":0,"_bbp_total_topic_count":0,"_bbp_total_reply_count":0,"_bbp_voice_count":0,"_bbp_anonymous_reply_count":0,"_bbp_topic_count_hidden":0,"_bbp_reply_count_hidden":0,"_bbp_forum_subforum_count":0,"footnotes":""},"categories":[112,1],"tags":[],"class_list":["post-11115","post","type-post","status-publish","format-standard","has-post-thumbnail","hentry","category-avisos","category-general"],"post_mailing_queue_ids":[],"_links":{"self":[{"href":"https:\/\/agora.xtec.cat\/institut-torrefarrera\/wp-json\/wp\/v2\/posts\/11115","targetHints":{"allow":["GET"]}}],"collection":[{"href":"https:\/\/agora.xtec.cat\/institut-torrefarrera\/wp-json\/wp\/v2\/posts"}],"about":[{"href":"https:\/\/agora.xtec.cat\/institut-torrefarrera\/wp-json\/wp\/v2\/types\/post"}],"author":[{"embeddable":true,"href":"https:\/\/agora.xtec.cat\/institut-torrefarrera\/wp-json\/wp\/v2\/users\/1"}],"replies":[{"embeddable":true,"href":"https:\/\/agora.xtec.cat\/institut-torrefarrera\/wp-json\/wp\/v2\/comments?post=11115"}],"version-history":[{"count":3,"href":"https:\/\/agora.xtec.cat\/institut-torrefarrera\/wp-json\/wp\/v2\/posts\/11115\/revisions"}],"predecessor-version":[{"id":11126,"href":"https:\/\/agora.xtec.cat\/institut-torrefarrera\/wp-json\/wp\/v2\/posts\/11115\/revisions\/11126"}],"wp:featuredmedia":[{"embeddable":true,"href":"https:\/\/agora.xtec.cat\/institut-torrefarrera\/wp-json\/wp\/v2\/media\/11125"}],"wp:attachment":[{"href":"https:\/\/agora.xtec.cat\/institut-torrefarrera\/wp-json\/wp\/v2\/media?parent=11115"}],"wp:term":[{"taxonomy":"category","embeddable":true,"href":"https:\/\/agora.xtec.cat\/institut-torrefarrera\/wp-json\/wp\/v2\/categories?post=11115"},{"taxonomy":"post_tag","embeddable":true,"href":"https:\/\/agora.xtec.cat\/institut-torrefarrera\/wp-json\/wp\/v2\/tags?post=11115"}],"curies":[{"name":"wp","href":"https:\/\/api.w.org\/{rel}","templated":true}]}}