{"id":10972,"date":"2022-05-17T12:12:26","date_gmt":"2022-05-17T10:12:26","guid":{"rendered":"https:\/\/agora.xtec.cat\/institut-torrefarrera\/?p=10972"},"modified":"2022-05-17T12:13:04","modified_gmt":"2022-05-17T10:13:04","slug":"participem-al-mercat-de-tecnologia-2022-de-lice-udl","status":"publish","type":"post","link":"https:\/\/agora.xtec.cat\/institut-torrefarrera\/general\/participem-al-mercat-de-tecnologia-2022-de-lice-udl\/","title":{"rendered":"Participem al Mercat de Tecnologia 2022 de l&#8217;ICE\/UdL"},"content":{"rendered":"<p>El divendres 13 de maig, l&#8217;alumnat de 4t ESO vam participar en la jornada de presentaci\u00f3 de projectes de l&#8217;alumnat, en el marc del Mercat de Tecnologia 2022 que organitza l&#8217;ICE\/UdL. Encara no hi ha la Fira que altres anys ten\u00edem, ja que encara duraven les restriccions aquest curs, per\u00f2 hem portat dos projectes que funcionen gr\u00e0cies a Arduino, la m\u00e0quina expenedora que han desenvolupat Guillem, Pau, Adri\u00e0 i Albert, i la cru\u00eflla amb sem\u00e0for i barrera de pas que han fet Denis, Joel i Alvaro. Els projectes els van presentar els companys davant l&#8217;auditori i el p\u00fablic connectat en streaming.<\/p>\n<p>Despr\u00e9s vam poder gaudir de la confer\u00e8ncia d&#8217;un gran divulgador cient\u00edfic, Josep Anton Catal\u00e0, que ens va parlar de la tecnologia emprada per investigar sobre Mart.<\/p>\n<p>Cal felicitar-los pel bon treball fet!<\/p>\n<p>Podeu veure la sessi\u00f3 completa en aquest video, i si voleu veure als nostres creadors presentant els projectes, mireu a partir del minut 50:29<\/p>\n<p><iframe loading=\"lazy\" src=\"\/\/www.youtube.com\/embed\/qQ3d2FmX4SI\" width=\"560\" height=\"314\" allowfullscreen=\"allowfullscreen\"><\/iframe><\/p>\n<p>I tamb\u00e9 <a href=\"https:\/\/photos.app.goo.gl\/EWJK5hdmvzKyePFD8\" target=\"_blank\" rel=\"noopener\">en podeu trobar les imatges!<\/a><\/p>\n<p><a href=\"https:\/\/photos.app.goo.gl\/EWJK5hdmvzKyePFD8\" target=\"_blank\" rel=\"noopener\"><img loading=\"lazy\" decoding=\"async\" class=\"alignnone size-full wp-image-10973\" src=\"https:\/\/agora.xtec.cat\/institut-torrefarrera\/wp-content\/uploads\/usu847\/2022\/05\/mercatec.jpg\" alt=\"\" width=\"2000\" height=\"1125\" srcset=\"https:\/\/agora.xtec.cat\/institut-torrefarrera\/wp-content\/uploads\/usu847\/2022\/05\/mercatec.jpg 2000w, https:\/\/agora.xtec.cat\/institut-torrefarrera\/wp-content\/uploads\/usu847\/2022\/05\/mercatec-300x169.jpg 300w, https:\/\/agora.xtec.cat\/institut-torrefarrera\/wp-content\/uploads\/usu847\/2022\/05\/mercatec-1024x576.jpg 1024w, https:\/\/agora.xtec.cat\/institut-torrefarrera\/wp-content\/uploads\/usu847\/2022\/05\/mercatec-768x432.jpg 768w, https:\/\/agora.xtec.cat\/institut-torrefarrera\/wp-content\/uploads\/usu847\/2022\/05\/mercatec-1536x864.jpg 1536w\" sizes=\"auto, (max-width: 2000px) 100vw, 2000px\" \/><\/a><\/p>\n","protected":false},"excerpt":{"rendered":"<p>El divendres 13 de maig, l&#8217;alumnat de 4t ESO vam participar en la jornada de presentaci\u00f3 de projectes de l&#8217;alumnat, en el marc del Mercat de Tecnologia 2022 que organitza l&#8217;ICE\/UdL. Encara no hi ha la Fira que altres anys ten\u00edem, ja que encara duraven&hellip;  <a href=\"https:\/\/agora.xtec.cat\/institut-torrefarrera\/general\/participem-al-mercat-de-tecnologia-2022-de-lice-udl\/\" title=\"Read Participem al Mercat de Tecnologia 2022 de l&#8217;ICE\/UdL\">Llegeix m\u00e9s\u00bb<\/a><\/p>\n","protected":false},"author":1,"featured_media":10973,"comment_status":"open","ping_status":"closed","sticky":false,"template":"","format":"standard","meta":{"_bbp_topic_count":0,"_bbp_reply_count":0,"_bbp_total_topic_count":0,"_bbp_total_reply_count":0,"_bbp_voice_count":0,"_bbp_anonymous_reply_count":0,"_bbp_topic_count_hidden":0,"_bbp_reply_count_hidden":0,"_bbp_forum_subforum_count":0,"footnotes":""},"categories":[110,7,1,111,122],"tags":[],"class_list":["post-10972","post","type-post","status-publish","format-standard","has-post-thumbnail","hentry","category-difusio","category-eso-4","category-general","category-sortides","category-tecnologia"],"post_mailing_queue_ids":[],"_links":{"self":[{"href":"https:\/\/agora.xtec.cat\/institut-torrefarrera\/wp-json\/wp\/v2\/posts\/10972","targetHints":{"allow":["GET"]}}],"collection":[{"href":"https:\/\/agora.xtec.cat\/institut-torrefarrera\/wp-json\/wp\/v2\/posts"}],"about":[{"href":"https:\/\/agora.xtec.cat\/institut-torrefarrera\/wp-json\/wp\/v2\/types\/post"}],"author":[{"embeddable":true,"href":"https:\/\/agora.xtec.cat\/institut-torrefarrera\/wp-json\/wp\/v2\/users\/1"}],"replies":[{"embeddable":true,"href":"https:\/\/agora.xtec.cat\/institut-torrefarrera\/wp-json\/wp\/v2\/comments?post=10972"}],"version-history":[{"count":2,"href":"https:\/\/agora.xtec.cat\/institut-torrefarrera\/wp-json\/wp\/v2\/posts\/10972\/revisions"}],"predecessor-version":[{"id":10975,"href":"https:\/\/agora.xtec.cat\/institut-torrefarrera\/wp-json\/wp\/v2\/posts\/10972\/revisions\/10975"}],"wp:featuredmedia":[{"embeddable":true,"href":"https:\/\/agora.xtec.cat\/institut-torrefarrera\/wp-json\/wp\/v2\/media\/10973"}],"wp:attachment":[{"href":"https:\/\/agora.xtec.cat\/institut-torrefarrera\/wp-json\/wp\/v2\/media?parent=10972"}],"wp:term":[{"taxonomy":"category","embeddable":true,"href":"https:\/\/agora.xtec.cat\/institut-torrefarrera\/wp-json\/wp\/v2\/categories?post=10972"},{"taxonomy":"post_tag","embeddable":true,"href":"https:\/\/agora.xtec.cat\/institut-torrefarrera\/wp-json\/wp\/v2\/tags?post=10972"}],"curies":[{"name":"wp","href":"https:\/\/api.w.org\/{rel}","templated":true}]}}