{"id":10915,"date":"2022-04-29T18:08:45","date_gmt":"2022-04-29T16:08:45","guid":{"rendered":"https:\/\/agora.xtec.cat\/institut-torrefarrera\/?p=10915"},"modified":"2022-04-29T18:14:49","modified_gmt":"2022-04-29T16:14:49","slug":"visites-guiades-a-torrefarrera-street-art-a-1r-eso","status":"publish","type":"post","link":"https:\/\/agora.xtec.cat\/institut-torrefarrera\/general\/visites-guiades-a-torrefarrera-street-art-a-1r-eso\/","title":{"rendered":"Visites guiades a Torrefarrera Street Art a 1r ESO"},"content":{"rendered":"<p>Els alumnes de 1r B i 1r D han dut a terme, dins l&#8217;assignatura d&#8217;Educaci\u00f3 Visual i Pl\u00e0stica, una ruta que passa per diferents murals de Torrefarrera. Pr\u00e8viament els alumnes han seleccionat un mural, l&#8217;han analitzat i cercat informaci\u00f3 per despr\u00e9s explicar-lo a la resta de companys.<\/p>\n<p><a href=\"https:\/\/photos.app.goo.gl\/KLA9ym62oMaUrFPF8\" target=\"_blank\" rel=\"noopener\">En tenim imatges clicant aqu\u00ed!<\/a><\/p>\n<p><a href=\"https:\/\/photos.app.goo.gl\/KLA9ym62oMaUrFPF8\" target=\"_blank\" rel=\"noopener\"><img loading=\"lazy\" decoding=\"async\" class=\"alignnone size-full wp-image-10916\" src=\"https:\/\/agora.xtec.cat\/institut-torrefarrera\/wp-content\/uploads\/usu847\/2022\/04\/9d15d454-f5ce-4608-96a2-275f136796e4bis.jpg\" alt=\"\" width=\"1024\" height=\"768\" srcset=\"https:\/\/agora.xtec.cat\/institut-torrefarrera\/wp-content\/uploads\/usu847\/2022\/04\/9d15d454-f5ce-4608-96a2-275f136796e4bis.jpg 1024w, https:\/\/agora.xtec.cat\/institut-torrefarrera\/wp-content\/uploads\/usu847\/2022\/04\/9d15d454-f5ce-4608-96a2-275f136796e4bis-300x225.jpg 300w, https:\/\/agora.xtec.cat\/institut-torrefarrera\/wp-content\/uploads\/usu847\/2022\/04\/9d15d454-f5ce-4608-96a2-275f136796e4bis-768x576.jpg 768w, https:\/\/agora.xtec.cat\/institut-torrefarrera\/wp-content\/uploads\/usu847\/2022\/04\/9d15d454-f5ce-4608-96a2-275f136796e4bis-200x150.jpg 200w\" sizes=\"auto, (max-width: 1024px) 100vw, 1024px\" \/><\/a><\/p>\n<p>&nbsp;<\/p>\n<p><a href=\"https:\/\/photos.app.goo.gl\/KLA9ym62oMaUrFPF8\" target=\"_blank\" rel=\"noopener\">Podeu veure imatges aqu\u00ed!<\/a><\/p>\n<p>&nbsp;<\/p>\n","protected":false},"excerpt":{"rendered":"<p>Els alumnes de 1r B i 1r D han dut a terme, dins l&#8217;assignatura d&#8217;Educaci\u00f3 Visual i Pl\u00e0stica, una ruta que passa per diferents murals de Torrefarrera. Pr\u00e8viament els alumnes han seleccionat un mural, l&#8217;han analitzat i cercat informaci\u00f3 per despr\u00e9s explicar-lo a la resta&hellip;  <a href=\"https:\/\/agora.xtec.cat\/institut-torrefarrera\/general\/visites-guiades-a-torrefarrera-street-art-a-1r-eso\/\" title=\"Read Visites guiades a Torrefarrera Street Art a 1r ESO\">Llegeix m\u00e9s\u00bb<\/a><\/p>\n","protected":false},"author":1,"featured_media":10916,"comment_status":"open","ping_status":"closed","sticky":false,"template":"","format":"standard","meta":{"_bbp_topic_count":0,"_bbp_reply_count":0,"_bbp_total_topic_count":0,"_bbp_total_reply_count":0,"_bbp_voice_count":0,"_bbp_anonymous_reply_count":0,"_bbp_topic_count_hidden":0,"_bbp_reply_count_hidden":0,"_bbp_forum_subforum_count":0,"footnotes":""},"categories":[4,1,111,123],"tags":[],"class_list":["post-10915","post","type-post","status-publish","format-standard","has-post-thumbnail","hentry","category-eso-1","category-general","category-sortides","category-visual-i-plastica"],"post_mailing_queue_ids":[],"_links":{"self":[{"href":"https:\/\/agora.xtec.cat\/institut-torrefarrera\/wp-json\/wp\/v2\/posts\/10915","targetHints":{"allow":["GET"]}}],"collection":[{"href":"https:\/\/agora.xtec.cat\/institut-torrefarrera\/wp-json\/wp\/v2\/posts"}],"about":[{"href":"https:\/\/agora.xtec.cat\/institut-torrefarrera\/wp-json\/wp\/v2\/types\/post"}],"author":[{"embeddable":true,"href":"https:\/\/agora.xtec.cat\/institut-torrefarrera\/wp-json\/wp\/v2\/users\/1"}],"replies":[{"embeddable":true,"href":"https:\/\/agora.xtec.cat\/institut-torrefarrera\/wp-json\/wp\/v2\/comments?post=10915"}],"version-history":[{"count":2,"href":"https:\/\/agora.xtec.cat\/institut-torrefarrera\/wp-json\/wp\/v2\/posts\/10915\/revisions"}],"predecessor-version":[{"id":10922,"href":"https:\/\/agora.xtec.cat\/institut-torrefarrera\/wp-json\/wp\/v2\/posts\/10915\/revisions\/10922"}],"wp:featuredmedia":[{"embeddable":true,"href":"https:\/\/agora.xtec.cat\/institut-torrefarrera\/wp-json\/wp\/v2\/media\/10916"}],"wp:attachment":[{"href":"https:\/\/agora.xtec.cat\/institut-torrefarrera\/wp-json\/wp\/v2\/media?parent=10915"}],"wp:term":[{"taxonomy":"category","embeddable":true,"href":"https:\/\/agora.xtec.cat\/institut-torrefarrera\/wp-json\/wp\/v2\/categories?post=10915"},{"taxonomy":"post_tag","embeddable":true,"href":"https:\/\/agora.xtec.cat\/institut-torrefarrera\/wp-json\/wp\/v2\/tags?post=10915"}],"curies":[{"name":"wp","href":"https:\/\/api.w.org\/{rel}","templated":true}]}}