{"id":10802,"date":"2022-03-25T23:40:16","date_gmt":"2022-03-25T22:40:16","guid":{"rendered":"https:\/\/agora.xtec.cat\/institut-torrefarrera\/?p=10802"},"modified":"2022-03-25T23:44:42","modified_gmt":"2022-03-25T22:44:42","slug":"expliquem-el-projecte-dinnovacio-apadrinem-lalzinar-a-lleida-tv","status":"publish","type":"post","link":"https:\/\/agora.xtec.cat\/institut-torrefarrera\/general\/expliquem-el-projecte-dinnovacio-apadrinem-lalzinar-a-lleida-tv\/","title":{"rendered":"Expliquem el projecte d&#8217;innovaci\u00f3 &#8220;Apadrinem l&#8217;Alzinar&#8221; a Lleida TV"},"content":{"rendered":"<p><a href=\"https:\/\/agora.xtec.cat\/institut-torrefarrera\/wp-content\/uploads\/usu847\/2022\/03\/image_6483441-2.jpg\"><img loading=\"lazy\" decoding=\"async\" class=\"alignnone size-large wp-image-10803\" src=\"https:\/\/agora.xtec.cat\/institut-torrefarrera\/wp-content\/uploads\/usu847\/2022\/03\/image_6483441-2-1024x768.jpg\" alt=\"\" width=\"1024\" height=\"768\" srcset=\"https:\/\/agora.xtec.cat\/institut-torrefarrera\/wp-content\/uploads\/usu847\/2022\/03\/image_6483441-2-1024x768.jpg 1024w, https:\/\/agora.xtec.cat\/institut-torrefarrera\/wp-content\/uploads\/usu847\/2022\/03\/image_6483441-2-300x225.jpg 300w, https:\/\/agora.xtec.cat\/institut-torrefarrera\/wp-content\/uploads\/usu847\/2022\/03\/image_6483441-2-768x576.jpg 768w, https:\/\/agora.xtec.cat\/institut-torrefarrera\/wp-content\/uploads\/usu847\/2022\/03\/image_6483441-2-1536x1152.jpg 1536w, https:\/\/agora.xtec.cat\/institut-torrefarrera\/wp-content\/uploads\/usu847\/2022\/03\/image_6483441-2-200x150.jpg 200w, https:\/\/agora.xtec.cat\/institut-torrefarrera\/wp-content\/uploads\/usu847\/2022\/03\/image_6483441-2.jpg 2000w\" sizes=\"auto, (max-width: 1024px) 100vw, 1024px\" \/><\/a><\/p>\n<p>El passat dimarts 22 de mar\u00e7, una representaci\u00f3 de l&#8217;institut Joan Sol\u00e0, vam anar al programa &#8220;Adiari&#8221; de TV Lleida a explicar el projecte d&#8217;innovaci\u00f3 &#8220;Apadrinem l&#8217;alzinar&#8221; i tamb\u00e9, en general, el programa d&#8217;Escola Verda.<\/p>\n<p>Hi vam anar una comissi\u00f3 formada per Germ\u00e1n Estudillos, coordinador d&#8217;Escola Verda, Gemma Torrent, Coordinadora del projecte &#8220;Apadrinem l&#8217;alzinar&#8221; i Alba P\u00e9rez, alumna de 1r de batxillerat i delegada ambiental.<\/p>\n<p>El presentador i director del programa, Santi Roig, ens va demanar que expliqu\u00e9ssim en qu\u00e8 consisteix el programa Escola Verda i tamb\u00e9 que parl\u00e9ssim dels diferents projectes que es fan al centre, entre els quals hi ha l&#8217;anomenat &#8220;Apadrinem l&#8217;Alzinar&#8221;.<\/p>\n<p>Aqu\u00ed teniu l&#8217;entrevista!<\/p>\n<p><a href=\"https:\/\/lleidatv.alacarta.cat\/adiari\/tall\/tall-1dimarts-22_03_2022\" target=\"_blank\" rel=\"noopener\"><img loading=\"lazy\" decoding=\"async\" class=\"alignnone size-full wp-image-10807\" src=\"https:\/\/agora.xtec.cat\/institut-torrefarrera\/wp-content\/uploads\/usu847\/2022\/03\/alzinatv.jpg\" alt=\"\" width=\"645\" height=\"369\" srcset=\"https:\/\/agora.xtec.cat\/institut-torrefarrera\/wp-content\/uploads\/usu847\/2022\/03\/alzinatv.jpg 645w, https:\/\/agora.xtec.cat\/institut-torrefarrera\/wp-content\/uploads\/usu847\/2022\/03\/alzinatv-300x172.jpg 300w\" sizes=\"auto, (max-width: 645px) 100vw, 645px\" \/><\/a><\/p>\n<p>COMISSI\u00d3 ESCOLA VERDA<\/p>\n","protected":false},"excerpt":{"rendered":"<p><a href=\"https:\/\/agora.xtec.cat\/institut-torrefarrera\/wp-content\/uploads\/usu847\/2022\/03\/image_6483441-2.jpg\"><\/a><br \/>\nEl passat dimarts 22 de mar\u00e7, una representaci\u00f3 de l&#8217;institut Joan Sol\u00e0, vam anar al programa &#8220;Adiari&#8221; de TV Lleida a explicar el projecte d&#8217;innovaci\u00f3 &#8220;Apadrinem l&#8217;alzinar&#8221; i tamb\u00e9, en general, el programa d&#8217;Escola Verda.<br \/>\nHi vam anar una comissi\u00f3 formada per Germ\u00e1n Estudillos, coordinador&hellip;  <a href=\"https:\/\/agora.xtec.cat\/institut-torrefarrera\/general\/expliquem-el-projecte-dinnovacio-apadrinem-lalzinar-a-lleida-tv\/\" title=\"Read Expliquem el projecte d&#8217;innovaci\u00f3 &#8220;Apadrinem l&#8217;Alzinar&#8221; a Lleida TV\">Llegeix m\u00e9s\u00bb<\/a><\/p>\n","protected":false},"author":359,"featured_media":10803,"comment_status":"open","ping_status":"closed","sticky":false,"template":"","format":"standard","meta":{"_bbp_topic_count":0,"_bbp_reply_count":0,"_bbp_total_topic_count":0,"_bbp_total_reply_count":0,"_bbp_voice_count":0,"_bbp_anonymous_reply_count":0,"_bbp_topic_count_hidden":0,"_bbp_reply_count_hidden":0,"_bbp_forum_subforum_count":0,"footnotes":""},"categories":[152,110,124,1,108,128],"tags":[],"class_list":["post-10802","post","type-post","status-publish","format-standard","has-post-thumbnail","hentry","category-aprenentatge-i-servei","category-difusio","category-escola-verda","category-general","category-projectes-de-centre","category-valors-etics"],"post_mailing_queue_ids":[],"_links":{"self":[{"href":"https:\/\/agora.xtec.cat\/institut-torrefarrera\/wp-json\/wp\/v2\/posts\/10802","targetHints":{"allow":["GET"]}}],"collection":[{"href":"https:\/\/agora.xtec.cat\/institut-torrefarrera\/wp-json\/wp\/v2\/posts"}],"about":[{"href":"https:\/\/agora.xtec.cat\/institut-torrefarrera\/wp-json\/wp\/v2\/types\/post"}],"author":[{"embeddable":true,"href":"https:\/\/agora.xtec.cat\/institut-torrefarrera\/wp-json\/wp\/v2\/users\/359"}],"replies":[{"embeddable":true,"href":"https:\/\/agora.xtec.cat\/institut-torrefarrera\/wp-json\/wp\/v2\/comments?post=10802"}],"version-history":[{"count":3,"href":"https:\/\/agora.xtec.cat\/institut-torrefarrera\/wp-json\/wp\/v2\/posts\/10802\/revisions"}],"predecessor-version":[{"id":10808,"href":"https:\/\/agora.xtec.cat\/institut-torrefarrera\/wp-json\/wp\/v2\/posts\/10802\/revisions\/10808"}],"wp:featuredmedia":[{"embeddable":true,"href":"https:\/\/agora.xtec.cat\/institut-torrefarrera\/wp-json\/wp\/v2\/media\/10803"}],"wp:attachment":[{"href":"https:\/\/agora.xtec.cat\/institut-torrefarrera\/wp-json\/wp\/v2\/media?parent=10802"}],"wp:term":[{"taxonomy":"category","embeddable":true,"href":"https:\/\/agora.xtec.cat\/institut-torrefarrera\/wp-json\/wp\/v2\/categories?post=10802"},{"taxonomy":"post_tag","embeddable":true,"href":"https:\/\/agora.xtec.cat\/institut-torrefarrera\/wp-json\/wp\/v2\/tags?post=10802"}],"curies":[{"name":"wp","href":"https:\/\/api.w.org\/{rel}","templated":true}]}}