{"id":10777,"date":"2022-03-12T11:36:16","date_gmt":"2022-03-12T10:36:16","guid":{"rendered":"https:\/\/agora.xtec.cat\/institut-torrefarrera\/?p=10777"},"modified":"2022-03-12T12:51:51","modified_gmt":"2022-03-12T11:51:51","slug":"collaborem-en-el-video-stop-motion-mai-mes-bombes-sobre-les-escoles-creat-per-animac","status":"publish","type":"post","link":"https:\/\/agora.xtec.cat\/institut-torrefarrera\/general\/collaborem-en-el-video-stop-motion-mai-mes-bombes-sobre-les-escoles-creat-per-animac\/","title":{"rendered":"Col\u00b7laborem en el v\u00eddeo Stop-Motion &#8220;Mai m\u00e9s bombes sobre les escoles&#8221; per la mostra Animac"},"content":{"rendered":"<p>Amb motiu de la mostra Animac de cinema d&#8217;animaci\u00f3 a Lleida, alumnes del nostre centre han aportat la seva creativitat per fer escenes en el curt &#8220;Mai m\u00e9s bombes sobre les escoles&#8221;. Al mateix moment que els bombardejos cauen sobre les ciutats i escoles a Ucra\u00efna, \u00e9s trist per\u00f2 encara ho hem de seguir dient.<\/p>\n<p>Amb el suport del cineasta i animador Emilio Mart\u00ed i l\u2019acompanyament t\u00e8cnic d\u2019estudiants del Cicle d\u2019Animaci\u00f3 de l\u2019Escola Municipal d\u2019Art Leandre Crist\u00f2fol, alumnes de diferents centres educatius han contribu\u00eft un curtmetratge amb la t\u00e8cnica d\u2019animaci\u00f3 Stop Motion.<\/p>\n<p>Agafant com a refer\u00e8ncia i fil conductor el bombardeig de Lleida del 2 de novembre de 1937, la Coordinadora volem convidar als centres educatius a treballar el dret a l\u2019educaci\u00f3 i el dret a la inf\u00e0ncia.<\/p>\n<p>Podeu veure el curt i el Making-off oficial, on es veuen creacions del nostre alumnat, en els v\u00eddeos seg\u00fcents. Cal felicitar a l&#8217;alumnat que hi ha participat!!<\/p>\n<p><iframe loading=\"lazy\" src=\"\/\/www.youtube.com\/embed\/WsCrvp4qe4U\" width=\"560\" height=\"314\" allowfullscreen=\"allowfullscreen\"><\/iframe><\/p>\n<p><iframe loading=\"lazy\" src=\"\/\/www.youtube.com\/embed\/9FPY80gfpqQ\" width=\"560\" height=\"314\" allowfullscreen=\"allowfullscreen\"><\/iframe><\/p>\n","protected":false},"excerpt":{"rendered":"<p>Amb motiu de la mostra Animac de cinema d&#8217;animaci\u00f3 a Lleida, alumnes del nostre centre han aportat la seva creativitat per fer escenes en el curt &#8220;Mai m\u00e9s bombes sobre les escoles&#8221;. Al mateix moment que els bombardejos cauen sobre les ciutats i escoles a&hellip;  <a href=\"https:\/\/agora.xtec.cat\/institut-torrefarrera\/general\/collaborem-en-el-video-stop-motion-mai-mes-bombes-sobre-les-escoles-creat-per-animac\/\" title=\"Read Col\u00b7laborem en el v\u00eddeo Stop-Motion &#8220;Mai m\u00e9s bombes sobre les escoles&#8221; per la mostra Animac\">Llegeix m\u00e9s\u00bb<\/a><\/p>\n","protected":false},"author":1,"featured_media":10778,"comment_status":"open","ping_status":"closed","sticky":false,"template":"","format":"standard","meta":{"_bbp_topic_count":0,"_bbp_reply_count":0,"_bbp_total_topic_count":0,"_bbp_total_reply_count":0,"_bbp_voice_count":0,"_bbp_anonymous_reply_count":0,"_bbp_topic_count_hidden":0,"_bbp_reply_count_hidden":0,"_bbp_forum_subforum_count":0,"footnotes":""},"categories":[165,110,7,1,150,128],"tags":[],"class_list":["post-10777","post","type-post","status-publish","format-standard","has-post-thumbnail","hentry","category-audiovisual","category-difusio","category-eso-4","category-general","category-orientacio","category-valors-etics"],"post_mailing_queue_ids":[],"_links":{"self":[{"href":"https:\/\/agora.xtec.cat\/institut-torrefarrera\/wp-json\/wp\/v2\/posts\/10777","targetHints":{"allow":["GET"]}}],"collection":[{"href":"https:\/\/agora.xtec.cat\/institut-torrefarrera\/wp-json\/wp\/v2\/posts"}],"about":[{"href":"https:\/\/agora.xtec.cat\/institut-torrefarrera\/wp-json\/wp\/v2\/types\/post"}],"author":[{"embeddable":true,"href":"https:\/\/agora.xtec.cat\/institut-torrefarrera\/wp-json\/wp\/v2\/users\/1"}],"replies":[{"embeddable":true,"href":"https:\/\/agora.xtec.cat\/institut-torrefarrera\/wp-json\/wp\/v2\/comments?post=10777"}],"version-history":[{"count":2,"href":"https:\/\/agora.xtec.cat\/institut-torrefarrera\/wp-json\/wp\/v2\/posts\/10777\/revisions"}],"predecessor-version":[{"id":10791,"href":"https:\/\/agora.xtec.cat\/institut-torrefarrera\/wp-json\/wp\/v2\/posts\/10777\/revisions\/10791"}],"wp:featuredmedia":[{"embeddable":true,"href":"https:\/\/agora.xtec.cat\/institut-torrefarrera\/wp-json\/wp\/v2\/media\/10778"}],"wp:attachment":[{"href":"https:\/\/agora.xtec.cat\/institut-torrefarrera\/wp-json\/wp\/v2\/media?parent=10777"}],"wp:term":[{"taxonomy":"category","embeddable":true,"href":"https:\/\/agora.xtec.cat\/institut-torrefarrera\/wp-json\/wp\/v2\/categories?post=10777"},{"taxonomy":"post_tag","embeddable":true,"href":"https:\/\/agora.xtec.cat\/institut-torrefarrera\/wp-json\/wp\/v2\/tags?post=10777"}],"curies":[{"name":"wp","href":"https:\/\/api.w.org\/{rel}","templated":true}]}}