{"id":10679,"date":"2022-02-25T10:27:54","date_gmt":"2022-02-25T09:27:54","guid":{"rendered":"https:\/\/agora.xtec.cat\/institut-torrefarrera\/?p=10679"},"modified":"2022-02-25T10:27:54","modified_gmt":"2022-02-25T09:27:54","slug":"linstitut-joan-sola-apadrina-lalzinar-de-torrefarrera","status":"publish","type":"post","link":"https:\/\/agora.xtec.cat\/institut-torrefarrera\/general\/linstitut-joan-sola-apadrina-lalzinar-de-torrefarrera\/","title":{"rendered":"L&#8217;institut Joan Sol\u00e0 apadrina l&#8217;alzinar de Torrefarrera"},"content":{"rendered":"<p>Avui 24 de febrer, delegades i delegats ambientals d&#8217;ESO i Batxillerat de l&#8217;Institut Joan Sol\u00e0 han participat en activitats educatives a l&#8217;espai natural de l&#8217;Alzinar de Torrefarrera i han fet un reconeixement de l&#8217;estat de l&#8217;espai, tot recollint deixalles que han anat trobant. Aquesta actuaci\u00f3 s&#8217;inscriu en el projecte d&#8217;Innovaci\u00f3 Educativa &#8220;Apadrinem l&#8217;Alzinar&#8221;, que l&#8217;Institut Joan Sol\u00e0 empr\u00e8n aquest curs en coordinaci\u00f3 amb l&#8217;Ajuntament de Torrefarrera i l&#8217;Escola La Creu. L&#8217;Alzinar \u00e9s un bosc d&#8217;alzines amb flora arbustiva i herb\u00e0cia caracter\u00edstica del clima semi\u00e0rid.<\/p>\n<p>En aquesta activitat, que podem considerar la presentaci\u00f3 oficial\u00a0<em>in situ<\/em> del nostre projecte, ha vingut l&#8217;unitat m\u00f2bil de TV3 per entrevistar i filmar un resum de la nostra actuaci\u00f3 (amb la nostra ex-alumna Laia Berenguer formant part de l&#8217;equip de periodistes!), i hem tingut la pres\u00e8ncia de representants de l&#8217;Ajuntament i del Centre de Recursos Pedag\u00f2gics, que han valorat positivament les accions sobre l&#8217;espai natural, i remarcat la fragilitat de l&#8217;espai i la conveni\u00e8ncia de respectar-lo i mantenir-lo.<\/p>\n<p>Durant el present curs i els propers, desenvoluparem accions per donar a con\u00e8ixer el valor d&#8217;aquest espai natural i contribuir a la seva adequada conservaci\u00f3.<\/p>\n<p>En l&#8217;activitat tamb\u00e9 hem recollit i classificat 22,5 kg de residus diversos, que els operaris de l&#8217;Ajuntament de Torrefarrera han portat a la deixalleria.<\/p>\n<p>L&#8217;alumnat de Cultura Audiovisual de 1r Batxillerat ha participat en l&#8217;activitat per obtenir un bon testimoni gr\u00e0fic i creatiu de la nostra activitat.<\/p>\n<p><a href=\"https:\/\/photos.app.goo.gl\/znuzzqNqbzA7MJs6A\" target=\"_blank\" rel=\"noopener\">En podeu veure for\u00e7a imatges!<\/a><\/p>\n<p><a href=\"https:\/\/agora.xtec.cat\/institut-torrefarrera\/wp-content\/uploads\/usu847\/2022\/02\/image_50386945-scaled.jpg\"><img loading=\"lazy\" decoding=\"async\" class=\"alignnone size-full wp-image-10680\" src=\"https:\/\/agora.xtec.cat\/institut-torrefarrera\/wp-content\/uploads\/usu847\/2022\/02\/image_50386945-scaled.jpg\" alt=\"\" width=\"2560\" height=\"1920\" srcset=\"https:\/\/agora.xtec.cat\/institut-torrefarrera\/wp-content\/uploads\/usu847\/2022\/02\/image_50386945-scaled.jpg 2560w, https:\/\/agora.xtec.cat\/institut-torrefarrera\/wp-content\/uploads\/usu847\/2022\/02\/image_50386945-300x225.jpg 300w, https:\/\/agora.xtec.cat\/institut-torrefarrera\/wp-content\/uploads\/usu847\/2022\/02\/image_50386945-1024x768.jpg 1024w, https:\/\/agora.xtec.cat\/institut-torrefarrera\/wp-content\/uploads\/usu847\/2022\/02\/image_50386945-768x576.jpg 768w, https:\/\/agora.xtec.cat\/institut-torrefarrera\/wp-content\/uploads\/usu847\/2022\/02\/image_50386945-1536x1152.jpg 1536w, https:\/\/agora.xtec.cat\/institut-torrefarrera\/wp-content\/uploads\/usu847\/2022\/02\/image_50386945-2048x1536.jpg 2048w, https:\/\/agora.xtec.cat\/institut-torrefarrera\/wp-content\/uploads\/usu847\/2022\/02\/image_50386945-200x150.jpg 200w\" sizes=\"auto, (max-width: 2560px) 100vw, 2560px\" \/><\/a> <a href=\"https:\/\/agora.xtec.cat\/institut-torrefarrera\/wp-content\/uploads\/usu847\/2022\/02\/image_50736897-scaled.jpg\"><img loading=\"lazy\" decoding=\"async\" class=\"alignnone size-full wp-image-10681\" src=\"https:\/\/agora.xtec.cat\/institut-torrefarrera\/wp-content\/uploads\/usu847\/2022\/02\/image_50736897-scaled.jpg\" alt=\"\" width=\"2560\" height=\"1920\" srcset=\"https:\/\/agora.xtec.cat\/institut-torrefarrera\/wp-content\/uploads\/usu847\/2022\/02\/image_50736897-scaled.jpg 2560w, https:\/\/agora.xtec.cat\/institut-torrefarrera\/wp-content\/uploads\/usu847\/2022\/02\/image_50736897-300x225.jpg 300w, https:\/\/agora.xtec.cat\/institut-torrefarrera\/wp-content\/uploads\/usu847\/2022\/02\/image_50736897-1024x768.jpg 1024w, https:\/\/agora.xtec.cat\/institut-torrefarrera\/wp-content\/uploads\/usu847\/2022\/02\/image_50736897-768x576.jpg 768w, https:\/\/agora.xtec.cat\/institut-torrefarrera\/wp-content\/uploads\/usu847\/2022\/02\/image_50736897-1536x1152.jpg 1536w, https:\/\/agora.xtec.cat\/institut-torrefarrera\/wp-content\/uploads\/usu847\/2022\/02\/image_50736897-2048x1536.jpg 2048w, https:\/\/agora.xtec.cat\/institut-torrefarrera\/wp-content\/uploads\/usu847\/2022\/02\/image_50736897-200x150.jpg 200w\" sizes=\"auto, (max-width: 2560px) 100vw, 2560px\" \/><\/a> <a href=\"https:\/\/photos.app.goo.gl\/znuzzqNqbzA7MJs6A\" target=\"_blank\" rel=\"noopener\"><img loading=\"lazy\" decoding=\"async\" class=\"alignnone size-full wp-image-10682\" src=\"https:\/\/agora.xtec.cat\/institut-torrefarrera\/wp-content\/uploads\/usu847\/2022\/02\/IMG_20220224_132303-scaled.jpg\" alt=\"\" width=\"2560\" height=\"1920\" srcset=\"https:\/\/agora.xtec.cat\/institut-torrefarrera\/wp-content\/uploads\/usu847\/2022\/02\/IMG_20220224_132303-scaled.jpg 2560w, https:\/\/agora.xtec.cat\/institut-torrefarrera\/wp-content\/uploads\/usu847\/2022\/02\/IMG_20220224_132303-300x225.jpg 300w, https:\/\/agora.xtec.cat\/institut-torrefarrera\/wp-content\/uploads\/usu847\/2022\/02\/IMG_20220224_132303-1024x768.jpg 1024w, https:\/\/agora.xtec.cat\/institut-torrefarrera\/wp-content\/uploads\/usu847\/2022\/02\/IMG_20220224_132303-768x576.jpg 768w, https:\/\/agora.xtec.cat\/institut-torrefarrera\/wp-content\/uploads\/usu847\/2022\/02\/IMG_20220224_132303-1536x1152.jpg 1536w, https:\/\/agora.xtec.cat\/institut-torrefarrera\/wp-content\/uploads\/usu847\/2022\/02\/IMG_20220224_132303-2048x1536.jpg 2048w, https:\/\/agora.xtec.cat\/institut-torrefarrera\/wp-content\/uploads\/usu847\/2022\/02\/IMG_20220224_132303-200x150.jpg 200w\" sizes=\"auto, (max-width: 2560px) 100vw, 2560px\" \/><\/a> <a href=\"https:\/\/photos.app.goo.gl\/znuzzqNqbzA7MJs6A\" target=\"_blank\" rel=\"noopener\"><img loading=\"lazy\" decoding=\"async\" class=\"alignnone size-full wp-image-10683\" src=\"https:\/\/agora.xtec.cat\/institut-torrefarrera\/wp-content\/uploads\/usu847\/2022\/02\/IMG_20220224_133508-scaled.jpg\" alt=\"\" width=\"2560\" height=\"1920\" srcset=\"https:\/\/agora.xtec.cat\/institut-torrefarrera\/wp-content\/uploads\/usu847\/2022\/02\/IMG_20220224_133508-scaled.jpg 2560w, https:\/\/agora.xtec.cat\/institut-torrefarrera\/wp-content\/uploads\/usu847\/2022\/02\/IMG_20220224_133508-300x225.jpg 300w, https:\/\/agora.xtec.cat\/institut-torrefarrera\/wp-content\/uploads\/usu847\/2022\/02\/IMG_20220224_133508-1024x768.jpg 1024w, https:\/\/agora.xtec.cat\/institut-torrefarrera\/wp-content\/uploads\/usu847\/2022\/02\/IMG_20220224_133508-768x576.jpg 768w, https:\/\/agora.xtec.cat\/institut-torrefarrera\/wp-content\/uploads\/usu847\/2022\/02\/IMG_20220224_133508-1536x1152.jpg 1536w, https:\/\/agora.xtec.cat\/institut-torrefarrera\/wp-content\/uploads\/usu847\/2022\/02\/IMG_20220224_133508-2048x1536.jpg 2048w, https:\/\/agora.xtec.cat\/institut-torrefarrera\/wp-content\/uploads\/usu847\/2022\/02\/IMG_20220224_133508-200x150.jpg 200w\" sizes=\"auto, (max-width: 2560px) 100vw, 2560px\" \/><\/a> <a href=\"https:\/\/photos.app.goo.gl\/znuzzqNqbzA7MJs6A\" target=\"_blank\" rel=\"noopener\"><img loading=\"lazy\" decoding=\"async\" class=\"alignnone size-full wp-image-10684\" src=\"https:\/\/agora.xtec.cat\/institut-torrefarrera\/wp-content\/uploads\/usu847\/2022\/02\/IMG_20220224_141353-scaled.jpg\" alt=\"\" width=\"2560\" height=\"1920\" srcset=\"https:\/\/agora.xtec.cat\/institut-torrefarrera\/wp-content\/uploads\/usu847\/2022\/02\/IMG_20220224_141353-scaled.jpg 2560w, https:\/\/agora.xtec.cat\/institut-torrefarrera\/wp-content\/uploads\/usu847\/2022\/02\/IMG_20220224_141353-300x225.jpg 300w, https:\/\/agora.xtec.cat\/institut-torrefarrera\/wp-content\/uploads\/usu847\/2022\/02\/IMG_20220224_141353-1024x768.jpg 1024w, https:\/\/agora.xtec.cat\/institut-torrefarrera\/wp-content\/uploads\/usu847\/2022\/02\/IMG_20220224_141353-768x576.jpg 768w, https:\/\/agora.xtec.cat\/institut-torrefarrera\/wp-content\/uploads\/usu847\/2022\/02\/IMG_20220224_141353-1536x1152.jpg 1536w, https:\/\/agora.xtec.cat\/institut-torrefarrera\/wp-content\/uploads\/usu847\/2022\/02\/IMG_20220224_141353-2048x1536.jpg 2048w, https:\/\/agora.xtec.cat\/institut-torrefarrera\/wp-content\/uploads\/usu847\/2022\/02\/IMG_20220224_141353-200x150.jpg 200w\" sizes=\"auto, (max-width: 2560px) 100vw, 2560px\" \/><\/a><\/p>\n","protected":false},"excerpt":{"rendered":"<p>Avui 24 de febrer, delegades i delegats ambientals d&#8217;ESO i Batxillerat de l&#8217;Institut Joan Sol\u00e0 han participat en activitats educatives a l&#8217;espai natural de l&#8217;Alzinar de Torrefarrera i han fet un reconeixement de l&#8217;estat de l&#8217;espai, tot recollint deixalles que han anat trobant. Aquesta actuaci\u00f3&hellip;  <a href=\"https:\/\/agora.xtec.cat\/institut-torrefarrera\/general\/linstitut-joan-sola-apadrina-lalzinar-de-torrefarrera\/\" title=\"Read L&#8217;institut Joan Sol\u00e0 apadrina l&#8217;alzinar de Torrefarrera\">Llegeix m\u00e9s\u00bb<\/a><\/p>\n","protected":false},"author":1,"featured_media":10680,"comment_status":"open","ping_status":"closed","sticky":false,"template":"","format":"standard","meta":{"_bbp_topic_count":0,"_bbp_reply_count":0,"_bbp_total_topic_count":0,"_bbp_total_reply_count":0,"_bbp_voice_count":0,"_bbp_anonymous_reply_count":0,"_bbp_topic_count_hidden":0,"_bbp_reply_count_hidden":0,"_bbp_forum_subforum_count":0,"footnotes":""},"categories":[152,120,110,157,124,1,108,111,128],"tags":[],"class_list":["post-10679","post","type-post","status-publish","format-standard","has-post-thumbnail","hentry","category-aprenentatge-i-servei","category-ciencies-naturals","category-difusio","category-emprenedoria","category-escola-verda","category-general","category-projectes-de-centre","category-sortides","category-valors-etics"],"post_mailing_queue_ids":[],"_links":{"self":[{"href":"https:\/\/agora.xtec.cat\/institut-torrefarrera\/wp-json\/wp\/v2\/posts\/10679","targetHints":{"allow":["GET"]}}],"collection":[{"href":"https:\/\/agora.xtec.cat\/institut-torrefarrera\/wp-json\/wp\/v2\/posts"}],"about":[{"href":"https:\/\/agora.xtec.cat\/institut-torrefarrera\/wp-json\/wp\/v2\/types\/post"}],"author":[{"embeddable":true,"href":"https:\/\/agora.xtec.cat\/institut-torrefarrera\/wp-json\/wp\/v2\/users\/1"}],"replies":[{"embeddable":true,"href":"https:\/\/agora.xtec.cat\/institut-torrefarrera\/wp-json\/wp\/v2\/comments?post=10679"}],"version-history":[{"count":1,"href":"https:\/\/agora.xtec.cat\/institut-torrefarrera\/wp-json\/wp\/v2\/posts\/10679\/revisions"}],"predecessor-version":[{"id":10685,"href":"https:\/\/agora.xtec.cat\/institut-torrefarrera\/wp-json\/wp\/v2\/posts\/10679\/revisions\/10685"}],"wp:featuredmedia":[{"embeddable":true,"href":"https:\/\/agora.xtec.cat\/institut-torrefarrera\/wp-json\/wp\/v2\/media\/10680"}],"wp:attachment":[{"href":"https:\/\/agora.xtec.cat\/institut-torrefarrera\/wp-json\/wp\/v2\/media?parent=10679"}],"wp:term":[{"taxonomy":"category","embeddable":true,"href":"https:\/\/agora.xtec.cat\/institut-torrefarrera\/wp-json\/wp\/v2\/categories?post=10679"},{"taxonomy":"post_tag","embeddable":true,"href":"https:\/\/agora.xtec.cat\/institut-torrefarrera\/wp-json\/wp\/v2\/tags?post=10679"}],"curies":[{"name":"wp","href":"https:\/\/api.w.org\/{rel}","templated":true}]}}