{"id":10542,"date":"2022-01-22T10:40:24","date_gmt":"2022-01-22T09:40:24","guid":{"rendered":"https:\/\/agora.xtec.cat\/institut-torrefarrera\/?p=10542"},"modified":"2022-01-22T10:40:24","modified_gmt":"2022-01-22T09:40:24","slug":"participem-al-concurs-apilo-xii-de-recollida-de-piles-usades","status":"publish","type":"post","link":"https:\/\/agora.xtec.cat\/institut-torrefarrera\/general\/participem-al-concurs-apilo-xii-de-recollida-de-piles-usades\/","title":{"rendered":"Participem al concurs Apilo XII de recollida de piles usades!"},"content":{"rendered":"<p>Us informem que ens hem inscrit des del nostre centre al concurs Apilo XII, en el qual participen escoles i instituts de tot Catalunya. Es tracta de recollir el m\u00e0xim nombre de piles al contenidor que tenim al centre, per optar a premis econ\u00f2mics per les escoles.<\/p>\n<p>Com sabeu, les piles i les bateries de m\u00f2bils s\u00f3n residus altament contaminants que no s&#8217;han de barrejar amb la resta de la brossa, i el procediment correcte \u00e9s llen\u00e7ar-los en contenidors espec\u00edfics per aquests materials.<\/p>\n<p>Podeu dipositar les piles gastades al contenidor Apilo situat al hall de l&#8217;Institut. Tenim fins al 13 de maig per recollir-ne moltes!<\/p>\n<p>Gr\u00e0cies per endavant per la vostra col\u00b7laboraci\u00f3!<\/p>\n<p>Comissi\u00f3 Ambiental i Salut<\/p>\n<p><a href=\"https:\/\/agora.xtec.cat\/institut-torrefarrera\/wp-content\/uploads\/usu847\/2022\/01\/Screenshot-2019-01-23-at-15.37.35.png\"><img loading=\"lazy\" decoding=\"async\" class=\"alignnone size-full wp-image-10543\" src=\"https:\/\/agora.xtec.cat\/institut-torrefarrera\/wp-content\/uploads\/usu847\/2022\/01\/Screenshot-2019-01-23-at-15.37.35.png\" alt=\"\" width=\"572\" height=\"360\" srcset=\"https:\/\/agora.xtec.cat\/institut-torrefarrera\/wp-content\/uploads\/usu847\/2022\/01\/Screenshot-2019-01-23-at-15.37.35.png 572w, https:\/\/agora.xtec.cat\/institut-torrefarrera\/wp-content\/uploads\/usu847\/2022\/01\/Screenshot-2019-01-23-at-15.37.35-300x189.png 300w\" sizes=\"auto, (max-width: 572px) 100vw, 572px\" \/><\/a><\/p>\n","protected":false},"excerpt":{"rendered":"<p>Us informem que ens hem inscrit des del nostre centre al concurs Apilo XII, en el qual participen escoles i instituts de tot Catalunya. Es tracta de recollir el m\u00e0xim nombre de piles al contenidor que tenim al centre, per optar a premis econ\u00f2mics per&hellip;  <a href=\"https:\/\/agora.xtec.cat\/institut-torrefarrera\/general\/participem-al-concurs-apilo-xii-de-recollida-de-piles-usades\/\" title=\"Read Participem al concurs Apilo XII de recollida de piles usades!\">Llegeix m\u00e9s\u00bb<\/a><\/p>\n","protected":false},"author":1,"featured_media":10543,"comment_status":"open","ping_status":"closed","sticky":false,"template":"","format":"standard","meta":{"_bbp_topic_count":0,"_bbp_reply_count":0,"_bbp_total_topic_count":0,"_bbp_total_reply_count":0,"_bbp_voice_count":0,"_bbp_anonymous_reply_count":0,"_bbp_topic_count_hidden":0,"_bbp_reply_count_hidden":0,"_bbp_forum_subforum_count":0,"footnotes":""},"categories":[1],"tags":[],"class_list":["post-10542","post","type-post","status-publish","format-standard","has-post-thumbnail","hentry","category-general"],"post_mailing_queue_ids":[],"_links":{"self":[{"href":"https:\/\/agora.xtec.cat\/institut-torrefarrera\/wp-json\/wp\/v2\/posts\/10542","targetHints":{"allow":["GET"]}}],"collection":[{"href":"https:\/\/agora.xtec.cat\/institut-torrefarrera\/wp-json\/wp\/v2\/posts"}],"about":[{"href":"https:\/\/agora.xtec.cat\/institut-torrefarrera\/wp-json\/wp\/v2\/types\/post"}],"author":[{"embeddable":true,"href":"https:\/\/agora.xtec.cat\/institut-torrefarrera\/wp-json\/wp\/v2\/users\/1"}],"replies":[{"embeddable":true,"href":"https:\/\/agora.xtec.cat\/institut-torrefarrera\/wp-json\/wp\/v2\/comments?post=10542"}],"version-history":[{"count":1,"href":"https:\/\/agora.xtec.cat\/institut-torrefarrera\/wp-json\/wp\/v2\/posts\/10542\/revisions"}],"predecessor-version":[{"id":10544,"href":"https:\/\/agora.xtec.cat\/institut-torrefarrera\/wp-json\/wp\/v2\/posts\/10542\/revisions\/10544"}],"wp:featuredmedia":[{"embeddable":true,"href":"https:\/\/agora.xtec.cat\/institut-torrefarrera\/wp-json\/wp\/v2\/media\/10543"}],"wp:attachment":[{"href":"https:\/\/agora.xtec.cat\/institut-torrefarrera\/wp-json\/wp\/v2\/media?parent=10542"}],"wp:term":[{"taxonomy":"category","embeddable":true,"href":"https:\/\/agora.xtec.cat\/institut-torrefarrera\/wp-json\/wp\/v2\/categories?post=10542"},{"taxonomy":"post_tag","embeddable":true,"href":"https:\/\/agora.xtec.cat\/institut-torrefarrera\/wp-json\/wp\/v2\/tags?post=10542"}],"curies":[{"name":"wp","href":"https:\/\/api.w.org\/{rel}","templated":true}]}}