{"id":10517,"date":"2022-01-13T20:05:45","date_gmt":"2022-01-13T19:05:45","guid":{"rendered":"https:\/\/agora.xtec.cat\/institut-torrefarrera\/?p=10517"},"modified":"2022-01-13T20:05:45","modified_gmt":"2022-01-13T19:05:45","slug":"tallers-sobre-diversitat-sexual-per-2n-i-3r-eso","status":"publish","type":"post","link":"https:\/\/agora.xtec.cat\/institut-torrefarrera\/general\/tallers-sobre-diversitat-sexual-per-2n-i-3r-eso\/","title":{"rendered":"Tallers sobre diversitat sexual per 2n i 3r ESO"},"content":{"rendered":"<p style=\"text-align: justify;\">Durant aquesta setmana, els grups de 2n i 3r ESO han participat en tallers proposats per Colors de Ponent, organitzaci\u00f3 sense \u00e0nim de lucre del Col\u00b7lectiu LGTBIQ de Lleida. Volem agrair a la Pilar Leza que els hagi portat a terme i hagi fet reflexionar al nostre alumnat sobre aquestes q\u00fcestions.<\/p>\n<p style=\"text-align: justify;\"><a href=\"https:\/\/agora.xtec.cat\/institut-torrefarrera\/wp-content\/uploads\/usu847\/2022\/01\/ad887e78-7ce9-4232-8073-c414c65b7be6.jpg\"><img loading=\"lazy\" decoding=\"async\" class=\"alignnone size-full wp-image-10518\" src=\"https:\/\/agora.xtec.cat\/institut-torrefarrera\/wp-content\/uploads\/usu847\/2022\/01\/ad887e78-7ce9-4232-8073-c414c65b7be6.jpg\" alt=\"\" width=\"1600\" height=\"900\" srcset=\"https:\/\/agora.xtec.cat\/institut-torrefarrera\/wp-content\/uploads\/usu847\/2022\/01\/ad887e78-7ce9-4232-8073-c414c65b7be6.jpg 1600w, https:\/\/agora.xtec.cat\/institut-torrefarrera\/wp-content\/uploads\/usu847\/2022\/01\/ad887e78-7ce9-4232-8073-c414c65b7be6-300x169.jpg 300w, https:\/\/agora.xtec.cat\/institut-torrefarrera\/wp-content\/uploads\/usu847\/2022\/01\/ad887e78-7ce9-4232-8073-c414c65b7be6-1024x576.jpg 1024w, https:\/\/agora.xtec.cat\/institut-torrefarrera\/wp-content\/uploads\/usu847\/2022\/01\/ad887e78-7ce9-4232-8073-c414c65b7be6-768x432.jpg 768w, https:\/\/agora.xtec.cat\/institut-torrefarrera\/wp-content\/uploads\/usu847\/2022\/01\/ad887e78-7ce9-4232-8073-c414c65b7be6-1536x864.jpg 1536w\" sizes=\"auto, (max-width: 1600px) 100vw, 1600px\" \/><\/a>\u00a0&#8220;Som animals&#8221; (fet per a 2n ESO) es taller un participatiu que intenta desmuntar l&#8217;argument com\u00fa que les opcions sexuals fora de l&#8217;heteronorma s\u00f3n antinaturals. Es tracta de desproblematitzar la diversitat sexual, i de repensar i posar en dubte conceptes com fam\u00edlia, dimorfisme sexual, afectivitat, sexualitat&#8230; Es posen exemples de moltes esp\u00e8cies que no s&#8217;ajusten al dimorfisme mascle-femella.<\/p>\n<p style=\"text-align: justify;\">&#8220;Repensar la norma&#8221; (fet per a 3r ESO) parteix igualment de posar en dubte com \u00e9s el cos, la fam\u00edlia, el g\u00e8nere, i abordar experi\u00e8ncies i models de fam\u00edlies que trenquen la norma, i que demostren que expressar-se d&#8217;altres maneres \u00e9s un dret, i que cal viure les diferents opcions sense riscos, viol\u00e8ncies ni amenaces.<\/p>\n<p><a href=\"https:\/\/agora.xtec.cat\/institut-torrefarrera\/wp-content\/uploads\/usu847\/2022\/01\/868778df-60e0-45a5-96b9-cb1a366393d3.jpg\"><img loading=\"lazy\" decoding=\"async\" class=\"alignnone size-full wp-image-10519\" src=\"https:\/\/agora.xtec.cat\/institut-torrefarrera\/wp-content\/uploads\/usu847\/2022\/01\/868778df-60e0-45a5-96b9-cb1a366393d3.jpg\" alt=\"\" width=\"1600\" height=\"900\" srcset=\"https:\/\/agora.xtec.cat\/institut-torrefarrera\/wp-content\/uploads\/usu847\/2022\/01\/868778df-60e0-45a5-96b9-cb1a366393d3.jpg 1600w, https:\/\/agora.xtec.cat\/institut-torrefarrera\/wp-content\/uploads\/usu847\/2022\/01\/868778df-60e0-45a5-96b9-cb1a366393d3-300x169.jpg 300w, https:\/\/agora.xtec.cat\/institut-torrefarrera\/wp-content\/uploads\/usu847\/2022\/01\/868778df-60e0-45a5-96b9-cb1a366393d3-1024x576.jpg 1024w, https:\/\/agora.xtec.cat\/institut-torrefarrera\/wp-content\/uploads\/usu847\/2022\/01\/868778df-60e0-45a5-96b9-cb1a366393d3-768x432.jpg 768w, https:\/\/agora.xtec.cat\/institut-torrefarrera\/wp-content\/uploads\/usu847\/2022\/01\/868778df-60e0-45a5-96b9-cb1a366393d3-1536x864.jpg 1536w\" sizes=\"auto, (max-width: 1600px) 100vw, 1600px\" \/><\/a><\/p>\n","protected":false},"excerpt":{"rendered":"<p>Durant aquesta setmana, els grups de 2n i 3r ESO han participat en tallers proposats per Colors de Ponent, organitzaci\u00f3 sense \u00e0nim de lucre del Col\u00b7lectiu LGTBIQ de Lleida. Volem agrair a la Pilar Leza que els hagi portat a terme i hagi fet reflexionar&hellip;  <a href=\"https:\/\/agora.xtec.cat\/institut-torrefarrera\/general\/tallers-sobre-diversitat-sexual-per-2n-i-3r-eso\/\" title=\"Read Tallers sobre diversitat sexual per 2n i 3r ESO\">Llegeix m\u00e9s\u00bb<\/a><\/p>\n","protected":false},"author":1,"featured_media":10518,"comment_status":"open","ping_status":"closed","sticky":false,"template":"","format":"standard","meta":{"_bbp_topic_count":0,"_bbp_reply_count":0,"_bbp_total_topic_count":0,"_bbp_total_reply_count":0,"_bbp_voice_count":0,"_bbp_anonymous_reply_count":0,"_bbp_topic_count_hidden":0,"_bbp_reply_count_hidden":0,"_bbp_forum_subforum_count":0,"footnotes":""},"categories":[1],"tags":[],"class_list":["post-10517","post","type-post","status-publish","format-standard","has-post-thumbnail","hentry","category-general"],"post_mailing_queue_ids":[],"_links":{"self":[{"href":"https:\/\/agora.xtec.cat\/institut-torrefarrera\/wp-json\/wp\/v2\/posts\/10517","targetHints":{"allow":["GET"]}}],"collection":[{"href":"https:\/\/agora.xtec.cat\/institut-torrefarrera\/wp-json\/wp\/v2\/posts"}],"about":[{"href":"https:\/\/agora.xtec.cat\/institut-torrefarrera\/wp-json\/wp\/v2\/types\/post"}],"author":[{"embeddable":true,"href":"https:\/\/agora.xtec.cat\/institut-torrefarrera\/wp-json\/wp\/v2\/users\/1"}],"replies":[{"embeddable":true,"href":"https:\/\/agora.xtec.cat\/institut-torrefarrera\/wp-json\/wp\/v2\/comments?post=10517"}],"version-history":[{"count":1,"href":"https:\/\/agora.xtec.cat\/institut-torrefarrera\/wp-json\/wp\/v2\/posts\/10517\/revisions"}],"predecessor-version":[{"id":10521,"href":"https:\/\/agora.xtec.cat\/institut-torrefarrera\/wp-json\/wp\/v2\/posts\/10517\/revisions\/10521"}],"wp:featuredmedia":[{"embeddable":true,"href":"https:\/\/agora.xtec.cat\/institut-torrefarrera\/wp-json\/wp\/v2\/media\/10518"}],"wp:attachment":[{"href":"https:\/\/agora.xtec.cat\/institut-torrefarrera\/wp-json\/wp\/v2\/media?parent=10517"}],"wp:term":[{"taxonomy":"category","embeddable":true,"href":"https:\/\/agora.xtec.cat\/institut-torrefarrera\/wp-json\/wp\/v2\/categories?post=10517"},{"taxonomy":"post_tag","embeddable":true,"href":"https:\/\/agora.xtec.cat\/institut-torrefarrera\/wp-json\/wp\/v2\/tags?post=10517"}],"curies":[{"name":"wp","href":"https:\/\/api.w.org\/{rel}","templated":true}]}}