{"id":10504,"date":"2022-01-13T20:07:19","date_gmt":"2022-01-13T19:07:19","guid":{"rendered":"https:\/\/agora.xtec.cat\/institut-torrefarrera\/?p=10504"},"modified":"2022-01-13T20:07:19","modified_gmt":"2022-01-13T19:07:19","slug":"taller-de-periodisme-sobre-fake-news","status":"publish","type":"post","link":"https:\/\/agora.xtec.cat\/institut-torrefarrera\/general\/taller-de-periodisme-sobre-fake-news\/","title":{"rendered":"Taller de periodisme sobre fake news"},"content":{"rendered":"<p><a href=\"https:\/\/agora.xtec.cat\/institut-torrefarrera\/wp-content\/uploads\/usu847\/2022\/01\/image_6483441-1.jpg\"><img loading=\"lazy\" decoding=\"async\" class=\"alignnone size-full wp-image-10505\" src=\"https:\/\/agora.xtec.cat\/institut-torrefarrera\/wp-content\/uploads\/usu847\/2022\/01\/image_6483441-1.jpg\" alt=\"\" width=\"500\" height=\"375\" srcset=\"https:\/\/agora.xtec.cat\/institut-torrefarrera\/wp-content\/uploads\/usu847\/2022\/01\/image_6483441-1.jpg 500w, https:\/\/agora.xtec.cat\/institut-torrefarrera\/wp-content\/uploads\/usu847\/2022\/01\/image_6483441-1-300x225.jpg 300w, https:\/\/agora.xtec.cat\/institut-torrefarrera\/wp-content\/uploads\/usu847\/2022\/01\/image_6483441-1-200x150.jpg 200w\" sizes=\"auto, (max-width: 500px) 100vw, 500px\" \/><\/a><\/p>\n<p>El passat 17 de desembre, el Departament de Llengua i literatura catalanes va oferir a l&#8217;alumnat de 1r de batxillerat i als de 2n de batxillerat que cursen la mat\u00e8ria Cultura Audiovisual un taller de periodisme sobre un tema tan actual com les Fake News. Es treball\u00e0 la lectura cr\u00edtica dels mitjans de comunicaci\u00f3 a partir de la identificaci\u00f3 de not\u00edcies falses i la promoci\u00f3 d&#8217;un \u00fas responsable dels continguts informatius. Van impartir el taller periodistes professionals de l&#8217;empresa Junior Reports.<\/p>\n<p>&nbsp;<\/p>\n<p>Departament de Llengua i literatura catalanes.<\/p>\n<p><a href=\"https:\/\/agora.xtec.cat\/institut-torrefarrera\/wp-content\/uploads\/usu847\/2022\/01\/image_6483441-5.jpg\"><img loading=\"lazy\" decoding=\"async\" class=\"alignnone size-full wp-image-10506\" src=\"https:\/\/agora.xtec.cat\/institut-torrefarrera\/wp-content\/uploads\/usu847\/2022\/01\/image_6483441-5.jpg\" alt=\"\" width=\"500\" height=\"375\" srcset=\"https:\/\/agora.xtec.cat\/institut-torrefarrera\/wp-content\/uploads\/usu847\/2022\/01\/image_6483441-5.jpg 500w, https:\/\/agora.xtec.cat\/institut-torrefarrera\/wp-content\/uploads\/usu847\/2022\/01\/image_6483441-5-300x225.jpg 300w, https:\/\/agora.xtec.cat\/institut-torrefarrera\/wp-content\/uploads\/usu847\/2022\/01\/image_6483441-5-200x150.jpg 200w\" sizes=\"auto, (max-width: 500px) 100vw, 500px\" \/><\/a><\/p>\n","protected":false},"excerpt":{"rendered":"<p><a href=\"https:\/\/agora.xtec.cat\/institut-torrefarrera\/wp-content\/uploads\/usu847\/2022\/01\/image_6483441-1.jpg\"><\/a><br \/>\nEl passat 17 de desembre, el Departament de Llengua i literatura catalanes va oferir a l&#8217;alumnat de 1r de batxillerat i als de 2n de batxillerat que cursen la mat\u00e8ria Cultura Audiovisual un taller de periodisme sobre un tema tan actual com les Fake&hellip;  <a href=\"https:\/\/agora.xtec.cat\/institut-torrefarrera\/general\/taller-de-periodisme-sobre-fake-news\/\" title=\"Read Taller de periodisme sobre fake news\">Llegeix m\u00e9s\u00bb<\/a><\/p>\n","protected":false},"author":359,"featured_media":10505,"comment_status":"open","ping_status":"closed","sticky":false,"template":"","format":"standard","meta":{"_bbp_topic_count":0,"_bbp_reply_count":0,"_bbp_total_topic_count":0,"_bbp_total_reply_count":0,"_bbp_voice_count":0,"_bbp_anonymous_reply_count":0,"_bbp_topic_count_hidden":0,"_bbp_reply_count_hidden":0,"_bbp_forum_subforum_count":0,"footnotes":""},"categories":[8,1,107,116],"tags":[],"class_list":["post-10504","post","type-post","status-publish","format-standard","has-post-thumbnail","hentry","category-batxillerat","category-general","category-lectura","category-llengua"],"post_mailing_queue_ids":[],"_links":{"self":[{"href":"https:\/\/agora.xtec.cat\/institut-torrefarrera\/wp-json\/wp\/v2\/posts\/10504","targetHints":{"allow":["GET"]}}],"collection":[{"href":"https:\/\/agora.xtec.cat\/institut-torrefarrera\/wp-json\/wp\/v2\/posts"}],"about":[{"href":"https:\/\/agora.xtec.cat\/institut-torrefarrera\/wp-json\/wp\/v2\/types\/post"}],"author":[{"embeddable":true,"href":"https:\/\/agora.xtec.cat\/institut-torrefarrera\/wp-json\/wp\/v2\/users\/359"}],"replies":[{"embeddable":true,"href":"https:\/\/agora.xtec.cat\/institut-torrefarrera\/wp-json\/wp\/v2\/comments?post=10504"}],"version-history":[{"count":2,"href":"https:\/\/agora.xtec.cat\/institut-torrefarrera\/wp-json\/wp\/v2\/posts\/10504\/revisions"}],"predecessor-version":[{"id":10522,"href":"https:\/\/agora.xtec.cat\/institut-torrefarrera\/wp-json\/wp\/v2\/posts\/10504\/revisions\/10522"}],"wp:featuredmedia":[{"embeddable":true,"href":"https:\/\/agora.xtec.cat\/institut-torrefarrera\/wp-json\/wp\/v2\/media\/10505"}],"wp:attachment":[{"href":"https:\/\/agora.xtec.cat\/institut-torrefarrera\/wp-json\/wp\/v2\/media?parent=10504"}],"wp:term":[{"taxonomy":"category","embeddable":true,"href":"https:\/\/agora.xtec.cat\/institut-torrefarrera\/wp-json\/wp\/v2\/categories?post=10504"},{"taxonomy":"post_tag","embeddable":true,"href":"https:\/\/agora.xtec.cat\/institut-torrefarrera\/wp-json\/wp\/v2\/tags?post=10504"}],"curies":[{"name":"wp","href":"https:\/\/api.w.org\/{rel}","templated":true}]}}