{"id":10493,"date":"2022-01-02T20:14:02","date_gmt":"2022-01-02T19:14:02","guid":{"rendered":"https:\/\/agora.xtec.cat\/institut-torrefarrera\/?p=10493"},"modified":"2022-02-02T11:42:57","modified_gmt":"2022-02-02T10:42:57","slug":"hem-actualitzat-la-web-del-nostre-projecte-escola-verda-joan-sola","status":"publish","type":"post","link":"https:\/\/agora.xtec.cat\/institut-torrefarrera\/general\/hem-actualitzat-la-web-del-nostre-projecte-escola-verda-joan-sola\/","title":{"rendered":"Visiteu el site web actualitzat del nostre projecte d&#8217;Escola Verda"},"content":{"rendered":"<p>Volem compartir amb vosaltres el web actualitzat d&#8217;Escola Verda Joan Sol\u00e0, amb informaci\u00f3 i imatges de les activitats que hi s\u00f3n relacionades. Ben segur que hi trobareu gent que coneixeu que hi est\u00e0 for\u00e7a implicada!<\/p>\n<p><a href=\"https:\/\/sites.google.com\/site\/escolaverdainstitutjoansola\/home\" target=\"_blank\" rel=\"noopener\"><img loading=\"lazy\" decoding=\"async\" class=\"alignnone size-full wp-image-10494\" src=\"https:\/\/agora.xtec.cat\/institut-torrefarrera\/wp-content\/uploads\/usu847\/2022\/01\/verda.jpg\" alt=\"\" width=\"1838\" height=\"609\" srcset=\"https:\/\/agora.xtec.cat\/institut-torrefarrera\/wp-content\/uploads\/usu847\/2022\/01\/verda.jpg 1838w, https:\/\/agora.xtec.cat\/institut-torrefarrera\/wp-content\/uploads\/usu847\/2022\/01\/verda-300x99.jpg 300w, https:\/\/agora.xtec.cat\/institut-torrefarrera\/wp-content\/uploads\/usu847\/2022\/01\/verda-1024x339.jpg 1024w, https:\/\/agora.xtec.cat\/institut-torrefarrera\/wp-content\/uploads\/usu847\/2022\/01\/verda-768x254.jpg 768w, https:\/\/agora.xtec.cat\/institut-torrefarrera\/wp-content\/uploads\/usu847\/2022\/01\/verda-1536x509.jpg 1536w\" sizes=\"auto, (max-width: 1838px) 100vw, 1838px\" \/><\/a><\/p>\n<p>Us volem destacar la nova distribuci\u00f3 de les seccions:<\/p>\n<ul>\n<li><a href=\"https:\/\/sites.google.com\/site\/escolaverdainstitutjoansola\/marxa-ins-joan-sol%C3%A0\" target=\"_blank\" rel=\"noopener\">Marxa Sostenible i Saludable Joan Sol\u00e0<\/a>: la propera la tenim prevista el 8 d&#8217;abril de 2022!! Per\u00f2 podeu veure imatges de les anteriors tamb\u00e9!<\/li>\n<li><a href=\"https:\/\/sites.google.com\/site\/escolaverdainstitutjoansola\/apadrinem-lalzinar\/descripci%C3%B3-i-documents\" target=\"_blank\" rel=\"noopener\">Apadrinem l&#8217;Alzinar:<\/a> projecte d&#8217;innovaci\u00f3 amb el qual volem valoritzar i millorar aquest espai natural de Torrefarrera en col\u00b7laboraci\u00f3 amb l&#8217;Ajuntament i l&#8217;Escola La Creu.<\/li>\n<li><a href=\"https:\/\/sites.google.com\/site\/escolaverdainstitutjoansola\/\" target=\"_blank\" rel=\"noopener\">Web d&#8217;Objectes perduts<\/a>, gestionat per l&#8217;alumnat del taller de manteniment del centre.<\/li>\n<li><a href=\"https:\/\/sites.google.com\/site\/escolaverdainstitutjoansola\/agents-ambientals\/comite-ambiental\" target=\"_blank\" rel=\"noopener\">Delegats ambientals<\/a>: on es detallen les trobades que els representants de l&#8217;alumnat al Comit\u00e8 Ambiental i de Salut fan, dins i fora del centre<\/li>\n<li>Activitats diverses: un recull de totes les altres activitats relacionades amb l&#8217;escola verda\n<ul>\n<li class=\"ijMPi \">\n<div class=\"PsKE7e IKA38e oNsfjf\">\n<div class=\"I35ICb\" style=\"padding-left: 40px;\"><a class=\"aJHbb hDrhEe HlqNPb\" tabindex=\"-1\" role=\"link\" data-navtype=\"1\" data-in-more-submenu=\"true\" data-level=\"3\" data-page=\"2b2d5f6861615fb0_10\">Vivim l&#8217;entorn<\/a><\/div>\n<\/div>\n<\/li>\n<li class=\"ijMPi \">\n<div class=\"PsKE7e IKA38e oNsfjf\">\n<div class=\"I35ICb\" style=\"padding-left: 40px;\"><a class=\"aJHbb hDrhEe HlqNPb\" tabindex=\"-1\" role=\"link\" data-navtype=\"1\" data-in-more-submenu=\"true\" data-level=\"3\" data-page=\"2b2d5f6861615fb0_7\">Activitats especials<\/a><\/div>\n<\/div>\n<\/li>\n<li class=\"ijMPi \">\n<div class=\"PsKE7e IKA38e oNsfjf\">\n<div class=\"I35ICb\" style=\"padding-left: 40px;\"><a class=\"aJHbb hDrhEe HlqNPb\" tabindex=\"-1\" role=\"link\" data-navtype=\"1\" data-in-more-submenu=\"true\" data-level=\"3\" data-page=\"2b2d5f6861615fb0_6\">H\u00e0bits saludables<\/a><\/div>\n<\/div>\n<\/li>\n<li class=\"ijMPi \">\n<div class=\"PsKE7e IKA38e oNsfjf\">\n<div class=\"I35ICb\" style=\"padding-left: 40px;\"><a class=\"aJHbb hDrhEe HlqNPb\" tabindex=\"-1\" role=\"link\" data-navtype=\"1\" data-in-more-submenu=\"true\" data-level=\"3\" data-page=\"2b2d5f6861615fb0_8\">El nostre hort ecol\u00f2gic<\/a><\/div>\n<\/div>\n<\/li>\n<li class=\"ijMPi \">\n<div class=\"PsKE7e IKA38e oNsfjf\">\n<div class=\"I35ICb\" style=\"padding-left: 40px;\"><a class=\"aJHbb hDrhEe HlqNPb\" tabindex=\"-1\" role=\"link\" data-navtype=\"1\" data-in-more-submenu=\"true\" data-level=\"3\" data-page=\"2b2d5f6861615fb0_9\">La solidaritat<\/a><\/div>\n<\/div>\n<\/li>\n<li class=\"ijMPi \">\n<div class=\"PsKE7e IKA38e oNsfjf\">\n<div class=\"I35ICb\" style=\"padding-left: 40px;\"><a class=\"aJHbb hDrhEe HlqNPb\" tabindex=\"-1\" role=\"link\" data-navtype=\"1\" data-in-more-submenu=\"true\" data-level=\"3\" data-page=\"2b2d5f6861615fb0_11\">Les 3 &#8220;R&#8221;<\/a><\/div>\n<\/div>\n<\/li>\n<li class=\"ijMPi \">\n<div class=\"PsKE7e IKA38e oNsfjf\">\n<div class=\"I35ICb\" style=\"padding-left: 40px;\"><a class=\"aJHbb hDrhEe HlqNPb\" tabindex=\"-1\" role=\"link\" data-navtype=\"1\" data-in-more-submenu=\"true\" data-level=\"3\" data-page=\"2b2d5f6861615fb0_13\">Eco-decora<\/a><\/div>\n<\/div>\n<\/li>\n<li class=\"ijMPi \">\n<div class=\"PsKE7e IKA38e oNsfjf\">\n<div class=\"I35ICb\" style=\"padding-left: 40px;\"><a class=\"aJHbb hDrhEe HlqNPb\" tabindex=\"-1\" role=\"link\" data-navtype=\"1\" data-in-more-submenu=\"true\" data-level=\"3\" data-page=\"2b2d5f6861615fb0_14\">El planeta<\/a><\/div>\n<\/div>\n<\/li>\n<\/ul>\n<\/li>\n<\/ul>\n<p>Animeu-vos a visitar les novetats!<\/p>\n","protected":false},"excerpt":{"rendered":"<p>Volem compartir amb vosaltres el web actualitzat d&#8217;Escola Verda Joan Sol\u00e0, amb informaci\u00f3 i imatges de les activitats que hi s\u00f3n relacionades. Ben segur que hi trobareu gent que coneixeu que hi est\u00e0 for\u00e7a implicada!<br \/>\n<a href=\"https:\/\/sites.google.com\/site\/escolaverdainstitutjoansola\/home\" target=\"_blank\" rel=\"noopener\"><\/a><br \/>\nUs volem destacar la nova distribuci\u00f3 de les&hellip;  <a href=\"https:\/\/agora.xtec.cat\/institut-torrefarrera\/general\/hem-actualitzat-la-web-del-nostre-projecte-escola-verda-joan-sola\/\" title=\"Read Visiteu el site web actualitzat del nostre projecte d&#8217;Escola Verda\">Llegeix m\u00e9s\u00bb<\/a><\/p>\n","protected":false},"author":1,"featured_media":10494,"comment_status":"open","ping_status":"closed","sticky":false,"template":"","format":"standard","meta":{"_bbp_topic_count":0,"_bbp_reply_count":0,"_bbp_total_topic_count":0,"_bbp_total_reply_count":0,"_bbp_voice_count":0,"_bbp_anonymous_reply_count":0,"_bbp_topic_count_hidden":0,"_bbp_reply_count_hidden":0,"_bbp_forum_subforum_count":0,"footnotes":""},"categories":[112,110,124,164,1,108],"tags":[],"class_list":["post-10493","post","type-post","status-publish","format-standard","has-post-thumbnail","hentry","category-avisos","category-difusio","category-escola-verda","category-families","category-general","category-projectes-de-centre"],"post_mailing_queue_ids":[],"_links":{"self":[{"href":"https:\/\/agora.xtec.cat\/institut-torrefarrera\/wp-json\/wp\/v2\/posts\/10493","targetHints":{"allow":["GET"]}}],"collection":[{"href":"https:\/\/agora.xtec.cat\/institut-torrefarrera\/wp-json\/wp\/v2\/posts"}],"about":[{"href":"https:\/\/agora.xtec.cat\/institut-torrefarrera\/wp-json\/wp\/v2\/types\/post"}],"author":[{"embeddable":true,"href":"https:\/\/agora.xtec.cat\/institut-torrefarrera\/wp-json\/wp\/v2\/users\/1"}],"replies":[{"embeddable":true,"href":"https:\/\/agora.xtec.cat\/institut-torrefarrera\/wp-json\/wp\/v2\/comments?post=10493"}],"version-history":[{"count":2,"href":"https:\/\/agora.xtec.cat\/institut-torrefarrera\/wp-json\/wp\/v2\/posts\/10493\/revisions"}],"predecessor-version":[{"id":10496,"href":"https:\/\/agora.xtec.cat\/institut-torrefarrera\/wp-json\/wp\/v2\/posts\/10493\/revisions\/10496"}],"wp:featuredmedia":[{"embeddable":true,"href":"https:\/\/agora.xtec.cat\/institut-torrefarrera\/wp-json\/wp\/v2\/media\/10494"}],"wp:attachment":[{"href":"https:\/\/agora.xtec.cat\/institut-torrefarrera\/wp-json\/wp\/v2\/media?parent=10493"}],"wp:term":[{"taxonomy":"category","embeddable":true,"href":"https:\/\/agora.xtec.cat\/institut-torrefarrera\/wp-json\/wp\/v2\/categories?post=10493"},{"taxonomy":"post_tag","embeddable":true,"href":"https:\/\/agora.xtec.cat\/institut-torrefarrera\/wp-json\/wp\/v2\/tags?post=10493"}],"curies":[{"name":"wp","href":"https:\/\/api.w.org\/{rel}","templated":true}]}}