{"id":10485,"date":"2021-12-23T20:27:55","date_gmt":"2021-12-23T19:27:55","guid":{"rendered":"https:\/\/agora.xtec.cat\/institut-torrefarrera\/?p=10485"},"modified":"2021-12-23T20:28:10","modified_gmt":"2021-12-23T19:28:10","slug":"el-nostre-festival-de-nadal-2021","status":"publish","type":"post","link":"https:\/\/agora.xtec.cat\/institut-torrefarrera\/general\/el-nostre-festival-de-nadal-2021\/","title":{"rendered":"El nostre festival de Nadal 2021!!"},"content":{"rendered":"<p>Aquest curs tampoc ens vol\u00edem quedar sense Festival!<\/p>\n<p>Amb les adequades mesures de seguretat, sota la presentaci\u00f3 de Carla, Ona i Joanna, els diferents grups d&#8217;artistes han anat participant al nostre festival. Una acci\u00f3 que des dels inicis del nostre institut hem pensat que contribueix molt a la cohesi\u00f3 dels nostres grups d&#8217;alumnes, i que cal mantenir i potenciar.<\/p>\n<p>Durant el festival tamb\u00e9 es van premiar la classe amb la porta millor decorada, que va ser 1r ESO C, i menci\u00f3 especial per l&#8217;aula del SIEI, i a l&#8217;alumnat de Visual i Pl\u00e0stica de 4t ESO per la tasca realitzada en la decoraci\u00f3 del centre.<\/p>\n<p>Per tant, a l&#8217;espera de poder fer festivals amb balls de grup sense mascareta i amb tot el p\u00fablic a la mateixa\u00a0 sala, gaudiu de moment d&#8217;una estona entretinguda <a href=\"https:\/\/drive.google.com\/file\/d\/168l21vg2Zx1mLCYLgk5m4u_1hmKiJgL3\/view?usp=sharing\" target=\"_blank\" rel=\"noopener\">amb el v\u00eddeo de les participacions<\/a>!<\/p>\n<p>Moltes gr\u00e0cies a l&#8217;alumnat i al professorat per col\u00b7laborar a mantenir el nostre festival ben viu!<\/p>\n<p><a href=\"https:\/\/drive.google.com\/file\/d\/168l21vg2Zx1mLCYLgk5m4u_1hmKiJgL3\/view?usp=sharing\" target=\"_blank\" rel=\"noopener\"><img loading=\"lazy\" decoding=\"async\" class=\"alignnone size-full wp-image-10486\" src=\"https:\/\/agora.xtec.cat\/institut-torrefarrera\/wp-content\/uploads\/usu847\/2021\/12\/festival1.jpg\" alt=\"\" width=\"1905\" height=\"971\" srcset=\"https:\/\/agora.xtec.cat\/institut-torrefarrera\/wp-content\/uploads\/usu847\/2021\/12\/festival1.jpg 1905w, https:\/\/agora.xtec.cat\/institut-torrefarrera\/wp-content\/uploads\/usu847\/2021\/12\/festival1-300x153.jpg 300w, https:\/\/agora.xtec.cat\/institut-torrefarrera\/wp-content\/uploads\/usu847\/2021\/12\/festival1-1024x522.jpg 1024w, https:\/\/agora.xtec.cat\/institut-torrefarrera\/wp-content\/uploads\/usu847\/2021\/12\/festival1-768x391.jpg 768w, https:\/\/agora.xtec.cat\/institut-torrefarrera\/wp-content\/uploads\/usu847\/2021\/12\/festival1-1536x783.jpg 1536w\" sizes=\"auto, (max-width: 1905px) 100vw, 1905px\" \/><\/a><\/p>\n<p><a href=\"https:\/\/drive.google.com\/file\/d\/168l21vg2Zx1mLCYLgk5m4u_1hmKiJgL3\/view?usp=sharing\" target=\"_blank\" rel=\"noopener\"><img loading=\"lazy\" decoding=\"async\" class=\"alignnone size-full wp-image-10488\" src=\"https:\/\/agora.xtec.cat\/institut-torrefarrera\/wp-content\/uploads\/usu847\/2021\/12\/festival3.jpg\" alt=\"\" width=\"1267\" height=\"645\" srcset=\"https:\/\/agora.xtec.cat\/institut-torrefarrera\/wp-content\/uploads\/usu847\/2021\/12\/festival3.jpg 1267w, https:\/\/agora.xtec.cat\/institut-torrefarrera\/wp-content\/uploads\/usu847\/2021\/12\/festival3-300x153.jpg 300w, https:\/\/agora.xtec.cat\/institut-torrefarrera\/wp-content\/uploads\/usu847\/2021\/12\/festival3-1024x521.jpg 1024w, https:\/\/agora.xtec.cat\/institut-torrefarrera\/wp-content\/uploads\/usu847\/2021\/12\/festival3-768x391.jpg 768w\" sizes=\"auto, (max-width: 1267px) 100vw, 1267px\" \/><\/a><\/p>\n<p><a href=\"https:\/\/drive.google.com\/file\/d\/168l21vg2Zx1mLCYLgk5m4u_1hmKiJgL3\/view?usp=sharing\" target=\"_blank\" rel=\"noopener\"><img loading=\"lazy\" decoding=\"async\" class=\"alignnone size-full wp-image-10487\" src=\"https:\/\/agora.xtec.cat\/institut-torrefarrera\/wp-content\/uploads\/usu847\/2021\/12\/festival2.jpg\" alt=\"\" width=\"1271\" height=\"649\" srcset=\"https:\/\/agora.xtec.cat\/institut-torrefarrera\/wp-content\/uploads\/usu847\/2021\/12\/festival2.jpg 1271w, https:\/\/agora.xtec.cat\/institut-torrefarrera\/wp-content\/uploads\/usu847\/2021\/12\/festival2-300x153.jpg 300w, https:\/\/agora.xtec.cat\/institut-torrefarrera\/wp-content\/uploads\/usu847\/2021\/12\/festival2-1024x523.jpg 1024w, https:\/\/agora.xtec.cat\/institut-torrefarrera\/wp-content\/uploads\/usu847\/2021\/12\/festival2-768x392.jpg 768w\" sizes=\"auto, (max-width: 1271px) 100vw, 1271px\" \/><\/a><\/p>\n","protected":false},"excerpt":{"rendered":"<p>Aquest curs tampoc ens vol\u00edem quedar sense Festival!<br \/>\nAmb les adequades mesures de seguretat, sota la presentaci\u00f3 de Carla, Ona i Joanna, els diferents grups d&#8217;artistes han anat participant al nostre festival. Una acci\u00f3 que des dels inicis del nostre institut hem pensat que contribueix molt&hellip;  <a href=\"https:\/\/agora.xtec.cat\/institut-torrefarrera\/general\/el-nostre-festival-de-nadal-2021\/\" title=\"Read El nostre festival de Nadal 2021!!\">Llegeix m\u00e9s\u00bb<\/a><\/p>\n","protected":false},"author":1,"featured_media":10486,"comment_status":"open","ping_status":"closed","sticky":false,"template":"","format":"standard","meta":{"_bbp_topic_count":0,"_bbp_reply_count":0,"_bbp_total_topic_count":0,"_bbp_total_reply_count":0,"_bbp_voice_count":0,"_bbp_anonymous_reply_count":0,"_bbp_topic_count_hidden":0,"_bbp_reply_count_hidden":0,"_bbp_forum_subforum_count":0,"footnotes":""},"categories":[165,8,117,110,3,114,1,108],"tags":[],"class_list":["post-10485","post","type-post","status-publish","format-standard","has-post-thumbnail","hentry","category-audiovisual","category-batxillerat","category-concursos","category-difusio","category-eso","category-festivals","category-general","category-projectes-de-centre"],"post_mailing_queue_ids":[],"_links":{"self":[{"href":"https:\/\/agora.xtec.cat\/institut-torrefarrera\/wp-json\/wp\/v2\/posts\/10485","targetHints":{"allow":["GET"]}}],"collection":[{"href":"https:\/\/agora.xtec.cat\/institut-torrefarrera\/wp-json\/wp\/v2\/posts"}],"about":[{"href":"https:\/\/agora.xtec.cat\/institut-torrefarrera\/wp-json\/wp\/v2\/types\/post"}],"author":[{"embeddable":true,"href":"https:\/\/agora.xtec.cat\/institut-torrefarrera\/wp-json\/wp\/v2\/users\/1"}],"replies":[{"embeddable":true,"href":"https:\/\/agora.xtec.cat\/institut-torrefarrera\/wp-json\/wp\/v2\/comments?post=10485"}],"version-history":[{"count":1,"href":"https:\/\/agora.xtec.cat\/institut-torrefarrera\/wp-json\/wp\/v2\/posts\/10485\/revisions"}],"predecessor-version":[{"id":10489,"href":"https:\/\/agora.xtec.cat\/institut-torrefarrera\/wp-json\/wp\/v2\/posts\/10485\/revisions\/10489"}],"wp:featuredmedia":[{"embeddable":true,"href":"https:\/\/agora.xtec.cat\/institut-torrefarrera\/wp-json\/wp\/v2\/media\/10486"}],"wp:attachment":[{"href":"https:\/\/agora.xtec.cat\/institut-torrefarrera\/wp-json\/wp\/v2\/media?parent=10485"}],"wp:term":[{"taxonomy":"category","embeddable":true,"href":"https:\/\/agora.xtec.cat\/institut-torrefarrera\/wp-json\/wp\/v2\/categories?post=10485"},{"taxonomy":"post_tag","embeddable":true,"href":"https:\/\/agora.xtec.cat\/institut-torrefarrera\/wp-json\/wp\/v2\/tags?post=10485"}],"curies":[{"name":"wp","href":"https:\/\/api.w.org\/{rel}","templated":true}]}}