{"id":10415,"date":"2021-11-26T20:17:58","date_gmt":"2021-11-26T19:17:58","guid":{"rendered":"https:\/\/agora.xtec.cat\/institut-torrefarrera\/?p=10415"},"modified":"2021-11-26T20:17:58","modified_gmt":"2021-11-26T19:17:58","slug":"acte-reivindicatiu-del-25n-a-linstitut-joan-sola","status":"publish","type":"post","link":"https:\/\/agora.xtec.cat\/institut-torrefarrera\/general\/acte-reivindicatiu-del-25n-a-linstitut-joan-sola\/","title":{"rendered":"Acte reivindicatiu del 25N a l&#8217;institut Joan Sol\u00e0"},"content":{"rendered":"<p>Avui 25N hem fet un Acte al pati amb la lectura, per part d&#8217;alumnes del centre, del Manifest del Dia Internacional per l&#8217;Eliminaci\u00f3 de la Viol\u00e8ncia envers les Dones. Tot l&#8217;alumnat i professorat hem escoltat la lectura i hem format un lla\u00e7 reivindicatiu al nostre pati. Tamb\u00e9 hem fet un mural amb un recull d&#8217;actituds i expressions negatives envers les dones que cal aturar i eliminar de la nostra societat.<\/p>\n<p>Podeu <a href=\"https:\/\/photos.app.goo.gl\/pegvtfHxH5kFsRBP9\" target=\"_blank\" rel=\"noopener\">veure imatges<\/a> i llegir el manifest<\/p>\n<p><a href=\"https:\/\/photos.app.goo.gl\/pegvtfHxH5kFsRBP9\" target=\"_blank\" rel=\"noopener\"><img loading=\"lazy\" decoding=\"async\" class=\"alignnone size-full wp-image-10421\" src=\"https:\/\/agora.xtec.cat\/institut-torrefarrera\/wp-content\/uploads\/usu847\/2021\/11\/bb6d83a4-d504-471a-b414-cd69bd1afa99.jpg\" alt=\"\" width=\"1600\" height=\"1200\" srcset=\"https:\/\/agora.xtec.cat\/institut-torrefarrera\/wp-content\/uploads\/usu847\/2021\/11\/bb6d83a4-d504-471a-b414-cd69bd1afa99.jpg 1600w, https:\/\/agora.xtec.cat\/institut-torrefarrera\/wp-content\/uploads\/usu847\/2021\/11\/bb6d83a4-d504-471a-b414-cd69bd1afa99-300x225.jpg 300w, https:\/\/agora.xtec.cat\/institut-torrefarrera\/wp-content\/uploads\/usu847\/2021\/11\/bb6d83a4-d504-471a-b414-cd69bd1afa99-1024x768.jpg 1024w, https:\/\/agora.xtec.cat\/institut-torrefarrera\/wp-content\/uploads\/usu847\/2021\/11\/bb6d83a4-d504-471a-b414-cd69bd1afa99-768x576.jpg 768w, https:\/\/agora.xtec.cat\/institut-torrefarrera\/wp-content\/uploads\/usu847\/2021\/11\/bb6d83a4-d504-471a-b414-cd69bd1afa99-1536x1152.jpg 1536w, https:\/\/agora.xtec.cat\/institut-torrefarrera\/wp-content\/uploads\/usu847\/2021\/11\/bb6d83a4-d504-471a-b414-cd69bd1afa99-200x150.jpg 200w\" sizes=\"auto, (max-width: 1600px) 100vw, 1600px\" \/><\/a><\/p>\n<p><a href=\"https:\/\/photos.app.goo.gl\/pegvtfHxH5kFsRBP9\" target=\"_blank\" rel=\"noopener\"><img loading=\"lazy\" decoding=\"async\" class=\"alignnone size-full wp-image-10422\" src=\"https:\/\/agora.xtec.cat\/institut-torrefarrera\/wp-content\/uploads\/usu847\/2021\/11\/436bd0fb-ef52-458e-ac62-04ebb8d329f4.jpg\" alt=\"\" width=\"1200\" height=\"1600\" srcset=\"https:\/\/agora.xtec.cat\/institut-torrefarrera\/wp-content\/uploads\/usu847\/2021\/11\/436bd0fb-ef52-458e-ac62-04ebb8d329f4.jpg 1200w, https:\/\/agora.xtec.cat\/institut-torrefarrera\/wp-content\/uploads\/usu847\/2021\/11\/436bd0fb-ef52-458e-ac62-04ebb8d329f4-225x300.jpg 225w, https:\/\/agora.xtec.cat\/institut-torrefarrera\/wp-content\/uploads\/usu847\/2021\/11\/436bd0fb-ef52-458e-ac62-04ebb8d329f4-768x1024.jpg 768w, https:\/\/agora.xtec.cat\/institut-torrefarrera\/wp-content\/uploads\/usu847\/2021\/11\/436bd0fb-ef52-458e-ac62-04ebb8d329f4-1152x1536.jpg 1152w\" sizes=\"auto, (max-width: 1200px) 100vw, 1200px\" \/><\/a><\/p>\n<p><strong>MANIFEST DEL DIA INTERNACIONAL PER A L\u2019ELIMINACI\u00d3 DE LA VIOL\u00c8NCIA ENVERS DE LES DONES.<\/strong><\/p>\n<p><strong>INSTITUT JOAN SOL\u00c0. 25 DE NOVEMBRE DE 2021<\/strong><\/p>\n<p>Avui, 25 de novembre, recordem\u00a0 les dues germanes Mirabal, les quals van morir en la seva lluita contra el dictador Trujillo a la Rep\u00fablica Dominicana el 25 de novembre del 1960. Gr\u00e0cies a elles aquesta data va quedar marcada com a dia internacional per a l\u2019eliminaci\u00f3 de la viol\u00e8ncia cap a les dones. Des d\u2019aquell moment tan lluny\u00e0 i fins ara, desgraciadament,\u00a0 a la nostra societat\u00a0 s\u2019hi continua produint viol\u00e8ncia.<\/p>\n<p>\u00c9s per aix\u00f2 que nosaltres ens manifestem,\u00a0 per intentar eliminar la viol\u00e8ncia de g\u00e8nere. Des d\u2019aqu\u00ed us animem a\u00a0 fer-ho utilitzant les xarxes socials, sigui amb publicacions o amb hashtags com: <strong>#NoEst\u00e0sSola, #NiUnaMenos<\/strong><\/p>\n<p>70 dones han estat assassinades a l\u2019estat espanyol al llarg de l\u2019any 2021, tot i que \u00e9s\u00a0 un nombre inferior al de l\u2019any passat, 2020, on en van morir 83, encara en s\u00f3n massa.<\/p>\n<p>Hem d\u2019afegir que hi ha hagut 10.201 den\u00fancies per viol\u00e8ncia masclista en l&#8217;\u00e0mbit de parella i m\u00e9s de 10.533\u00a0 v\u00edctimes han estat ateses al llarg d\u2019aquest any.<\/p>\n<p>Sabem que la viol\u00e8ncia t\u00e9 diferents cares i diversos graus d\u2019intensitat. Segons les dades que ens ofereix la Generalitat de Catalunya, en el 2021, 15 dones han estat assassinades aquest any a Catalunya i n\u2019hi ha hagut m\u00e9s de 3000\u00a0 ateses per viol\u00e8ncia masclista dins l\u2019\u00e0mbit familiar.<\/p>\n<p>Ser feminista no \u00e9s una cosa de nenes o dones, \u00e9s de tothom, ja que el feminisme vol la igualtat entre homes i dones. No lluitem per les dones solament, lluitem per tothom, per tu, per la nostra fam\u00edlia, per una societat millor.<\/p>\n<p>Per eliminar la viol\u00e8ncia masclista, cal que la identifiquem en els diferents \u00e0mbits i en les diferents formes en qu\u00e8 es produeix. Aix\u00ed, des de l\u2019institut podem afirmar que no nom\u00e9s les lesions f\u00edsiques s\u00f3n viol\u00e8ncia masclista, sin\u00f3 que hi ha una viol\u00e8ncia m\u00e9s subtil que inclou la gelosia i el control.<\/p>\n<p><strong>Si t\u2019insulta, si et controla, si et colpeja, no t\u2019estima. AIX\u00d2 \u00c9S VIOL\u00c8NCIA.<\/strong><\/p>\n<p>Aqu\u00ed a l\u2019institut Joan Sol\u00e0, creiem en els valors de la igualtat i el respecte i exigim per a tothom unes relacions personals lliures de viol\u00e8ncia. De la mateixa manera, ens solidaritzem amb les persones que pateixen situacions de discriminaci\u00f3 per qualsevol ra\u00f3.<\/p>\n<p>Per tot aix\u00f2 cridem ben fort, un any m\u00e9s, i ho farem cada any fins que calgui:<\/p>\n<p><strong>NO VOLEM M\u00c9S\u00a0 VIOL\u00c8NCIA MASCLISTA.<\/strong><\/p>\n<p><strong>DIGUEM NO A QUALSEVOL MENA DE VIOL\u00c8NCIA.<\/strong><\/p>\n<p>(Escrit per Airun Rueda, Aixa Rueda, Alba P\u00e9rez, Andrea Ciava i Mariona Satorra, de 1<sup>r<\/sup> de batxillerat)<\/p>\n","protected":false},"excerpt":{"rendered":"<p>Avui 25N hem fet un Acte al pati amb la lectura, per part d&#8217;alumnes del centre, del Manifest del Dia Internacional per l&#8217;Eliminaci\u00f3 de la Viol\u00e8ncia envers les Dones. Tot l&#8217;alumnat i professorat hem escoltat la lectura i hem format un lla\u00e7 reivindicatiu al nostre&hellip;  <a href=\"https:\/\/agora.xtec.cat\/institut-torrefarrera\/general\/acte-reivindicatiu-del-25n-a-linstitut-joan-sola\/\" title=\"Read Acte reivindicatiu del 25N a l&#8217;institut Joan Sol\u00e0\">Llegeix m\u00e9s\u00bb<\/a><\/p>\n","protected":false},"author":1,"featured_media":10421,"comment_status":"open","ping_status":"closed","sticky":false,"template":"","format":"standard","meta":{"_bbp_topic_count":0,"_bbp_reply_count":0,"_bbp_total_topic_count":0,"_bbp_total_reply_count":0,"_bbp_voice_count":0,"_bbp_anonymous_reply_count":0,"_bbp_topic_count_hidden":0,"_bbp_reply_count_hidden":0,"_bbp_forum_subforum_count":0,"footnotes":""},"categories":[110,1,128],"tags":[],"class_list":["post-10415","post","type-post","status-publish","format-standard","has-post-thumbnail","hentry","category-difusio","category-general","category-valors-etics"],"post_mailing_queue_ids":[],"_links":{"self":[{"href":"https:\/\/agora.xtec.cat\/institut-torrefarrera\/wp-json\/wp\/v2\/posts\/10415","targetHints":{"allow":["GET"]}}],"collection":[{"href":"https:\/\/agora.xtec.cat\/institut-torrefarrera\/wp-json\/wp\/v2\/posts"}],"about":[{"href":"https:\/\/agora.xtec.cat\/institut-torrefarrera\/wp-json\/wp\/v2\/types\/post"}],"author":[{"embeddable":true,"href":"https:\/\/agora.xtec.cat\/institut-torrefarrera\/wp-json\/wp\/v2\/users\/1"}],"replies":[{"embeddable":true,"href":"https:\/\/agora.xtec.cat\/institut-torrefarrera\/wp-json\/wp\/v2\/comments?post=10415"}],"version-history":[{"count":3,"href":"https:\/\/agora.xtec.cat\/institut-torrefarrera\/wp-json\/wp\/v2\/posts\/10415\/revisions"}],"predecessor-version":[{"id":10423,"href":"https:\/\/agora.xtec.cat\/institut-torrefarrera\/wp-json\/wp\/v2\/posts\/10415\/revisions\/10423"}],"wp:featuredmedia":[{"embeddable":true,"href":"https:\/\/agora.xtec.cat\/institut-torrefarrera\/wp-json\/wp\/v2\/media\/10421"}],"wp:attachment":[{"href":"https:\/\/agora.xtec.cat\/institut-torrefarrera\/wp-json\/wp\/v2\/media?parent=10415"}],"wp:term":[{"taxonomy":"category","embeddable":true,"href":"https:\/\/agora.xtec.cat\/institut-torrefarrera\/wp-json\/wp\/v2\/categories?post=10415"},{"taxonomy":"post_tag","embeddable":true,"href":"https:\/\/agora.xtec.cat\/institut-torrefarrera\/wp-json\/wp\/v2\/tags?post=10415"}],"curies":[{"name":"wp","href":"https:\/\/api.w.org\/{rel}","templated":true}]}}