{"id":10384,"date":"2021-11-22T14:20:37","date_gmt":"2021-11-22T13:20:37","guid":{"rendered":"https:\/\/agora.xtec.cat\/institut-torrefarrera\/?p=10384"},"modified":"2021-11-22T14:20:37","modified_gmt":"2021-11-22T13:20:37","slug":"premi-de-recerca-de-la-udl-per-catalin-spaimoc-felicitats","status":"publish","type":"post","link":"https:\/\/agora.xtec.cat\/institut-torrefarrera\/general\/premi-de-recerca-de-la-udl-per-catalin-spaimoc-felicitats\/","title":{"rendered":"Premi de Recerca de la UdL per Catalin Spaimoc. Felicitats!"},"content":{"rendered":"<p>El ja exalumne de Batxillerat de l&#8217;institut Catalin Spaimoc ha estat guardonat a la XVIIIa edici\u00f3 dels &#8220;Premis de Recerca d&#8217;Estudiants de Batxillerat i Cicles Formatius de Grau Superior&#8221; de la Universitat de Lleida&#8221;.<br \/>\nEl seu treball de recerca, realitzat a l&#8217;institut el curs passat, amb el t\u00edtol &#8220;Fiscalidad del divorcio. El IRPF&#8221;, ha estat reconegut pel jurat dins de l&#8217;\u00c0rea Juridicoecon\u00f2mica.<br \/>\nL&#8217;acte d&#8217;entrega de premis es va dur a terme el passat divendres 19 de novembre a la Universitat de Lleida, on el Catalin va estar acompanyat per un representant del centre.<br \/>\nCal destacar que el seu treball de recerca ja va ser premiat per la Universitat de Vic a la vint-i-tresena edici\u00f3 dels premis de recerca UVic el passat 22 de juny.<br \/>\nEnhorabona Catalin!<a href=\"https:\/\/agora.xtec.cat\/institut-torrefarrera\/wp-content\/uploads\/usu847\/2021\/11\/IMG_20211119_190139b.jpg\"><img loading=\"lazy\" decoding=\"async\" class=\"alignnone size-full wp-image-10385\" src=\"https:\/\/agora.xtec.cat\/institut-torrefarrera\/wp-content\/uploads\/usu847\/2021\/11\/IMG_20211119_190139b.jpg\" alt=\"\" width=\"1500\" height=\"2000\" srcset=\"https:\/\/agora.xtec.cat\/institut-torrefarrera\/wp-content\/uploads\/usu847\/2021\/11\/IMG_20211119_190139b.jpg 1500w, https:\/\/agora.xtec.cat\/institut-torrefarrera\/wp-content\/uploads\/usu847\/2021\/11\/IMG_20211119_190139b-225x300.jpg 225w, https:\/\/agora.xtec.cat\/institut-torrefarrera\/wp-content\/uploads\/usu847\/2021\/11\/IMG_20211119_190139b-768x1024.jpg 768w, https:\/\/agora.xtec.cat\/institut-torrefarrera\/wp-content\/uploads\/usu847\/2021\/11\/IMG_20211119_190139b-1152x1536.jpg 1152w\" sizes=\"auto, (max-width: 1500px) 100vw, 1500px\" \/><\/a><\/p>\n<p><a href=\"https:\/\/agora.xtec.cat\/institut-torrefarrera\/wp-content\/uploads\/usu847\/2021\/11\/IMG_20211119_195328.jpg\"><img loading=\"lazy\" decoding=\"async\" class=\"alignnone size-full wp-image-10386\" src=\"https:\/\/agora.xtec.cat\/institut-torrefarrera\/wp-content\/uploads\/usu847\/2021\/11\/IMG_20211119_195328.jpg\" alt=\"\" width=\"2000\" height=\"1500\" srcset=\"https:\/\/agora.xtec.cat\/institut-torrefarrera\/wp-content\/uploads\/usu847\/2021\/11\/IMG_20211119_195328.jpg 2000w, https:\/\/agora.xtec.cat\/institut-torrefarrera\/wp-content\/uploads\/usu847\/2021\/11\/IMG_20211119_195328-300x225.jpg 300w, https:\/\/agora.xtec.cat\/institut-torrefarrera\/wp-content\/uploads\/usu847\/2021\/11\/IMG_20211119_195328-1024x768.jpg 1024w, https:\/\/agora.xtec.cat\/institut-torrefarrera\/wp-content\/uploads\/usu847\/2021\/11\/IMG_20211119_195328-768x576.jpg 768w, https:\/\/agora.xtec.cat\/institut-torrefarrera\/wp-content\/uploads\/usu847\/2021\/11\/IMG_20211119_195328-1536x1152.jpg 1536w, https:\/\/agora.xtec.cat\/institut-torrefarrera\/wp-content\/uploads\/usu847\/2021\/11\/IMG_20211119_195328-200x150.jpg 200w\" sizes=\"auto, (max-width: 2000px) 100vw, 2000px\" \/><\/a> <a href=\"https:\/\/agora.xtec.cat\/institut-torrefarrera\/wp-content\/uploads\/usu847\/2021\/11\/IMG_20211119_195703.jpg\"><img loading=\"lazy\" decoding=\"async\" class=\"alignnone size-full wp-image-10387\" src=\"https:\/\/agora.xtec.cat\/institut-torrefarrera\/wp-content\/uploads\/usu847\/2021\/11\/IMG_20211119_195703.jpg\" alt=\"\" width=\"1500\" height=\"2000\" srcset=\"https:\/\/agora.xtec.cat\/institut-torrefarrera\/wp-content\/uploads\/usu847\/2021\/11\/IMG_20211119_195703.jpg 1500w, https:\/\/agora.xtec.cat\/institut-torrefarrera\/wp-content\/uploads\/usu847\/2021\/11\/IMG_20211119_195703-225x300.jpg 225w, https:\/\/agora.xtec.cat\/institut-torrefarrera\/wp-content\/uploads\/usu847\/2021\/11\/IMG_20211119_195703-768x1024.jpg 768w, https:\/\/agora.xtec.cat\/institut-torrefarrera\/wp-content\/uploads\/usu847\/2021\/11\/IMG_20211119_195703-1152x1536.jpg 1152w\" sizes=\"auto, (max-width: 1500px) 100vw, 1500px\" \/><\/a><\/p>\n","protected":false},"excerpt":{"rendered":"<p>El ja exalumne de Batxillerat de l&#8217;institut Catalin Spaimoc ha estat guardonat a la XVIIIa edici\u00f3 dels &#8220;Premis de Recerca d&#8217;Estudiants de Batxillerat i Cicles Formatius de Grau Superior&#8221; de la Universitat de Lleida&#8221;.<br \/>\nEl seu treball de recerca, realitzat a l&#8217;institut el curs passat, amb&hellip;  <a href=\"https:\/\/agora.xtec.cat\/institut-torrefarrera\/general\/premi-de-recerca-de-la-udl-per-catalin-spaimoc-felicitats\/\" title=\"Read Premi de Recerca de la UdL per Catalin Spaimoc. Felicitats!\">Llegeix m\u00e9s\u00bb<\/a><\/p>\n","protected":false},"author":1,"featured_media":10385,"comment_status":"open","ping_status":"closed","sticky":false,"template":"","format":"standard","meta":{"_bbp_topic_count":0,"_bbp_reply_count":0,"_bbp_total_topic_count":0,"_bbp_total_reply_count":0,"_bbp_voice_count":0,"_bbp_anonymous_reply_count":0,"_bbp_topic_count_hidden":0,"_bbp_reply_count_hidden":0,"_bbp_forum_subforum_count":0,"footnotes":""},"categories":[8,121,117,1],"tags":[],"class_list":["post-10384","post","type-post","status-publish","format-standard","has-post-thumbnail","hentry","category-batxillerat","category-ciencies-socials","category-concursos","category-general"],"post_mailing_queue_ids":[],"_links":{"self":[{"href":"https:\/\/agora.xtec.cat\/institut-torrefarrera\/wp-json\/wp\/v2\/posts\/10384","targetHints":{"allow":["GET"]}}],"collection":[{"href":"https:\/\/agora.xtec.cat\/institut-torrefarrera\/wp-json\/wp\/v2\/posts"}],"about":[{"href":"https:\/\/agora.xtec.cat\/institut-torrefarrera\/wp-json\/wp\/v2\/types\/post"}],"author":[{"embeddable":true,"href":"https:\/\/agora.xtec.cat\/institut-torrefarrera\/wp-json\/wp\/v2\/users\/1"}],"replies":[{"embeddable":true,"href":"https:\/\/agora.xtec.cat\/institut-torrefarrera\/wp-json\/wp\/v2\/comments?post=10384"}],"version-history":[{"count":1,"href":"https:\/\/agora.xtec.cat\/institut-torrefarrera\/wp-json\/wp\/v2\/posts\/10384\/revisions"}],"predecessor-version":[{"id":10388,"href":"https:\/\/agora.xtec.cat\/institut-torrefarrera\/wp-json\/wp\/v2\/posts\/10384\/revisions\/10388"}],"wp:featuredmedia":[{"embeddable":true,"href":"https:\/\/agora.xtec.cat\/institut-torrefarrera\/wp-json\/wp\/v2\/media\/10385"}],"wp:attachment":[{"href":"https:\/\/agora.xtec.cat\/institut-torrefarrera\/wp-json\/wp\/v2\/media?parent=10384"}],"wp:term":[{"taxonomy":"category","embeddable":true,"href":"https:\/\/agora.xtec.cat\/institut-torrefarrera\/wp-json\/wp\/v2\/categories?post=10384"},{"taxonomy":"post_tag","embeddable":true,"href":"https:\/\/agora.xtec.cat\/institut-torrefarrera\/wp-json\/wp\/v2\/tags?post=10384"}],"curies":[{"name":"wp","href":"https:\/\/api.w.org\/{rel}","templated":true}]}}