{"id":10212,"date":"2021-10-07T21:32:12","date_gmt":"2021-10-07T19:32:12","guid":{"rendered":"https:\/\/agora.xtec.cat\/institut-torrefarrera\/?p=10212"},"modified":"2021-10-07T21:32:12","modified_gmt":"2021-10-07T19:32:12","slug":"coneixem-la-futura-biblioteca-de-torrefarrera-en-realitat-virtual","status":"publish","type":"post","link":"https:\/\/agora.xtec.cat\/institut-torrefarrera\/general\/coneixem-la-futura-biblioteca-de-torrefarrera-en-realitat-virtual\/","title":{"rendered":"Coneixem la futura biblioteca de Torrefarrera en realitat virtual!"},"content":{"rendered":"<p>En poc temps disposarem d&#8217;un nou equipament municipal a Torrefarrera: la nova Biblioteca. L&#8217;alumnat de 1r ESO i de Literatura de 2n de Batxillerat han pogut gaudir de la prim\u00edcia de veure com quedar\u00e0 un cop acabat, utilitzant unes ulleres de realitat virtual.<\/p>\n<p>La veritat \u00e9s que ha estat for\u00e7a divertit per a tothom que hi ha participat, quan f\u00e8iem el &#8220;viatge&#8221; virtual .<\/p>\n<p>L&#8217;activitat l&#8217;hem desenvolupat a la Sala Social de l&#8217;Ajuntament de Torrefarrera. Agra\u00efm a l&#8217;equip de govern de l&#8217;Ajuntament que ens hagin convidat a gaudir d&#8217;aquesta activitat.<\/p>\n<p>En podeu veure algunes imatges!<\/p>\n<p><a href=\"https:\/\/photos.app.goo.gl\/ExH3jrQVSpxecKy7A\" target=\"_blank\" rel=\"noopener\"><img loading=\"lazy\" decoding=\"async\" class=\"alignnone size-full wp-image-10213\" src=\"https:\/\/agora.xtec.cat\/institut-torrefarrera\/wp-content\/uploads\/usu847\/2021\/10\/IMG_20211007_110927petita.jpg\" alt=\"\" width=\"2432\" height=\"1368\" srcset=\"https:\/\/agora.xtec.cat\/institut-torrefarrera\/wp-content\/uploads\/usu847\/2021\/10\/IMG_20211007_110927petita.jpg 2432w, https:\/\/agora.xtec.cat\/institut-torrefarrera\/wp-content\/uploads\/usu847\/2021\/10\/IMG_20211007_110927petita-300x169.jpg 300w, https:\/\/agora.xtec.cat\/institut-torrefarrera\/wp-content\/uploads\/usu847\/2021\/10\/IMG_20211007_110927petita-1024x576.jpg 1024w, https:\/\/agora.xtec.cat\/institut-torrefarrera\/wp-content\/uploads\/usu847\/2021\/10\/IMG_20211007_110927petita-768x432.jpg 768w, https:\/\/agora.xtec.cat\/institut-torrefarrera\/wp-content\/uploads\/usu847\/2021\/10\/IMG_20211007_110927petita-1536x864.jpg 1536w, https:\/\/agora.xtec.cat\/institut-torrefarrera\/wp-content\/uploads\/usu847\/2021\/10\/IMG_20211007_110927petita-2048x1152.jpg 2048w\" sizes=\"auto, (max-width: 2432px) 100vw, 2432px\" \/><\/a><\/p>\n<p>&nbsp;<\/p>\n","protected":false},"excerpt":{"rendered":"<p>En poc temps disposarem d&#8217;un nou equipament municipal a Torrefarrera: la nova Biblioteca. L&#8217;alumnat de 1r ESO i de Literatura de 2n de Batxillerat han pogut gaudir de la prim\u00edcia de veure com quedar\u00e0 un cop acabat, utilitzant unes ulleres de realitat virtual.<br \/>\nLa veritat \u00e9s&hellip;  <a href=\"https:\/\/agora.xtec.cat\/institut-torrefarrera\/general\/coneixem-la-futura-biblioteca-de-torrefarrera-en-realitat-virtual\/\" title=\"Read Coneixem la futura biblioteca de Torrefarrera en realitat virtual!\">Llegeix m\u00e9s\u00bb<\/a><\/p>\n","protected":false},"author":1,"featured_media":10213,"comment_status":"open","ping_status":"closed","sticky":false,"template":"","format":"standard","meta":{"_bbp_topic_count":0,"_bbp_reply_count":0,"_bbp_total_topic_count":0,"_bbp_total_reply_count":0,"_bbp_voice_count":0,"_bbp_anonymous_reply_count":0,"_bbp_topic_count_hidden":0,"_bbp_reply_count_hidden":0,"_bbp_forum_subforum_count":0,"footnotes":""},"categories":[165,8,4,1,125,107,116,111],"tags":[],"class_list":["post-10212","post","type-post","status-publish","format-standard","has-post-thumbnail","hentry","category-audiovisual","category-batxillerat","category-eso-1","category-general","category-ilec","category-lectura","category-llengua","category-sortides"],"post_mailing_queue_ids":[],"_links":{"self":[{"href":"https:\/\/agora.xtec.cat\/institut-torrefarrera\/wp-json\/wp\/v2\/posts\/10212","targetHints":{"allow":["GET"]}}],"collection":[{"href":"https:\/\/agora.xtec.cat\/institut-torrefarrera\/wp-json\/wp\/v2\/posts"}],"about":[{"href":"https:\/\/agora.xtec.cat\/institut-torrefarrera\/wp-json\/wp\/v2\/types\/post"}],"author":[{"embeddable":true,"href":"https:\/\/agora.xtec.cat\/institut-torrefarrera\/wp-json\/wp\/v2\/users\/1"}],"replies":[{"embeddable":true,"href":"https:\/\/agora.xtec.cat\/institut-torrefarrera\/wp-json\/wp\/v2\/comments?post=10212"}],"version-history":[{"count":1,"href":"https:\/\/agora.xtec.cat\/institut-torrefarrera\/wp-json\/wp\/v2\/posts\/10212\/revisions"}],"predecessor-version":[{"id":10214,"href":"https:\/\/agora.xtec.cat\/institut-torrefarrera\/wp-json\/wp\/v2\/posts\/10212\/revisions\/10214"}],"wp:featuredmedia":[{"embeddable":true,"href":"https:\/\/agora.xtec.cat\/institut-torrefarrera\/wp-json\/wp\/v2\/media\/10213"}],"wp:attachment":[{"href":"https:\/\/agora.xtec.cat\/institut-torrefarrera\/wp-json\/wp\/v2\/media?parent=10212"}],"wp:term":[{"taxonomy":"category","embeddable":true,"href":"https:\/\/agora.xtec.cat\/institut-torrefarrera\/wp-json\/wp\/v2\/categories?post=10212"},{"taxonomy":"post_tag","embeddable":true,"href":"https:\/\/agora.xtec.cat\/institut-torrefarrera\/wp-json\/wp\/v2\/tags?post=10212"}],"curies":[{"name":"wp","href":"https:\/\/api.w.org\/{rel}","templated":true}]}}