{"id":10163,"date":"2021-09-29T18:59:29","date_gmt":"2021-09-29T16:59:29","guid":{"rendered":"https:\/\/agora.xtec.cat\/institut-torrefarrera\/?p=10163"},"modified":"2021-09-29T19:03:37","modified_gmt":"2021-09-29T17:03:37","slug":"apadrinem-lalzinar-projecte-dinnovacio-pedagogica","status":"publish","type":"post","link":"https:\/\/agora.xtec.cat\/institut-torrefarrera\/general\/apadrinem-lalzinar-projecte-dinnovacio-pedagogica\/","title":{"rendered":"Apadrinem l&#8217;Alzinar. Projecte d&#8217;Innovaci\u00f3 Pedag\u00f2gica"},"content":{"rendered":"<p><a href=\"https:\/\/agora.xtec.cat\/institut-torrefarrera\/wp-content\/uploads\/usu847\/2021\/09\/20210928_162825.jpg\"><img loading=\"lazy\" decoding=\"async\" class=\"alignnone size-large wp-image-10164\" src=\"https:\/\/agora.xtec.cat\/institut-torrefarrera\/wp-content\/uploads\/usu847\/2021\/09\/20210928_162825-1024x768.jpg\" alt=\"\" width=\"1024\" height=\"768\" srcset=\"https:\/\/agora.xtec.cat\/institut-torrefarrera\/wp-content\/uploads\/usu847\/2021\/09\/20210928_162825-1024x768.jpg 1024w, https:\/\/agora.xtec.cat\/institut-torrefarrera\/wp-content\/uploads\/usu847\/2021\/09\/20210928_162825-300x225.jpg 300w, https:\/\/agora.xtec.cat\/institut-torrefarrera\/wp-content\/uploads\/usu847\/2021\/09\/20210928_162825-768x576.jpg 768w, https:\/\/agora.xtec.cat\/institut-torrefarrera\/wp-content\/uploads\/usu847\/2021\/09\/20210928_162825-1536x1152.jpg 1536w, https:\/\/agora.xtec.cat\/institut-torrefarrera\/wp-content\/uploads\/usu847\/2021\/09\/20210928_162825-200x150.jpg 200w, https:\/\/agora.xtec.cat\/institut-torrefarrera\/wp-content\/uploads\/usu847\/2021\/09\/20210928_162825.jpg 2000w\" sizes=\"auto, (max-width: 1024px) 100vw, 1024px\" \/><\/a><\/p>\n<p style=\"text-align: justify;\">El passat 28 de setembre, una representaci\u00f3 del professorat de l&#8217;institut ens vam adre\u00e7ar a L&#8217;Alzinar de Torrefarrera per fer un reconeixement de l&#8217;espai i veure en quin estat es troba en l&#8217;actualitat per tal de comen\u00e7ar a pensar en quines accions de millora s&#8217;hi podrien realitzar i tamb\u00e9 per veure quines possibilitats pedag\u00f2giques ens ofereix.<\/p>\n<p style=\"text-align: justify;\">Dins el projecte d&#8217;innovaci\u00f3 que se&#8217;ns va concedir el curs passat i al llarg dels tres propers cursos, hem adquirit el comprom\u00eds de realitzar-hi diferents intervencions en col\u00b7laboraci\u00f3 amb l&#8217;Ajuntament i l&#8217;Escola La Creu.<\/p>\n<p>&nbsp;<\/p>\n<p>Comissi\u00f3 Escola Verda<\/p>\n","protected":false},"excerpt":{"rendered":"<p><a href=\"https:\/\/agora.xtec.cat\/institut-torrefarrera\/wp-content\/uploads\/usu847\/2021\/09\/20210928_162825.jpg\"><\/a><br \/>\nEl passat 28 de setembre, una representaci\u00f3 del professorat de l&#8217;institut ens vam adre\u00e7ar a L&#8217;Alzinar de Torrefarrera per fer un reconeixement de l&#8217;espai i veure en quin estat es troba en l&#8217;actualitat per tal de comen\u00e7ar a pensar en quines accions de millora&hellip;  <a href=\"https:\/\/agora.xtec.cat\/institut-torrefarrera\/general\/apadrinem-lalzinar-projecte-dinnovacio-pedagogica\/\" title=\"Read Apadrinem l&#8217;Alzinar. Projecte d&#8217;Innovaci\u00f3 Pedag\u00f2gica\">Llegeix m\u00e9s\u00bb<\/a><\/p>\n","protected":false},"author":359,"featured_media":10164,"comment_status":"open","ping_status":"closed","sticky":false,"template":"","format":"standard","meta":{"_bbp_topic_count":0,"_bbp_reply_count":0,"_bbp_total_topic_count":0,"_bbp_total_reply_count":0,"_bbp_voice_count":0,"_bbp_anonymous_reply_count":0,"_bbp_topic_count_hidden":0,"_bbp_reply_count_hidden":0,"_bbp_forum_subforum_count":0,"footnotes":""},"categories":[152,124,1,108],"tags":[],"class_list":["post-10163","post","type-post","status-publish","format-standard","has-post-thumbnail","hentry","category-aprenentatge-i-servei","category-escola-verda","category-general","category-projectes-de-centre"],"post_mailing_queue_ids":[],"_links":{"self":[{"href":"https:\/\/agora.xtec.cat\/institut-torrefarrera\/wp-json\/wp\/v2\/posts\/10163","targetHints":{"allow":["GET"]}}],"collection":[{"href":"https:\/\/agora.xtec.cat\/institut-torrefarrera\/wp-json\/wp\/v2\/posts"}],"about":[{"href":"https:\/\/agora.xtec.cat\/institut-torrefarrera\/wp-json\/wp\/v2\/types\/post"}],"author":[{"embeddable":true,"href":"https:\/\/agora.xtec.cat\/institut-torrefarrera\/wp-json\/wp\/v2\/users\/359"}],"replies":[{"embeddable":true,"href":"https:\/\/agora.xtec.cat\/institut-torrefarrera\/wp-json\/wp\/v2\/comments?post=10163"}],"version-history":[{"count":2,"href":"https:\/\/agora.xtec.cat\/institut-torrefarrera\/wp-json\/wp\/v2\/posts\/10163\/revisions"}],"predecessor-version":[{"id":10166,"href":"https:\/\/agora.xtec.cat\/institut-torrefarrera\/wp-json\/wp\/v2\/posts\/10163\/revisions\/10166"}],"wp:featuredmedia":[{"embeddable":true,"href":"https:\/\/agora.xtec.cat\/institut-torrefarrera\/wp-json\/wp\/v2\/media\/10164"}],"wp:attachment":[{"href":"https:\/\/agora.xtec.cat\/institut-torrefarrera\/wp-json\/wp\/v2\/media?parent=10163"}],"wp:term":[{"taxonomy":"category","embeddable":true,"href":"https:\/\/agora.xtec.cat\/institut-torrefarrera\/wp-json\/wp\/v2\/categories?post=10163"},{"taxonomy":"post_tag","embeddable":true,"href":"https:\/\/agora.xtec.cat\/institut-torrefarrera\/wp-json\/wp\/v2\/tags?post=10163"}],"curies":[{"name":"wp","href":"https:\/\/api.w.org\/{rel}","templated":true}]}}