{"id":4275,"date":"2026-04-28T12:32:35","date_gmt":"2026-04-28T10:32:35","guid":{"rendered":"https:\/\/agora.xtec.cat\/instiana\/?p=4275"},"modified":"2026-04-28T12:51:10","modified_gmt":"2026-04-28T10:51:10","slug":"visita-a-badalona-comunicacio","status":"publish","type":"post","link":"https:\/\/agora.xtec.cat\/instiana\/portada\/visita-a-badalona-comunicacio\/","title":{"rendered":"Visita a Badalona Comunicaci\u00f3"},"content":{"rendered":"<p><span style=\"font-weight: 400;\"><a href=\"https:\/\/agora.xtec.cat\/instiana\/wp-content\/uploads\/usu1968\/2026\/04\/IMG_0502-scaled.jpeg\"><img loading=\"lazy\" decoding=\"async\" class=\"wp-image-4279 size-medium alignleft\" src=\"https:\/\/agora.xtec.cat\/instiana\/wp-content\/uploads\/usu1968\/2026\/04\/IMG_0502-300x225.jpeg\" alt=\"\" width=\"300\" height=\"225\" srcset=\"https:\/\/agora.xtec.cat\/instiana\/wp-content\/uploads\/usu1968\/2026\/04\/IMG_0502-300x225.jpeg 300w, https:\/\/agora.xtec.cat\/instiana\/wp-content\/uploads\/usu1968\/2026\/04\/IMG_0502-1024x768.jpeg 1024w, https:\/\/agora.xtec.cat\/instiana\/wp-content\/uploads\/usu1968\/2026\/04\/IMG_0502-768x576.jpeg 768w, https:\/\/agora.xtec.cat\/instiana\/wp-content\/uploads\/usu1968\/2026\/04\/IMG_0502-1536x1152.jpeg 1536w, https:\/\/agora.xtec.cat\/instiana\/wp-content\/uploads\/usu1968\/2026\/04\/IMG_0502-2048x1536.jpeg 2048w, https:\/\/agora.xtec.cat\/instiana\/wp-content\/uploads\/usu1968\/2026\/04\/IMG_0502-200x150.jpeg 200w\" sizes=\"auto, (max-width: 300px) 100vw, 300px\" \/><\/a>El dia va comen\u00e7ar quan tots els companys i companyes de la revista ens vam trobar a la pla\u00e7a de Montgat. All\u00e0 ens vam esperar al bus per arribar a Comunicaci\u00f3 Badalona. All\u00e0, e<\/span><span style=\"font-weight: 400;\">ls treballadors de Badalona Comunicaci\u00f3 ens van ensenyar tot l\u2019edifici explicant-nos cada una de les seccions i com treballen entre tots. <\/span><\/p>\n<p><span style=\"font-weight: 400;\">Ens van ensenyar com editar, manejar i controlar el so, el disseny i entre altres coses. <\/span><span style=\"font-weight: 400;\">Ens va agradar especialment una part on van ensenyar-nos com utilitzar la c\u00e0mera ja que vam sortir per la teva i ens vam divertir molt fent de t\u00e8cnics per un dia! <\/span><span style=\"font-weight: 400;\">Els treballadors de Badalona Comunicaci\u00f3 tamb\u00e9 ens van ensenyar com penjaven els seus articles. El que feien era crear comptes en diferents xarxes socials i plataformes com YouTube, TikTok, Instagram, X\u2026\u00a0<\/span><\/p>\n<p><span style=\"font-weight: 400;\">Volem agrair a tots el que han ensenyat i esperem comptar amb ells de nou per muntar la r\u00e0dio a l&#8217;insti!<\/span><\/p>\n<p><a href=\"https:\/\/agora.xtec.cat\/instiana\/wp-content\/uploads\/usu1968\/2026\/04\/IMG_0503-scaled.jpeg\"><img loading=\"lazy\" decoding=\"async\" class=\"alignnone size-large wp-image-4278\" src=\"https:\/\/agora.xtec.cat\/instiana\/wp-content\/uploads\/usu1968\/2026\/04\/IMG_0503-1024x768.jpeg\" alt=\"\" width=\"1024\" height=\"768\" srcset=\"https:\/\/agora.xtec.cat\/instiana\/wp-content\/uploads\/usu1968\/2026\/04\/IMG_0503-1024x768.jpeg 1024w, https:\/\/agora.xtec.cat\/instiana\/wp-content\/uploads\/usu1968\/2026\/04\/IMG_0503-300x225.jpeg 300w, https:\/\/agora.xtec.cat\/instiana\/wp-content\/uploads\/usu1968\/2026\/04\/IMG_0503-768x576.jpeg 768w, https:\/\/agora.xtec.cat\/instiana\/wp-content\/uploads\/usu1968\/2026\/04\/IMG_0503-1536x1152.jpeg 1536w, https:\/\/agora.xtec.cat\/instiana\/wp-content\/uploads\/usu1968\/2026\/04\/IMG_0503-2048x1536.jpeg 2048w, https:\/\/agora.xtec.cat\/instiana\/wp-content\/uploads\/usu1968\/2026\/04\/IMG_0503-200x150.jpeg 200w\" sizes=\"auto, (max-width: 1024px) 100vw, 1024px\" \/><\/a><\/p>\n","protected":false},"excerpt":{"rendered":"<p>Ens van ensenyar com editar, manejar i controlar el so, el disseny i entre altres coses. Ens va agradar especialment una part on van ensenyar-nos com utilitzar la c\u00e0mera&#8230;&hellip;  <a href=\"https:\/\/agora.xtec.cat\/instiana\/portada\/visita-a-badalona-comunicacio\/\" title=\"Read Visita a Badalona Comunicaci\u00f3\">Llegeix m\u00e9s\u00bb<\/a><\/p>\n","protected":false},"author":8,"featured_media":4277,"comment_status":"open","ping_status":"open","sticky":false,"template":"","format":"standard","meta":{"_bbp_topic_count":0,"_bbp_reply_count":0,"_bbp_total_topic_count":0,"_bbp_total_reply_count":0,"_bbp_voice_count":0,"_bbp_anonymous_reply_count":0,"_bbp_topic_count_hidden":0,"_bbp_reply_count_hidden":0,"_bbp_forum_subforum_count":0,"footnotes":""},"categories":[29,143],"tags":[210,139],"class_list":["post-4275","post","type-post","status-publish","format-standard","has-post-thumbnail","hentry","category-portada","category-revinstiana","tag-noticies-de-linsti","tag-revinstiana"],"post_mailing_queue_ids":[],"_links":{"self":[{"href":"https:\/\/agora.xtec.cat\/instiana\/wp-json\/wp\/v2\/posts\/4275","targetHints":{"allow":["GET"]}}],"collection":[{"href":"https:\/\/agora.xtec.cat\/instiana\/wp-json\/wp\/v2\/posts"}],"about":[{"href":"https:\/\/agora.xtec.cat\/instiana\/wp-json\/wp\/v2\/types\/post"}],"author":[{"embeddable":true,"href":"https:\/\/agora.xtec.cat\/instiana\/wp-json\/wp\/v2\/users\/8"}],"replies":[{"embeddable":true,"href":"https:\/\/agora.xtec.cat\/instiana\/wp-json\/wp\/v2\/comments?post=4275"}],"version-history":[{"count":1,"href":"https:\/\/agora.xtec.cat\/instiana\/wp-json\/wp\/v2\/posts\/4275\/revisions"}],"predecessor-version":[{"id":4280,"href":"https:\/\/agora.xtec.cat\/instiana\/wp-json\/wp\/v2\/posts\/4275\/revisions\/4280"}],"wp:featuredmedia":[{"embeddable":true,"href":"https:\/\/agora.xtec.cat\/instiana\/wp-json\/wp\/v2\/media\/4277"}],"wp:attachment":[{"href":"https:\/\/agora.xtec.cat\/instiana\/wp-json\/wp\/v2\/media?parent=4275"}],"wp:term":[{"taxonomy":"category","embeddable":true,"href":"https:\/\/agora.xtec.cat\/instiana\/wp-json\/wp\/v2\/categories?post=4275"},{"taxonomy":"post_tag","embeddable":true,"href":"https:\/\/agora.xtec.cat\/instiana\/wp-json\/wp\/v2\/tags?post=4275"}],"curies":[{"name":"wp","href":"https:\/\/api.w.org\/{rel}","templated":true}]}}