{"id":3435,"date":"2024-04-22T13:04:34","date_gmt":"2024-04-22T11:04:34","guid":{"rendered":"https:\/\/agora.xtec.cat\/instiana\/?p=3435"},"modified":"2024-04-22T13:04:34","modified_gmt":"2024-04-22T11:04:34","slug":"un-jove-litua-trenca-el-record-mes-antic-en-latletisme","status":"publish","type":"post","link":"https:\/\/agora.xtec.cat\/instiana\/general\/un-jove-litua-trenca-el-record-mes-antic-en-latletisme\/","title":{"rendered":"Un jove litu\u00e0 trenca el r\u00e8cord m\u00e9s antic en l\u2019atletisme"},"content":{"rendered":"<p><span data-sheets-root=\"1\" data-sheets-value=\"{&quot;1&quot;:2,&quot;2&quot;:&quot;UN JOVE LITU\u00c0 TRENCA EL R\u00c8CORD M\u00c9S ANTIC EN L\u2019ATLETISME\\n\\nQu\u00e8 va passar?\\nUn esportista litu\u00e0 de nom\u00e9s 21 anys que practica el llan\u00e7ament de disc. Va batre el r\u00e8cord mundial mascul\u00ed establert el 6 de juny del 1986 per Juergen Schult de l\u2019antiga Rep\u00fablica Democr\u00e0tica d\u2019Alemanya del qual van dubtar d\u2019haver consumit turinabol, un potent anabolitzant. \\nLa seva puntuaci\u00f3 va ser de 74,35 metres, que supera en 27 cent\u00edmetres la de Juergen.\\nVa batre el r\u00e8cord de forma completament inesperada a una trobada de sector als Estats Units. \\n\\nQui \u00e9s ell?\\t\\nEll \u00e9s Mykolas Alekna, fill de Virgilijus Alekna, doble campi\u00f3 ol\u00edmpic, tamb\u00e9 de llan\u00e7ament de disc, als Jocs del 2000 i del 2004 i tercer en el r\u00e0nquing de tots els temps, amb una marca de 73,88.\\n\\nCuriositats:\\nEl m\u00e9s curi\u00f3s de tot \u00e9s que tot just fa set anys que Alekna es dedica al llan\u00e7ament de disc, i amb la seva edat i aquest r\u00e8cord, promet ser un dels grans noms en el m\u00f3n del llan\u00e7ament de disc i de l\u2019atletisme en general. De fet, ja ha estat subcampi\u00f3 del m\u00f3n i ara est\u00e0 enfocat en els Jocs de Par\u00eds d\u2019aquest proper estiu.\\n\\n\\n\\nEstel N\u00fa\u00f1ez Lama\\n&quot;}\" data-sheets-userformat=\"{&quot;2&quot;:513,&quot;3&quot;:{&quot;1&quot;:0},&quot;12&quot;:0}\"><img loading=\"lazy\" decoding=\"async\" class=\"alignleft wp-image-3436\" src=\"https:\/\/agora.xtec.cat\/instiana\/wp-content\/uploads\/usu1968\/2024\/04\/IMG_2977-Estel-Nunez-Lama-300x203.jpeg\" alt=\"\" width=\"500\" height=\"338\" srcset=\"https:\/\/agora.xtec.cat\/instiana\/wp-content\/uploads\/usu1968\/2024\/04\/IMG_2977-Estel-Nunez-Lama-300x203.jpeg 300w, https:\/\/agora.xtec.cat\/instiana\/wp-content\/uploads\/usu1968\/2024\/04\/IMG_2977-Estel-Nunez-Lama.jpeg 690w\" sizes=\"auto, (max-width: 500px) 100vw, 500px\" \/>Un esportista litu\u00e0 de nom\u00e9s 21 anys que practica el llan\u00e7ament de disc va batre el r\u00e8cord mundial mascul\u00ed establert el 6 de juny del 1986 per Juergen Schult de l\u2019antiga Rep\u00fablica Democr\u00e0tica d\u2019Alemanya, del qual van dubtar d\u2019haver consumit turinabol, un potent anabolitzant. <\/span><span data-sheets-root=\"1\" data-sheets-value=\"{&quot;1&quot;:2,&quot;2&quot;:&quot;UN JOVE LITU\u00c0 TRENCA EL R\u00c8CORD M\u00c9S ANTIC EN L\u2019ATLETISME\\n\\nQu\u00e8 va passar?\\nUn esportista litu\u00e0 de nom\u00e9s 21 anys que practica el llan\u00e7ament de disc. Va batre el r\u00e8cord mundial mascul\u00ed establert el 6 de juny del 1986 per Juergen Schult de l\u2019antiga Rep\u00fablica Democr\u00e0tica d\u2019Alemanya del qual van dubtar d\u2019haver consumit turinabol, un potent anabolitzant. \\nLa seva puntuaci\u00f3 va ser de 74,35 metres, que supera en 27 cent\u00edmetres la de Juergen.\\nVa batre el r\u00e8cord de forma completament inesperada a una trobada de sector als Estats Units. \\n\\nQui \u00e9s ell?\\t\\nEll \u00e9s Mykolas Alekna, fill de Virgilijus Alekna, doble campi\u00f3 ol\u00edmpic, tamb\u00e9 de llan\u00e7ament de disc, als Jocs del 2000 i del 2004 i tercer en el r\u00e0nquing de tots els temps, amb una marca de 73,88.\\n\\nCuriositats:\\nEl m\u00e9s curi\u00f3s de tot \u00e9s que tot just fa set anys que Alekna es dedica al llan\u00e7ament de disc, i amb la seva edat i aquest r\u00e8cord, promet ser un dels grans noms en el m\u00f3n del llan\u00e7ament de disc i de l\u2019atletisme en general. De fet, ja ha estat subcampi\u00f3 del m\u00f3n i ara est\u00e0 enfocat en els Jocs de Par\u00eds d\u2019aquest proper estiu.\\n\\n\\n\\nEstel N\u00fa\u00f1ez Lama\\n&quot;}\" data-sheets-userformat=\"{&quot;2&quot;:513,&quot;3&quot;:{&quot;1&quot;:0},&quot;12&quot;:0}\">La seva puntuaci\u00f3 va ser de 74,35 metres, que supera en 27 cent\u00edmetres la de Juergen. Va batre el r\u00e8cord de forma completament inesperada a una trobada del sector als Estats Units.<\/p>\n<p>Ell \u00e9s Mykolas Alekna, fill de Virgilijus Alekna, doble campi\u00f3 ol\u00edmpic, tamb\u00e9 de llan\u00e7ament de disc, als Jocs del 2000 i del 2004 i tercer en el r\u00e0nquing de tots els temps, amb una marca de 73,88.<\/p>\n<p>El m\u00e9s curi\u00f3s de tot plegat \u00e9s que tot just fa set anys que Alekna es dedica al llan\u00e7ament de disc, i amb la seva edat i aquest r\u00e8cord, promet ser un dels grans noms en el m\u00f3n del llan\u00e7ament de disc i de l\u2019atletisme en general. De fet, ja ha estat subcampi\u00f3 del m\u00f3n i ara est\u00e0 enfocat en els Jocs de Par\u00eds d\u2019aquest pr\u00f2xim estiu.<\/p>\n<p><strong>Estel N\u00fa\u00f1ez<\/strong><br \/>\n<\/span><\/p>\n","protected":false},"excerpt":{"rendered":"<p>Un esportista litu\u00e0 de nom\u00e9s 21 anys que practica el llan\u00e7ament de disc va batre el r\u00e8cord mundial mascul\u00ed establert el 6 de juny del 1986 per Juergen Schult de l\u2019antiga Rep\u00fablica Democr\u00e0tica d\u2019Alemanya, del qual van dubtar d\u2019haver consumit turinabol, un potent anabolitzant. La&hellip;  <a href=\"https:\/\/agora.xtec.cat\/instiana\/general\/un-jove-litua-trenca-el-record-mes-antic-en-latletisme\/\" title=\"Read Un jove litu\u00e0 trenca el r\u00e8cord m\u00e9s antic en l\u2019atletisme\">Llegeix m\u00e9s\u00bb<\/a><\/p>\n","protected":false},"author":1,"featured_media":3436,"comment_status":"open","ping_status":"closed","sticky":false,"template":"","format":"standard","meta":{"_bbp_topic_count":0,"_bbp_reply_count":0,"_bbp_total_topic_count":0,"_bbp_total_reply_count":0,"_bbp_voice_count":0,"_bbp_anonymous_reply_count":0,"_bbp_topic_count_hidden":0,"_bbp_reply_count_hidden":0,"_bbp_forum_subforum_count":0,"footnotes":""},"categories":[1,143],"tags":[144,139],"class_list":["post-3435","post","type-post","status-publish","format-standard","has-post-thumbnail","hentry","category-general","category-revinstiana","tag-esports","tag-revinstiana"],"post_mailing_queue_ids":[],"_links":{"self":[{"href":"https:\/\/agora.xtec.cat\/instiana\/wp-json\/wp\/v2\/posts\/3435","targetHints":{"allow":["GET"]}}],"collection":[{"href":"https:\/\/agora.xtec.cat\/instiana\/wp-json\/wp\/v2\/posts"}],"about":[{"href":"https:\/\/agora.xtec.cat\/instiana\/wp-json\/wp\/v2\/types\/post"}],"author":[{"embeddable":true,"href":"https:\/\/agora.xtec.cat\/instiana\/wp-json\/wp\/v2\/users\/1"}],"replies":[{"embeddable":true,"href":"https:\/\/agora.xtec.cat\/instiana\/wp-json\/wp\/v2\/comments?post=3435"}],"version-history":[{"count":2,"href":"https:\/\/agora.xtec.cat\/instiana\/wp-json\/wp\/v2\/posts\/3435\/revisions"}],"predecessor-version":[{"id":3438,"href":"https:\/\/agora.xtec.cat\/instiana\/wp-json\/wp\/v2\/posts\/3435\/revisions\/3438"}],"wp:featuredmedia":[{"embeddable":true,"href":"https:\/\/agora.xtec.cat\/instiana\/wp-json\/wp\/v2\/media\/3436"}],"wp:attachment":[{"href":"https:\/\/agora.xtec.cat\/instiana\/wp-json\/wp\/v2\/media?parent=3435"}],"wp:term":[{"taxonomy":"category","embeddable":true,"href":"https:\/\/agora.xtec.cat\/instiana\/wp-json\/wp\/v2\/categories?post=3435"},{"taxonomy":"post_tag","embeddable":true,"href":"https:\/\/agora.xtec.cat\/instiana\/wp-json\/wp\/v2\/tags?post=3435"}],"curies":[{"name":"wp","href":"https:\/\/api.w.org\/{rel}","templated":true}]}}