{"id":3370,"date":"2024-03-11T12:45:13","date_gmt":"2024-03-11T11:45:13","guid":{"rendered":"https:\/\/agora.xtec.cat\/instiana\/?p=3370"},"modified":"2024-03-11T12:46:03","modified_gmt":"2024-03-11T11:46:03","slug":"els-porros-amb-menors-preocupen-als-experts","status":"publish","type":"post","link":"https:\/\/agora.xtec.cat\/instiana\/eso1\/els-porros-amb-menors-preocupen-als-experts\/","title":{"rendered":"Els porros en menors preocupen als experts"},"content":{"rendered":"<p><img loading=\"lazy\" decoding=\"async\" class=\"alignright wp-image-3371 size-medium\" src=\"https:\/\/agora.xtec.cat\/instiana\/wp-content\/uploads\/usu1968\/2024\/03\/pexels-yash-lucid-1466335-300x200.jpg\" alt=\"\" width=\"300\" height=\"200\" srcset=\"https:\/\/agora.xtec.cat\/instiana\/wp-content\/uploads\/usu1968\/2024\/03\/pexels-yash-lucid-1466335-300x200.jpg 300w, https:\/\/agora.xtec.cat\/instiana\/wp-content\/uploads\/usu1968\/2024\/03\/pexels-yash-lucid-1466335-1024x683.jpg 1024w, https:\/\/agora.xtec.cat\/instiana\/wp-content\/uploads\/usu1968\/2024\/03\/pexels-yash-lucid-1466335-768x512.jpg 768w, https:\/\/agora.xtec.cat\/instiana\/wp-content\/uploads\/usu1968\/2024\/03\/pexels-yash-lucid-1466335-1536x1024.jpg 1536w, https:\/\/agora.xtec.cat\/instiana\/wp-content\/uploads\/usu1968\/2024\/03\/pexels-yash-lucid-1466335-2048x1365.jpg 2048w\" sizes=\"auto, (max-width: 300px) 100vw, 300px\" \/>El consum de c\u00e0nnabis \u00e9s molt elevat i el consum d\u2019aquest en menors \u00e9s preocupant. El c\u00e0nnabis o m\u00e9s conegut com a marihuana, \u00e9s una droga que es fuma i que s&#8217;est\u00e0 normalitzant molt, ja que cada cop el consum \u00e9s m\u00e9s gran i sobretot en menors d\u2019edat.<\/p>\n<p><strong>Efectes<\/strong><br \/>\nLa marihuana \u00e9s la tercera droga psicoactiva m\u00e9s consumida en el m\u00f3n, nom\u00e9s per darrere del tabac i l\u2019alcohol. Els seus efectes s\u00f3n: relaxaci\u00f3, sensaci\u00f3 de lentitud del pas del temps, molta alegria, envermelliment ocular, augment de la freq\u00fc\u00e8ncia card\u00edaca i de la pressi\u00f3 arterial.<\/p>\n<p><strong>Des de l&#8217;institut<\/strong><br \/>\nDes de l\u2019Institut hem fet diverses xerrades sobre les addiccions siguin de la marihuana o d\u2019altres coses. Des de l&#8217;associaci\u00f3 del Projecte Home venen diverses vegades a l&#8217;any a fer-nos xerrades molt interessants i per parlar sobre aquests temes.<\/p>\n<p><strong>Consum amb menors<\/strong><br \/>\nEl consum de marihuana en menors \u00e9s molt preocupants, ja que el cervell encara no est\u00e0 format del tot i el consum d\u2019aquesta pot provocar canvis irreparables en el desenvolupament cerebral i f\u00edsic.<\/p>\n<p><strong>Gerard Curto<\/strong><\/p>\n","protected":false},"excerpt":{"rendered":"<p>El consum de c\u00e0nnabis \u00e9s molt elevat i el consum d\u2019aquest en menors \u00e9s preocupant. El c\u00e0nnabis o m\u00e9s conegut com a marihuana, \u00e9s una droga que es fuma i que s&#8217;est\u00e0 normalitzant molt, ja que cada cop el consum \u00e9s m\u00e9s gran i sobretot&hellip;  <a href=\"https:\/\/agora.xtec.cat\/instiana\/eso1\/els-porros-amb-menors-preocupen-als-experts\/\" title=\"Read Els porros en menors preocupen als experts\">Llegeix m\u00e9s\u00bb<\/a><\/p>\n","protected":false},"author":1,"featured_media":3371,"comment_status":"open","ping_status":"closed","sticky":false,"template":"","format":"standard","meta":{"_bbp_topic_count":0,"_bbp_reply_count":0,"_bbp_total_topic_count":0,"_bbp_total_reply_count":0,"_bbp_voice_count":0,"_bbp_anonymous_reply_count":0,"_bbp_topic_count_hidden":0,"_bbp_reply_count_hidden":0,"_bbp_forum_subforum_count":0,"footnotes":""},"categories":[106,143],"tags":[157,156,139],"class_list":["post-3370","post","type-post","status-publish","format-standard","has-post-thumbnail","hentry","category-eso1","category-revinstiana","tag-actualitat","tag-esports-i-eco","tag-revinstiana"],"post_mailing_queue_ids":[],"_links":{"self":[{"href":"https:\/\/agora.xtec.cat\/instiana\/wp-json\/wp\/v2\/posts\/3370","targetHints":{"allow":["GET"]}}],"collection":[{"href":"https:\/\/agora.xtec.cat\/instiana\/wp-json\/wp\/v2\/posts"}],"about":[{"href":"https:\/\/agora.xtec.cat\/instiana\/wp-json\/wp\/v2\/types\/post"}],"author":[{"embeddable":true,"href":"https:\/\/agora.xtec.cat\/instiana\/wp-json\/wp\/v2\/users\/1"}],"replies":[{"embeddable":true,"href":"https:\/\/agora.xtec.cat\/instiana\/wp-json\/wp\/v2\/comments?post=3370"}],"version-history":[{"count":2,"href":"https:\/\/agora.xtec.cat\/instiana\/wp-json\/wp\/v2\/posts\/3370\/revisions"}],"predecessor-version":[{"id":3373,"href":"https:\/\/agora.xtec.cat\/instiana\/wp-json\/wp\/v2\/posts\/3370\/revisions\/3373"}],"wp:featuredmedia":[{"embeddable":true,"href":"https:\/\/agora.xtec.cat\/instiana\/wp-json\/wp\/v2\/media\/3371"}],"wp:attachment":[{"href":"https:\/\/agora.xtec.cat\/instiana\/wp-json\/wp\/v2\/media?parent=3370"}],"wp:term":[{"taxonomy":"category","embeddable":true,"href":"https:\/\/agora.xtec.cat\/instiana\/wp-json\/wp\/v2\/categories?post=3370"},{"taxonomy":"post_tag","embeddable":true,"href":"https:\/\/agora.xtec.cat\/instiana\/wp-json\/wp\/v2\/tags?post=3370"}],"curies":[{"name":"wp","href":"https:\/\/api.w.org\/{rel}","templated":true}]}}