{"id":2535,"date":"2023-02-07T17:00:11","date_gmt":"2023-02-07T16:00:11","guid":{"rendered":"https:\/\/agora.xtec.cat\/instiana\/?p=2535"},"modified":"2023-03-03T14:28:59","modified_gmt":"2023-03-03T13:28:59","slug":"jornada-de-portes-obertes-eso-2022","status":"publish","type":"post","link":"https:\/\/agora.xtec.cat\/instiana\/general\/jornada-de-portes-obertes-eso-2022\/","title":{"rendered":"Jornada de Portes Obertes ESO 2023"},"content":{"rendered":"<h3 style=\"text-align: center;\"><strong>Dissabte 4 mar\u00e7 de 2023 <\/strong><\/h3>\n<h3 style=\"text-align: center;\"><strong>Horari: de 9:00 h a 14:00 h<\/strong><\/h3>\n<p>Enguany es pot gaudir d&#8217;aquesta jornada fent la visita <strong>al vostre aire<\/strong> en <strong>horari de 9:00h a 14:00h<\/strong> <strong>o b\u00e9<\/strong> dins d&#8217;una franja hor\u00e0ria fent \u00fas d&#8217;una <strong>visita guiada<\/strong>.<img loading=\"lazy\" decoding=\"async\" class=\" wp-image-2827 alignright\" src=\"https:\/\/agora.xtec.cat\/instiana\/wp-content\/uploads\/usu1968\/2023\/02\/Portes-obertes-ESO-2023-300x167.png\" alt=\"\" width=\"321\" height=\"179\" srcset=\"https:\/\/agora.xtec.cat\/instiana\/wp-content\/uploads\/usu1968\/2023\/02\/Portes-obertes-ESO-2023-300x167.png 300w, https:\/\/agora.xtec.cat\/instiana\/wp-content\/uploads\/usu1968\/2023\/02\/Portes-obertes-ESO-2023.png 454w\" sizes=\"auto, (max-width: 321px) 100vw, 321px\" \/><\/p>\n<p>Les <strong>visites guiades<\/strong> s&#8217;organitzaran en <strong>grups<\/strong> de com a<strong> m\u00e0xim 20 persones<\/strong> dirigides per un membre del claustre de professors i realitzades en les seg\u00fcents <strong>franges hor\u00e0ries<\/strong>:<\/p>\n<ul>\n<li style=\"list-style-type: none;\">\n<ul>\n<li>1a visita guiada de <strong>9:00h a 10:00h<\/strong><\/li>\n<li>2a visita guiada de <strong>9:15h a 10:15h<\/strong><\/li>\n<li>3a visita guiada d&#8217;<strong>11:30h a 12:30h<\/strong><\/li>\n<li>4a visita guiada de <strong>11:45h a 12:45h<\/strong><\/li>\n<\/ul>\n<\/li>\n<\/ul>\n<p>Si la vostra opci\u00f3 \u00e9s fer una <strong>visita guiada<\/strong> cal demanar <a href=\"https:\/\/forms.gle\/EzFt3si5xgfRcznM9\" target=\"_blank\" rel=\"noopener\"><strong>cita pr\u00e8via<\/strong><\/a> dins d&#8217;un d&#8217;aquests marcs horaris. La visita tindr\u00e0 una durada no superior a una hora. <strong>60 minuts<\/strong> intensius on es far\u00e0 una ruta per les nostres instal\u00b7lacions, rebreu informaci\u00f3 per part del professorat especialista de cada mat\u00e8ria i veureu una mostra d&#8217;all\u00f2 que han fet, fan i faran els nostres alumnes durant el curs escolar.<\/p>\n<p>A m\u00e9s, tamb\u00e9 pod<\/p>\n<p>eu assistir a una de les dues <strong>xerrades informatives<\/strong> on es parlar\u00e0 de: qu\u00e8 \u00e9s l&#8217;ESO, qu\u00e8 s&#8217;imparteix i com a l&#8217;Institut de Tiana, quins s\u00f3n els trets caracter\u00edstics del nostre centre (PEC), com es realitza la preinscripci\u00f3, quina \u00e9s l&#8217;oferta de places de l&#8217;institut de Tiana i tot all\u00f2 que cal saber abans de prendre la decisi\u00f3 d&#8217;on matricular al vostre fill o filla.<\/p>\n<ul>\n<li style=\"list-style-type: none;\">\n<ul>\n<li>1a Xerrada informativa de <strong>10:15h a 11:30h<\/strong><\/li>\n<li>2a Xerrada informativa<\/li>\n<li>de <strong>12:45h a 14:00h<\/strong><\/li>\n<\/ul>\n<\/li>\n<\/ul>\n<p>Us hi esperem!!<\/p>\n","protected":false},"excerpt":{"rendered":"<p>Dissabte 4 mar\u00e7 de 2023<br \/>\nHorari: de 9:00 h a 14:00 h<br \/>\nEnguany es pot gaudir d&#8217;aquesta jornada fent la visita al vostre aire en horari de 9:00h a 14:00h o b\u00e9 dins d&#8217;una franja hor\u00e0ria fent \u00fas d&#8217;una visita guiada.<br \/>\nLes visites guiades s&#8217;organitzaran en grups&hellip;  <a href=\"https:\/\/agora.xtec.cat\/instiana\/general\/jornada-de-portes-obertes-eso-2022\/\" title=\"Read Jornada de Portes Obertes ESO 2023\">Llegeix m\u00e9s\u00bb<\/a><\/p>\n","protected":false},"author":1,"featured_media":2827,"comment_status":"open","ping_status":"closed","sticky":false,"template":"","format":"standard","meta":{"_bbp_topic_count":0,"_bbp_reply_count":0,"_bbp_total_topic_count":0,"_bbp_total_reply_count":0,"_bbp_voice_count":0,"_bbp_anonymous_reply_count":0,"_bbp_topic_count_hidden":0,"_bbp_reply_count_hidden":0,"_bbp_forum_subforum_count":0,"footnotes":""},"categories":[1,29],"tags":[],"class_list":["post-2535","post","type-post","status-publish","format-standard","has-post-thumbnail","hentry","category-general","category-portada"],"post_mailing_queue_ids":[],"_links":{"self":[{"href":"https:\/\/agora.xtec.cat\/instiana\/wp-json\/wp\/v2\/posts\/2535","targetHints":{"allow":["GET"]}}],"collection":[{"href":"https:\/\/agora.xtec.cat\/instiana\/wp-json\/wp\/v2\/posts"}],"about":[{"href":"https:\/\/agora.xtec.cat\/instiana\/wp-json\/wp\/v2\/types\/post"}],"author":[{"embeddable":true,"href":"https:\/\/agora.xtec.cat\/instiana\/wp-json\/wp\/v2\/users\/1"}],"replies":[{"embeddable":true,"href":"https:\/\/agora.xtec.cat\/instiana\/wp-json\/wp\/v2\/comments?post=2535"}],"version-history":[{"count":4,"href":"https:\/\/agora.xtec.cat\/instiana\/wp-json\/wp\/v2\/posts\/2535\/revisions"}],"predecessor-version":[{"id":2867,"href":"https:\/\/agora.xtec.cat\/instiana\/wp-json\/wp\/v2\/posts\/2535\/revisions\/2867"}],"wp:featuredmedia":[{"embeddable":true,"href":"https:\/\/agora.xtec.cat\/instiana\/wp-json\/wp\/v2\/media\/2827"}],"wp:attachment":[{"href":"https:\/\/agora.xtec.cat\/instiana\/wp-json\/wp\/v2\/media?parent=2535"}],"wp:term":[{"taxonomy":"category","embeddable":true,"href":"https:\/\/agora.xtec.cat\/instiana\/wp-json\/wp\/v2\/categories?post=2535"},{"taxonomy":"post_tag","embeddable":true,"href":"https:\/\/agora.xtec.cat\/instiana\/wp-json\/wp\/v2\/tags?post=2535"}],"curies":[{"name":"wp","href":"https:\/\/api.w.org\/{rel}","templated":true}]}}