{"id":975,"date":"2019-03-21T13:51:07","date_gmt":"2019-03-21T12:51:07","guid":{"rendered":"http:\/\/agora.xtec.cat\/instarragona\/?p=975"},"modified":"2019-03-21T14:04:26","modified_gmt":"2019-03-21T13:04:26","slug":"les-mates-son-el-nostre-punt-fort","status":"publish","type":"post","link":"https:\/\/agora.xtec.cat\/instarragona\/eso\/eso-1\/les-mates-son-el-nostre-punt-fort\/","title":{"rendered":"Les mates s\u00f3n el nostre punt fort!"},"content":{"rendered":"<div>Us presentem a&#8230;. el grup classificat per la segona fase del <strong><span style=\"color: #003300;\">Fem Matem\u00e0tiques 2019<\/span><\/strong>!<\/div>\n<div><\/div>\n<div>De tots els treballs que es van presentar de 1r de l&#8217;ESO, el grup de l&#8217;Adri\u00e0 Gebell\u00ed, \u00c1lvaro Pardillos i Marc Salcedo ha quedat classificat per la segona fase del concurs organitzat per oganitzat per <a href=\"http:\/\/apmcm.feemcat.org\/\">l&#8217;APMCM<\/a>.<\/div>\n<div><\/div>\n<div>Moltes felicitats!<\/div>\n<div><\/div>\n<div>La segona fase tindr\u00e0 lloc el dia 3 d&#8217;abril a l&#8217;Institut Ramon Berenguer IV de Cambrils.<\/div>\n<div>Molta sort nois!<\/div>\n<div><\/div>\n<div><a href=\"https:\/\/agora.xtec.cat\/instarragona\/wp-content\/uploads\/usu484\/2019\/03\/IMG_20190313_105856_649.jpg\"><img loading=\"lazy\" decoding=\"async\" class=\"aligncenter size-full wp-image-976\" src=\"https:\/\/agora.xtec.cat\/instarragona\/wp-content\/uploads\/usu484\/2019\/03\/IMG_20190313_105856_649.jpg\" alt=\"\" width=\"576\" height=\"422\" srcset=\"https:\/\/agora.xtec.cat\/instarragona\/wp-content\/uploads\/usu484\/2019\/03\/IMG_20190313_105856_649.jpg 576w, https:\/\/agora.xtec.cat\/instarragona\/wp-content\/uploads\/usu484\/2019\/03\/IMG_20190313_105856_649-300x220.jpg 300w\" sizes=\"auto, (max-width: 576px) 100vw, 576px\" \/><\/a><\/div>\n","protected":false},"excerpt":{"rendered":"<p>Us presentem a&#8230;. el grup classificat per la segona fase del Fem Matem\u00e0tiques 2019!<\/p>\n<p>De tots els treballs que es van presentar de 1r de l&#8217;ESO, el grup de l&#8217;Adri\u00e0 Gebell\u00ed, \u00c1lvaro Pardillos i Marc Salcedo ha quedat classificat per la segona fase del concurs organitzat&hellip;  <a href=\"https:\/\/agora.xtec.cat\/instarragona\/eso\/eso-1\/les-mates-son-el-nostre-punt-fort\/\" title=\"Read Les mates s\u00f3n el nostre punt fort!\">Llegeix m\u00e9s\u00bb<\/a><\/p>\n","protected":false},"author":1,"featured_media":977,"comment_status":"open","ping_status":"closed","sticky":false,"template":"","format":"standard","meta":{"_bbp_topic_count":0,"_bbp_reply_count":0,"_bbp_total_topic_count":0,"_bbp_total_reply_count":0,"_bbp_voice_count":0,"_bbp_anonymous_reply_count":0,"_bbp_topic_count_hidden":0,"_bbp_reply_count_hidden":0,"_bbp_forum_subforum_count":0,"footnotes":""},"categories":[4,29],"tags":[104],"class_list":["post-975","post","type-post","status-publish","format-standard","has-post-thumbnail","hentry","category-eso-1","category-portada","tag-concursos"],"post_mailing_queue_ids":[],"_links":{"self":[{"href":"https:\/\/agora.xtec.cat\/instarragona\/wp-json\/wp\/v2\/posts\/975","targetHints":{"allow":["GET"]}}],"collection":[{"href":"https:\/\/agora.xtec.cat\/instarragona\/wp-json\/wp\/v2\/posts"}],"about":[{"href":"https:\/\/agora.xtec.cat\/instarragona\/wp-json\/wp\/v2\/types\/post"}],"author":[{"embeddable":true,"href":"https:\/\/agora.xtec.cat\/instarragona\/wp-json\/wp\/v2\/users\/1"}],"replies":[{"embeddable":true,"href":"https:\/\/agora.xtec.cat\/instarragona\/wp-json\/wp\/v2\/comments?post=975"}],"version-history":[{"count":3,"href":"https:\/\/agora.xtec.cat\/instarragona\/wp-json\/wp\/v2\/posts\/975\/revisions"}],"predecessor-version":[{"id":980,"href":"https:\/\/agora.xtec.cat\/instarragona\/wp-json\/wp\/v2\/posts\/975\/revisions\/980"}],"wp:featuredmedia":[{"embeddable":true,"href":"https:\/\/agora.xtec.cat\/instarragona\/wp-json\/wp\/v2\/media\/977"}],"wp:attachment":[{"href":"https:\/\/agora.xtec.cat\/instarragona\/wp-json\/wp\/v2\/media?parent=975"}],"wp:term":[{"taxonomy":"category","embeddable":true,"href":"https:\/\/agora.xtec.cat\/instarragona\/wp-json\/wp\/v2\/categories?post=975"},{"taxonomy":"post_tag","embeddable":true,"href":"https:\/\/agora.xtec.cat\/instarragona\/wp-json\/wp\/v2\/tags?post=975"}],"curies":[{"name":"wp","href":"https:\/\/api.w.org\/{rel}","templated":true}]}}