{"id":971,"date":"2019-03-20T13:33:30","date_gmt":"2019-03-20T12:33:30","guid":{"rendered":"http:\/\/agora.xtec.cat\/instarragona\/?p=971"},"modified":"2019-03-20T13:33:30","modified_gmt":"2019-03-20T12:33:30","slug":"que-sacabin-les-vacances-si-us-plau","status":"publish","type":"post","link":"https:\/\/agora.xtec.cat\/instarragona\/eso\/eso-1\/que-sacabin-les-vacances-si-us-plau\/","title":{"rendered":"Que s&#8217;acabin les vacances, si us plau!"},"content":{"rendered":"<p>Els alumnes de primer d&#8217;ESO van assistir a la xerrada de l&#8217;escriptora Noemi Bag\u00e9s.<\/p>\n<p>Durant el segon trimestre van llegir la novel\u00b7la\u00a0<i>Que s&#8217;acabin les vacances, sisplau!\u00a0<\/i>i l&#8217;autora els va poder explicar els mecanismes de creaci\u00f3 d&#8217;aquesta hist\u00f2ria de ficci\u00f3.<\/p>\n<p>Va ser una experi\u00e8ncia molt enriquidora!<\/p>\n<p><img loading=\"lazy\" decoding=\"async\" class=\"wp-image-973 alignnone\" src=\"https:\/\/agora.xtec.cat\/instarragona\/wp-content\/uploads\/usu484\/2019\/03\/maqueta_vacances.png\" alt=\"\" width=\"201\" height=\"201\" srcset=\"https:\/\/agora.xtec.cat\/instarragona\/wp-content\/uploads\/usu484\/2019\/03\/maqueta_vacances.png 800w, https:\/\/agora.xtec.cat\/instarragona\/wp-content\/uploads\/usu484\/2019\/03\/maqueta_vacances-150x150.png 150w, https:\/\/agora.xtec.cat\/instarragona\/wp-content\/uploads\/usu484\/2019\/03\/maqueta_vacances-300x300.png 300w, https:\/\/agora.xtec.cat\/instarragona\/wp-content\/uploads\/usu484\/2019\/03\/maqueta_vacances-768x768.png 768w\" sizes=\"auto, (max-width: 201px) 100vw, 201px\" \/><\/p>\n<p><a href=\"https:\/\/agora.xtec.cat\/instarragona\/wp-content\/uploads\/usu484\/2019\/03\/Escriptora.png\"><img loading=\"lazy\" decoding=\"async\" class=\"wp-image-972 alignleft\" src=\"https:\/\/agora.xtec.cat\/instarragona\/wp-content\/uploads\/usu484\/2019\/03\/Escriptora.png\" alt=\"\" width=\"407\" height=\"271\" srcset=\"https:\/\/agora.xtec.cat\/instarragona\/wp-content\/uploads\/usu484\/2019\/03\/Escriptora.png 1167w, https:\/\/agora.xtec.cat\/instarragona\/wp-content\/uploads\/usu484\/2019\/03\/Escriptora-300x200.png 300w, https:\/\/agora.xtec.cat\/instarragona\/wp-content\/uploads\/usu484\/2019\/03\/Escriptora-768x511.png 768w, https:\/\/agora.xtec.cat\/instarragona\/wp-content\/uploads\/usu484\/2019\/03\/Escriptora-1024x682.png 1024w\" sizes=\"auto, (max-width: 407px) 100vw, 407px\" \/><\/a><\/p>\n","protected":false},"excerpt":{"rendered":"<p>Els alumnes de primer d&#8217;ESO van assistir a la xerrada de l&#8217;escriptora Noemi Bag\u00e9s.<br \/>\nDurant el segon trimestre van llegir la novel\u00b7la\u00a0Que s&#8217;acabin les vacances, sisplau!\u00a0i l&#8217;autora els va poder explicar els mecanismes de creaci\u00f3 d&#8217;aquesta hist\u00f2ria de ficci\u00f3.<br \/>\nVa ser una experi\u00e8ncia molt enriquidora!<\/p>\n<p><a href=\"https:\/\/agora.xtec.cat\/instarragona\/wp-content\/uploads\/usu484\/2019\/03\/Escriptora.png\"><\/a><\/p>\n","protected":false},"author":1,"featured_media":972,"comment_status":"open","ping_status":"closed","sticky":false,"template":"","format":"standard","meta":{"_bbp_topic_count":0,"_bbp_reply_count":0,"_bbp_total_topic_count":0,"_bbp_total_reply_count":0,"_bbp_voice_count":0,"_bbp_anonymous_reply_count":0,"_bbp_topic_count_hidden":0,"_bbp_reply_count_hidden":0,"_bbp_forum_subforum_count":0,"footnotes":""},"categories":[4,29],"tags":[44],"class_list":["post-971","post","type-post","status-publish","format-standard","has-post-thumbnail","hentry","category-eso-1","category-portada","tag-xerrades"],"post_mailing_queue_ids":[],"_links":{"self":[{"href":"https:\/\/agora.xtec.cat\/instarragona\/wp-json\/wp\/v2\/posts\/971","targetHints":{"allow":["GET"]}}],"collection":[{"href":"https:\/\/agora.xtec.cat\/instarragona\/wp-json\/wp\/v2\/posts"}],"about":[{"href":"https:\/\/agora.xtec.cat\/instarragona\/wp-json\/wp\/v2\/types\/post"}],"author":[{"embeddable":true,"href":"https:\/\/agora.xtec.cat\/instarragona\/wp-json\/wp\/v2\/users\/1"}],"replies":[{"embeddable":true,"href":"https:\/\/agora.xtec.cat\/instarragona\/wp-json\/wp\/v2\/comments?post=971"}],"version-history":[{"count":1,"href":"https:\/\/agora.xtec.cat\/instarragona\/wp-json\/wp\/v2\/posts\/971\/revisions"}],"predecessor-version":[{"id":974,"href":"https:\/\/agora.xtec.cat\/instarragona\/wp-json\/wp\/v2\/posts\/971\/revisions\/974"}],"wp:featuredmedia":[{"embeddable":true,"href":"https:\/\/agora.xtec.cat\/instarragona\/wp-json\/wp\/v2\/media\/972"}],"wp:attachment":[{"href":"https:\/\/agora.xtec.cat\/instarragona\/wp-json\/wp\/v2\/media?parent=971"}],"wp:term":[{"taxonomy":"category","embeddable":true,"href":"https:\/\/agora.xtec.cat\/instarragona\/wp-json\/wp\/v2\/categories?post=971"},{"taxonomy":"post_tag","embeddable":true,"href":"https:\/\/agora.xtec.cat\/instarragona\/wp-json\/wp\/v2\/tags?post=971"}],"curies":[{"name":"wp","href":"https:\/\/api.w.org\/{rel}","templated":true}]}}