{"id":964,"date":"2019-03-13T14:03:57","date_gmt":"2019-03-13T13:03:57","guid":{"rendered":"http:\/\/agora.xtec.cat\/instarragona\/?p=964"},"modified":"2019-03-13T14:06:13","modified_gmt":"2019-03-13T13:06:13","slug":"taller-comunicat","status":"publish","type":"post","link":"https:\/\/agora.xtec.cat\/instarragona\/eso\/eso-1\/taller-comunicat\/","title":{"rendered":"Taller &#8211; Comunica&#8217;t!"},"content":{"rendered":"<p>L&#8217;alumnat de 1r d&#8217;ESO ha participat en el taller de llengua &#8220;Comunica&#8217;t&#8221; al Caixaf\u00f2rum de Tarragona i s&#8217;ha mostrat satisfet d&#8217;haver-ne pogut gaudir. Els objectius del taller s\u00f3n fer perdre la vergonya a actuar en p\u00fablic, despertar la imaginaci\u00f3 i promoure la creativitat, tot plegat encaminat a facilitar senzilles t\u00e8cniques teatrals als joves adolescents que els ajudin a expressar-se amb naturalitat davant del p\u00fablic o dels seus companys d&#8217;aula. Dues hores plenes d&#8217;activitats inspiradores que passen volant.<br \/>\n<script src=\"https:\/\/cdn.jsdelivr.net\/npm\/publicalbum@latest\/dist\/pa-embed-player.min.js\" async><\/script><\/p>\n<div class=\"pa-embed-player\" style=\"width: 100%; height: 480px; display: none;\" data-link=\"https:\/\/photos.app.goo.gl\/8CRcW6FXa7vXvWnCA\" data-title=\"18-19 Comunica't! - 1ESO\" data-description=\"11 new photos \u00b7 Album by Institut Tarragona\"><img alt=\"\" data-src=\"https:\/\/lh3.googleusercontent.com\/RX_Lezfeq_heyJ4ECJLwI01g_sk8DLek8hZgIimWGvljsH-7q58YRKa6SMrWc4N1iggL_hN7S-tVW-GKHeWzVRRpaUdItDNyzEiYRavhCGE-WaeLwCcK0iNOWkHenheIw6Qg04zHIg=w1920-h1080\" \/><br \/>\n<img alt=\"\" data-src=\"https:\/\/lh3.googleusercontent.com\/dYNDmbKN5NSALXlaneH5y2IY4LxevaIUQ3kw4sY2XqEo9VQau3MOZX_ZSO_klBWJEGxMJ5dufH2ArbxV_PTbYcNdqM5uu-c3VV3-a3gpSAs2Wm3-7DsBj60iu15sloPKS9PizVFSgw=w1920-h1080\" \/><br \/>\n<img alt=\"\" data-src=\"https:\/\/lh3.googleusercontent.com\/KFkYGAZKZ58BVU0smfJpDfoUtda5C1QDcY2k7doA1plGzXWrpNIuQqkH0wRqGmIMG_YIaiwFhRUmVWUyiT4-rSIXNsmXJkYr0o4vY1GuPl1Y2jkDwlOWewqZZk8T2z-vWUi1z2-ohg=w1920-h1080\" \/><br \/>\n<img alt=\"\" data-src=\"https:\/\/lh3.googleusercontent.com\/i7rFhLCcoPx6nywanJb7rrl1rBmgvOhD7dvOrixTFisNdTFONvc2QDy99zg0MJ-WsI9BfEWEMqT8fwOC8I95BmU3nO05blft6fInC8SMHJxbMCYzKumlYfsZHROdHcdhFpGHBMtTcg=w1920-h1080\" \/><br \/>\n<img alt=\"\" data-src=\"https:\/\/lh3.googleusercontent.com\/kPblzLYM7eo2IWkNJVc2iD62UapK2EctrzuqqN3KUtpCzVAaHbEc-4yLoRRlzuU-dmyL2Z553jTAhQwMPTjRXKE3knIOVo-2TC4OPI-ZHAvc0MhjfkHSqPEAAP-8hrdAYKYO6Mf6-A=w1920-h1080\" \/><br \/>\n<img alt=\"\" data-src=\"https:\/\/lh3.googleusercontent.com\/iEIZPhFjOkVLfOFShOTQlQQbdtIN1uFBajFH4_Ho0rMiABtZT6x0DlaDt0uYxkfqpfLqivp65B6hyeZMmSvxHnoC_rsbgjVqi10SVoC4-iR6viVFE5aS8418mKMsISGBj_zXuZW7-A=w1920-h1080\" \/><br \/>\n<img alt=\"\" data-src=\"https:\/\/lh3.googleusercontent.com\/-VfuQU-zi58XbJVQbWOHEZSAXUNLkKqm4isUTDIC2u2MqxNGKbH4T8eH-XRQy5_ik4BK-nwq-9kjnli0bTcAftmoewfHrI702VAcv7Oi6iAcXvo7by4cSoTEV7qO81WTVL6G812kLw=w1920-h1080\" \/><br \/>\n<img alt=\"\" data-src=\"https:\/\/lh3.googleusercontent.com\/ifbzDN3ogZzWcP3ZK8XaunnDRMccFA5JJ8uwb8mh_SnWdrY8oG6cQgWyZdBUYJdNtkrP_GoIr3EfWlpH9JKciT80YPn6s5eTpe4AN_K2B3wKZSQ42-WjWXzJBrWdIzz3T_KnYoAVAw=w1920-h1080\" \/><br \/>\n<img alt=\"\" data-src=\"https:\/\/lh3.googleusercontent.com\/jB88iAac4S1apHNA6-qgF5qr6Zu77RxNR692ewxO8mt1On89pjMq1I1EBV8IPYNTViVLZVlU1_SXmzBwUIrvDjMuzSF38wquMynwNS6M6sBTutlWEmKMEGxgtRmx7meoZNpqRDso6A=w1920-h1080\" \/><br \/>\n<img alt=\"\" data-src=\"https:\/\/lh3.googleusercontent.com\/nb862YFPbRPDsSVCiLvrvzqkmQdcZwEenRFwYgNauqupCM-ndXftqph5WeFXkgoMb8XPfMCymjCmqGFwqRKcvmsDgdf7tnLzJbWJxZDXxAULXQkptkURPW2O6KDicfbnSjOfIOQCwg=w1920-h1080\" \/><br \/>\n<img alt=\"\" data-src=\"https:\/\/lh3.googleusercontent.com\/EVBnNrlQ8VTY0xbyG9koivYmKOP7B_dUMtlNS3siQ12Dzs-JKDiPcSNRSJEWSGLBGZbuXZZrlsPTsbrgzP98zJjoTT6vRmH5U18qH8jcpTZBgePzLyf9LOwIJU-x2d25RIqVIllWfQ=w1920-h1080\" \/><\/div>\n<p>&nbsp;<\/p>\n","protected":false},"excerpt":{"rendered":"<p>L&#8217;alumnat de 1r d&#8217;ESO ha participat en el taller de llengua &#8220;Comunica&#8217;t&#8221; al Caixaf\u00f2rum de Tarragona i s&#8217;ha mostrat satisfet d&#8217;haver-ne pogut gaudir. Els objectius del taller s\u00f3n fer perdre la vergonya a actuar en p\u00fablic, despertar la imaginaci\u00f3 i promoure la creativitat, tot plegat&hellip;  <a href=\"https:\/\/agora.xtec.cat\/instarragona\/eso\/eso-1\/taller-comunicat\/\" title=\"Read Taller &#8211; Comunica&#8217;t!\">Llegeix m\u00e9s\u00bb<\/a><\/p>\n","protected":false},"author":1,"featured_media":966,"comment_status":"open","ping_status":"closed","sticky":false,"template":"","format":"standard","meta":{"_bbp_topic_count":0,"_bbp_reply_count":0,"_bbp_total_topic_count":0,"_bbp_total_reply_count":0,"_bbp_voice_count":0,"_bbp_anonymous_reply_count":0,"_bbp_topic_count_hidden":0,"_bbp_reply_count_hidden":0,"_bbp_forum_subforum_count":0,"footnotes":""},"categories":[4,29],"tags":[58],"class_list":["post-964","post","type-post","status-publish","format-standard","has-post-thumbnail","hentry","category-eso-1","category-portada","tag-tallers"],"post_mailing_queue_ids":[],"_links":{"self":[{"href":"https:\/\/agora.xtec.cat\/instarragona\/wp-json\/wp\/v2\/posts\/964","targetHints":{"allow":["GET"]}}],"collection":[{"href":"https:\/\/agora.xtec.cat\/instarragona\/wp-json\/wp\/v2\/posts"}],"about":[{"href":"https:\/\/agora.xtec.cat\/instarragona\/wp-json\/wp\/v2\/types\/post"}],"author":[{"embeddable":true,"href":"https:\/\/agora.xtec.cat\/instarragona\/wp-json\/wp\/v2\/users\/1"}],"replies":[{"embeddable":true,"href":"https:\/\/agora.xtec.cat\/instarragona\/wp-json\/wp\/v2\/comments?post=964"}],"version-history":[{"count":2,"href":"https:\/\/agora.xtec.cat\/instarragona\/wp-json\/wp\/v2\/posts\/964\/revisions"}],"predecessor-version":[{"id":967,"href":"https:\/\/agora.xtec.cat\/instarragona\/wp-json\/wp\/v2\/posts\/964\/revisions\/967"}],"wp:featuredmedia":[{"embeddable":true,"href":"https:\/\/agora.xtec.cat\/instarragona\/wp-json\/wp\/v2\/media\/966"}],"wp:attachment":[{"href":"https:\/\/agora.xtec.cat\/instarragona\/wp-json\/wp\/v2\/media?parent=964"}],"wp:term":[{"taxonomy":"category","embeddable":true,"href":"https:\/\/agora.xtec.cat\/instarragona\/wp-json\/wp\/v2\/categories?post=964"},{"taxonomy":"post_tag","embeddable":true,"href":"https:\/\/agora.xtec.cat\/instarragona\/wp-json\/wp\/v2\/tags?post=964"}],"curies":[{"name":"wp","href":"https:\/\/api.w.org\/{rel}","templated":true}]}}