{"id":959,"date":"2019-03-13T13:52:10","date_gmt":"2019-03-13T12:52:10","guid":{"rendered":"http:\/\/agora.xtec.cat\/instarragona\/?p=959"},"modified":"2019-03-13T13:55:18","modified_gmt":"2019-03-13T12:55:18","slug":"final-catalana-prova-cangur","status":"publish","type":"post","link":"https:\/\/agora.xtec.cat\/instarragona\/portada\/final-catalana-prova-cangur\/","title":{"rendered":"Final catalana prova cangur."},"content":{"rendered":"<p>El dijous dia 7 es va cel\u00b7lebrar la fase final catalana de la <a href=\"https:\/\/drive.google.com\/open?id=1e5OpNOy6Qi3fQhd60GQJS2WH0RQLcUjc\">Copa Cangur<\/a>. 30 equips de tota Catalunya es van reunir a Matar\u00f3. Un grup d&#8217;alumnes del nostre institut (<strong><span style=\"color: #003300;\">Biel Ramon, Esther Mart\u00ednez, Marcos Penad\u00e9s, Emma Climent, Marc Belmonte, H\u00e8ctor Luque i Gerard Urquiz<\/span><\/strong>) hi eren presents com a guanyadors de la fase local. La jornada es va dividir en dos parts. Primer es van cel\u00b7lebrar les semifinals, amb dos grups de 15 equips cadasc\u00fan. Els nostres representants van quedar en una brillant tercera posici\u00f3 que els va donar acc\u00e9s a la final. En aquesta final van obtenir una merit\u00f2ria tretzena posici\u00f3. Una molt destables posici\u00f3 si pensem que en aquest concurs han participat m\u00e9s de 400 equips de tota Catalunya.<\/p>\n<h3><strong><span style=\"color: #003300;\">Enhorabona!<\/span><\/strong><a href=\"https:\/\/agora.xtec.cat\/instarragona\/wp-content\/uploads\/usu484\/2019\/03\/13.jpg\"><img loading=\"lazy\" decoding=\"async\" class=\"aligncenter wp-image-961\" src=\"https:\/\/agora.xtec.cat\/instarragona\/wp-content\/uploads\/usu484\/2019\/03\/13.jpg\" alt=\"\" width=\"218\" height=\"192\" srcset=\"https:\/\/agora.xtec.cat\/instarragona\/wp-content\/uploads\/usu484\/2019\/03\/13.jpg 306w, https:\/\/agora.xtec.cat\/instarragona\/wp-content\/uploads\/usu484\/2019\/03\/13-300x265.jpg 300w\" sizes=\"auto, (max-width: 218px) 100vw, 218px\" \/><\/a><\/h3>\n","protected":false},"excerpt":{"rendered":"<p>El dijous dia 7 es va cel\u00b7lebrar la fase final catalana de la <a href=\"https:\/\/drive.google.com\/open?id=1e5OpNOy6Qi3fQhd60GQJS2WH0RQLcUjc\">Copa Cangur<\/a>. 30 equips de tota Catalunya es van reunir a Matar\u00f3. Un grup d&#8217;alumnes del nostre institut (Biel Ramon, Esther Mart\u00ednez, Marcos Penad\u00e9s, Emma Climent, Marc Belmonte, H\u00e8ctor Luque i&hellip;  <a href=\"https:\/\/agora.xtec.cat\/instarragona\/portada\/final-catalana-prova-cangur\/\" title=\"Read Final catalana prova cangur.\">Llegeix m\u00e9s\u00bb<\/a><\/p>\n","protected":false},"author":1,"featured_media":961,"comment_status":"open","ping_status":"closed","sticky":false,"template":"","format":"standard","meta":{"_bbp_topic_count":0,"_bbp_reply_count":0,"_bbp_total_topic_count":0,"_bbp_total_reply_count":0,"_bbp_voice_count":0,"_bbp_anonymous_reply_count":0,"_bbp_topic_count_hidden":0,"_bbp_reply_count_hidden":0,"_bbp_forum_subforum_count":0,"footnotes":""},"categories":[29],"tags":[104],"class_list":["post-959","post","type-post","status-publish","format-standard","has-post-thumbnail","hentry","category-portada","tag-concursos"],"post_mailing_queue_ids":[],"_links":{"self":[{"href":"https:\/\/agora.xtec.cat\/instarragona\/wp-json\/wp\/v2\/posts\/959","targetHints":{"allow":["GET"]}}],"collection":[{"href":"https:\/\/agora.xtec.cat\/instarragona\/wp-json\/wp\/v2\/posts"}],"about":[{"href":"https:\/\/agora.xtec.cat\/instarragona\/wp-json\/wp\/v2\/types\/post"}],"author":[{"embeddable":true,"href":"https:\/\/agora.xtec.cat\/instarragona\/wp-json\/wp\/v2\/users\/1"}],"replies":[{"embeddable":true,"href":"https:\/\/agora.xtec.cat\/instarragona\/wp-json\/wp\/v2\/comments?post=959"}],"version-history":[{"count":2,"href":"https:\/\/agora.xtec.cat\/instarragona\/wp-json\/wp\/v2\/posts\/959\/revisions"}],"predecessor-version":[{"id":962,"href":"https:\/\/agora.xtec.cat\/instarragona\/wp-json\/wp\/v2\/posts\/959\/revisions\/962"}],"wp:featuredmedia":[{"embeddable":true,"href":"https:\/\/agora.xtec.cat\/instarragona\/wp-json\/wp\/v2\/media\/961"}],"wp:attachment":[{"href":"https:\/\/agora.xtec.cat\/instarragona\/wp-json\/wp\/v2\/media?parent=959"}],"wp:term":[{"taxonomy":"category","embeddable":true,"href":"https:\/\/agora.xtec.cat\/instarragona\/wp-json\/wp\/v2\/categories?post=959"},{"taxonomy":"post_tag","embeddable":true,"href":"https:\/\/agora.xtec.cat\/instarragona\/wp-json\/wp\/v2\/tags?post=959"}],"curies":[{"name":"wp","href":"https:\/\/api.w.org\/{rel}","templated":true}]}}