{"id":946,"date":"2019-03-13T13:41:34","date_gmt":"2019-03-13T12:41:34","guid":{"rendered":"http:\/\/agora.xtec.cat\/instarragona\/?p=946"},"modified":"2019-12-10T12:53:32","modified_gmt":"2019-12-10T11:53:32","slug":"intercanvi-a-franca","status":"publish","type":"post","link":"https:\/\/agora.xtec.cat\/instarragona\/eso\/eso-3\/intercanvi-a-franca\/","title":{"rendered":"Intercanvi a Fran\u00e7a"},"content":{"rendered":"<p>Els alumnes de 3r d&#8217;ESO ja han tornat de l&#8217;intercanvi a Fran\u00e7a.<\/p>\n<p>Tots ells han conviscut en les fam\u00edlies d&#8217;acollida i han pogut practicar la llengua durant els diferents dies de l&#8217;estada. A m\u00e9s a m\u00e9s, ha estat una bona oportunitat per gaudir de Par\u00eds i de molt\u00edssims altres racons del pa\u00eds.<\/p>\n<p>Els curs vinent ho repetirem!<\/p>\n<p>Tota la informaci\u00f3 al petit <a href=\"https:\/\/drive.google.com\/open?id=1dmPKsxpzoW50fmaKtel4tfH0xC3qxoMN\">dossier<\/a> de l&#8217;intercanvi.<\/p>\n<p><a href=\"https:\/\/drive.google.com\/open?id=1dmPKsxpzoW50fmaKtel4tfH0xC3qxoMN\"><img loading=\"lazy\" decoding=\"async\" class=\"aligncenter wp-image-955\" src=\"https:\/\/agora.xtec.cat\/instarragona\/wp-content\/uploads\/usu484\/2019\/03\/Intercanvi-fran\u00e7a.jpg\" alt=\"\" width=\"625\" height=\"73\" srcset=\"https:\/\/agora.xtec.cat\/instarragona\/wp-content\/uploads\/usu484\/2019\/03\/Intercanvi-fran\u00e7a.jpg 736w, https:\/\/agora.xtec.cat\/instarragona\/wp-content\/uploads\/usu484\/2019\/03\/Intercanvi-fran\u00e7a-300x35.jpg 300w\" sizes=\"auto, (max-width: 625px) 100vw, 625px\" \/><\/a><\/p>\n<p>&nbsp;<\/p>\n<p>&nbsp;<\/p>\n","protected":false},"excerpt":{"rendered":"<p>Els alumnes de 3r d&#8217;ESO ja han tornat de l&#8217;intercanvi a Fran\u00e7a.<br \/>\nTots ells han conviscut en les fam\u00edlies d&#8217;acollida i han pogut practicar la llengua durant els diferents dies de l&#8217;estada. A m\u00e9s a m\u00e9s, ha estat una bona oportunitat per gaudir de Par\u00eds i&hellip;  <a href=\"https:\/\/agora.xtec.cat\/instarragona\/eso\/eso-3\/intercanvi-a-franca\/\" title=\"Read Intercanvi a Fran\u00e7a\">Llegeix m\u00e9s\u00bb<\/a><\/p>\n","protected":false},"author":1,"featured_media":956,"comment_status":"open","ping_status":"closed","sticky":false,"template":"","format":"standard","meta":{"_bbp_topic_count":0,"_bbp_reply_count":0,"_bbp_total_topic_count":0,"_bbp_total_reply_count":0,"_bbp_voice_count":0,"_bbp_anonymous_reply_count":0,"_bbp_topic_count_hidden":0,"_bbp_reply_count_hidden":0,"_bbp_forum_subforum_count":0,"footnotes":""},"categories":[6,29],"tags":[105,99],"class_list":["post-946","post","type-post","status-publish","format-standard","has-post-thumbnail","hentry","category-eso-3","category-portada","tag-intercanvis","tag-projectes"],"post_mailing_queue_ids":[],"_links":{"self":[{"href":"https:\/\/agora.xtec.cat\/instarragona\/wp-json\/wp\/v2\/posts\/946","targetHints":{"allow":["GET"]}}],"collection":[{"href":"https:\/\/agora.xtec.cat\/instarragona\/wp-json\/wp\/v2\/posts"}],"about":[{"href":"https:\/\/agora.xtec.cat\/instarragona\/wp-json\/wp\/v2\/types\/post"}],"author":[{"embeddable":true,"href":"https:\/\/agora.xtec.cat\/instarragona\/wp-json\/wp\/v2\/users\/1"}],"replies":[{"embeddable":true,"href":"https:\/\/agora.xtec.cat\/instarragona\/wp-json\/wp\/v2\/comments?post=946"}],"version-history":[{"count":3,"href":"https:\/\/agora.xtec.cat\/instarragona\/wp-json\/wp\/v2\/posts\/946\/revisions"}],"predecessor-version":[{"id":958,"href":"https:\/\/agora.xtec.cat\/instarragona\/wp-json\/wp\/v2\/posts\/946\/revisions\/958"}],"wp:featuredmedia":[{"embeddable":true,"href":"https:\/\/agora.xtec.cat\/instarragona\/wp-json\/wp\/v2\/media\/956"}],"wp:attachment":[{"href":"https:\/\/agora.xtec.cat\/instarragona\/wp-json\/wp\/v2\/media?parent=946"}],"wp:term":[{"taxonomy":"category","embeddable":true,"href":"https:\/\/agora.xtec.cat\/instarragona\/wp-json\/wp\/v2\/categories?post=946"},{"taxonomy":"post_tag","embeddable":true,"href":"https:\/\/agora.xtec.cat\/instarragona\/wp-json\/wp\/v2\/tags?post=946"}],"curies":[{"name":"wp","href":"https:\/\/api.w.org\/{rel}","templated":true}]}}