{"id":932,"date":"2019-03-08T08:30:59","date_gmt":"2019-03-08T07:30:59","guid":{"rendered":"http:\/\/agora.xtec.cat\/instarragona\/?p=932"},"modified":"2019-12-10T12:53:42","modified_gmt":"2019-12-10T11:53:42","slug":"a-loptativa-biblioteca","status":"publish","type":"post","link":"https:\/\/agora.xtec.cat\/instarragona\/eso\/eso-1\/a-loptativa-biblioteca\/","title":{"rendered":"A l&#8217;optativa Biblioteca&#8230;"},"content":{"rendered":"<p>Els alumnes de l&#8217;Optativa Biblioteca de 1r ESO fan entrevistes a professors de l&#8217;Institut perqu\u00e8 volen con\u00e8ixer quins s\u00f3n els seus llibres preferits. El dia 6 de mar\u00e7 van entrevistar la professora d&#8217;Educaci\u00f3 F\u00edsica, Vicky Garcia, que els va mostrar i explicar les seves primeres lectures.\u00a0Una gran lectora!<\/p>\n<div><a href=\"https:\/\/agora.xtec.cat\/instarragona\/wp-content\/uploads\/usu484\/2019\/03\/recortes.jpg\"><img loading=\"lazy\" decoding=\"async\" class=\"aligncenter size-full wp-image-931\" src=\"https:\/\/agora.xtec.cat\/instarragona\/wp-content\/uploads\/usu484\/2019\/03\/recortes.jpg\" alt=\"\" width=\"1085\" height=\"813\" srcset=\"https:\/\/agora.xtec.cat\/instarragona\/wp-content\/uploads\/usu484\/2019\/03\/recortes.jpg 1085w, https:\/\/agora.xtec.cat\/instarragona\/wp-content\/uploads\/usu484\/2019\/03\/recortes-300x225.jpg 300w, https:\/\/agora.xtec.cat\/instarragona\/wp-content\/uploads\/usu484\/2019\/03\/recortes-768x575.jpg 768w, https:\/\/agora.xtec.cat\/instarragona\/wp-content\/uploads\/usu484\/2019\/03\/recortes-1024x767.jpg 1024w, https:\/\/agora.xtec.cat\/instarragona\/wp-content\/uploads\/usu484\/2019\/03\/recortes-200x150.jpg 200w\" sizes=\"auto, (max-width: 1085px) 100vw, 1085px\" \/><\/a><\/div>\n","protected":false},"excerpt":{"rendered":"<p>Els alumnes de l&#8217;Optativa Biblioteca de 1r ESO fan entrevistes a professors de l&#8217;Institut perqu\u00e8 volen con\u00e8ixer quins s\u00f3n els seus llibres preferits. El dia 6 de mar\u00e7 van entrevistar la professora d&#8217;Educaci\u00f3 F\u00edsica, Vicky Garcia, que els va mostrar i explicar les seves primeres&hellip;  <a href=\"https:\/\/agora.xtec.cat\/instarragona\/eso\/eso-1\/a-loptativa-biblioteca\/\" title=\"Read A l&#8217;optativa Biblioteca&#8230;\">Llegeix m\u00e9s\u00bb<\/a><\/p>\n","protected":false},"author":1,"featured_media":0,"comment_status":"open","ping_status":"closed","sticky":false,"template":"","format":"standard","meta":{"_bbp_topic_count":0,"_bbp_reply_count":0,"_bbp_total_topic_count":0,"_bbp_total_reply_count":0,"_bbp_voice_count":0,"_bbp_anonymous_reply_count":0,"_bbp_topic_count_hidden":0,"_bbp_reply_count_hidden":0,"_bbp_forum_subforum_count":0,"footnotes":""},"categories":[4,29],"tags":[107],"class_list":["post-932","post","type-post","status-publish","format-standard","hentry","category-eso-1","category-portada","tag-biblioteca"],"post_mailing_queue_ids":[],"_links":{"self":[{"href":"https:\/\/agora.xtec.cat\/instarragona\/wp-json\/wp\/v2\/posts\/932","targetHints":{"allow":["GET"]}}],"collection":[{"href":"https:\/\/agora.xtec.cat\/instarragona\/wp-json\/wp\/v2\/posts"}],"about":[{"href":"https:\/\/agora.xtec.cat\/instarragona\/wp-json\/wp\/v2\/types\/post"}],"author":[{"embeddable":true,"href":"https:\/\/agora.xtec.cat\/instarragona\/wp-json\/wp\/v2\/users\/1"}],"replies":[{"embeddable":true,"href":"https:\/\/agora.xtec.cat\/instarragona\/wp-json\/wp\/v2\/comments?post=932"}],"version-history":[{"count":2,"href":"https:\/\/agora.xtec.cat\/instarragona\/wp-json\/wp\/v2\/posts\/932\/revisions"}],"predecessor-version":[{"id":934,"href":"https:\/\/agora.xtec.cat\/instarragona\/wp-json\/wp\/v2\/posts\/932\/revisions\/934"}],"wp:attachment":[{"href":"https:\/\/agora.xtec.cat\/instarragona\/wp-json\/wp\/v2\/media?parent=932"}],"wp:term":[{"taxonomy":"category","embeddable":true,"href":"https:\/\/agora.xtec.cat\/instarragona\/wp-json\/wp\/v2\/categories?post=932"},{"taxonomy":"post_tag","embeddable":true,"href":"https:\/\/agora.xtec.cat\/instarragona\/wp-json\/wp\/v2\/tags?post=932"}],"curies":[{"name":"wp","href":"https:\/\/api.w.org\/{rel}","templated":true}]}}