{"id":875,"date":"2019-02-21T10:22:18","date_gmt":"2019-02-21T09:22:18","guid":{"rendered":"http:\/\/agora.xtec.cat\/instarragona\/?p=875"},"modified":"2019-12-10T12:54:33","modified_gmt":"2019-12-10T11:54:33","slug":"mes-nets-mes-sans-un-projecte-contra-les-malalties-infeccioses","status":"publish","type":"post","link":"https:\/\/agora.xtec.cat\/instarragona\/portada\/mes-nets-mes-sans-un-projecte-contra-les-malalties-infeccioses\/","title":{"rendered":"M\u00e9s nets, m\u00e9s sans! Un projecte contra les malalties infeccioses."},"content":{"rendered":"<p>Al llarg del curs els alumnes de 4t han estat treballat en el projecte &#8220;M\u00e9s nets, m\u00e9s sans&#8221;.<br \/>\nAquest projecte, impulsat des de les mat\u00e8ries de biologia i inform\u00e0tica ha perm\u00e8s treballar el concepte de malalties infecciones, actualment un problema molt important en la nostra societat.<br \/>\nS&#8217;han analitzat els microorganismes responsables d&#8217;aquests tipus de malalties, les vies de transmissi\u00f3, aix\u00ed com la problem\u00e0tica actual amb els antibi\u00f2tics.\u00a0Els alumnes han analitzat com ens afecta a nivell de centre, en l&#8217;\u00fas de les instal\u00b7lacions, qu\u00e8 fem quan estem costipats, qu\u00e8 compartim, la import\u00e0ncia de la nostra higiene personal&#8230;<br \/>\nHem elaborat webs, p\u00f2sters pel centre, formularis de recollida de dades&#8230; Aqu\u00ed mateix hi podeu trobar alguns dels recursos editats i que han estat utilitzats per explicar-ho a la resta de companys de l&#8217;institut.<\/p>\n<p>Una de les <a href=\"https:\/\/janatovar.wixsite.com\/mesnetsmessans\">webs<\/a> elaborades, com exemple:<a href=\"https:\/\/janatovar.wixsite.com\/mesnetsmessans\"><img loading=\"lazy\" decoding=\"async\" class=\"alignleft wp-image-894\" src=\"https:\/\/agora.xtec.cat\/instarragona\/wp-content\/uploads\/usu484\/2019\/02\/Captura1-150x150.jpg\" alt=\"\" width=\"195\" height=\"195\" \/><\/a><\/p>\n<table style=\"border-collapse: collapse; width: 100%;\" border=\"1\">\n<tbody>\n<tr>\n<td style=\"width: 33.3333%; text-align: center;\"><a href=\"https:\/\/docs.google.com\/presentation\/d\/1i8Flgji-YBt4Z8A0NjOxxei2EbL8oW1GxxmD1o28v4E\/edit?usp=sharing\"><img loading=\"lazy\" decoding=\"async\" class=\"aligncenter wp-image-878 size-full\" src=\"https:\/\/agora.xtec.cat\/instarragona\/wp-content\/uploads\/usu484\/2019\/02\/Gerard.png\" alt=\"\" width=\"832\" height=\"461\" srcset=\"https:\/\/agora.xtec.cat\/instarragona\/wp-content\/uploads\/usu484\/2019\/02\/Gerard.png 832w, https:\/\/agora.xtec.cat\/instarragona\/wp-content\/uploads\/usu484\/2019\/02\/Gerard-300x166.png 300w, https:\/\/agora.xtec.cat\/instarragona\/wp-content\/uploads\/usu484\/2019\/02\/Gerard-768x426.png 768w\" sizes=\"auto, (max-width: 832px) 100vw, 832px\" \/><\/a><\/td>\n<td style=\"width: 33.3333%; text-align: center;\"><a href=\"https:\/\/docs.google.com\/presentation\/d\/1a7KbP0iw7U0qez13kydBmGz4dCgHzyiakoTFDfSprDY\/edit?usp=sharing\"><img loading=\"lazy\" decoding=\"async\" class=\"aligncenter wp-image-879 size-full\" src=\"https:\/\/agora.xtec.cat\/instarragona\/wp-content\/uploads\/usu484\/2019\/02\/JANA-POWER.png\" alt=\"\" width=\"754\" height=\"434\" srcset=\"https:\/\/agora.xtec.cat\/instarragona\/wp-content\/uploads\/usu484\/2019\/02\/JANA-POWER.png 754w, https:\/\/agora.xtec.cat\/instarragona\/wp-content\/uploads\/usu484\/2019\/02\/JANA-POWER-300x173.png 300w\" sizes=\"auto, (max-width: 754px) 100vw, 754px\" \/><\/a><\/td>\n<td style=\"width: 33.3333%; text-align: center;\"><a href=\"https:\/\/docs.google.com\/presentation\/d\/112JSj95ljJv2tNmq3xp_n3_QEllpGNuItLlOL1_oyZM\/edit?usp=sharing\"><img loading=\"lazy\" decoding=\"async\" class=\"aligncenter wp-image-880 size-full\" src=\"https:\/\/agora.xtec.cat\/instarragona\/wp-content\/uploads\/usu484\/2019\/02\/Pau.png\" alt=\"\" width=\"833\" height=\"465\" srcset=\"https:\/\/agora.xtec.cat\/instarragona\/wp-content\/uploads\/usu484\/2019\/02\/Pau.png 833w, https:\/\/agora.xtec.cat\/instarragona\/wp-content\/uploads\/usu484\/2019\/02\/Pau-300x167.png 300w, https:\/\/agora.xtec.cat\/instarragona\/wp-content\/uploads\/usu484\/2019\/02\/Pau-768x429.png 768w\" sizes=\"auto, (max-width: 833px) 100vw, 833px\" \/><\/a><\/td>\n<\/tr>\n<\/tbody>\n<\/table>\n<table style=\"border-collapse: collapse; width: 100%;\" border=\"1\">\n<tbody>\n<tr>\n<td style=\"width: 50%;\"><a href=\"https:\/\/agora.xtec.cat\/instarragona\/wp-content\/uploads\/usu484\/2019\/02\/Captura.png\"><img loading=\"lazy\" decoding=\"async\" class=\"aligncenter size-full wp-image-882\" src=\"https:\/\/agora.xtec.cat\/instarragona\/wp-content\/uploads\/usu484\/2019\/02\/Captura.png\" alt=\"\" width=\"462\" height=\"608\" srcset=\"https:\/\/agora.xtec.cat\/instarragona\/wp-content\/uploads\/usu484\/2019\/02\/Captura.png 462w, https:\/\/agora.xtec.cat\/instarragona\/wp-content\/uploads\/usu484\/2019\/02\/Captura-228x300.png 228w\" sizes=\"auto, (max-width: 462px) 100vw, 462px\" \/><\/a><\/td>\n<td style=\"width: 50%;\">\u00a0<a href=\"https:\/\/agora.xtec.cat\/instarragona\/wp-content\/uploads\/usu484\/2019\/02\/Captura1.png\"><img loading=\"lazy\" decoding=\"async\" class=\"aligncenter wp-image-883\" src=\"https:\/\/agora.xtec.cat\/instarragona\/wp-content\/uploads\/usu484\/2019\/02\/Captura1.png\" alt=\"\" width=\"218\" height=\"214\" srcset=\"https:\/\/agora.xtec.cat\/instarragona\/wp-content\/uploads\/usu484\/2019\/02\/Captura1.png 456w, https:\/\/agora.xtec.cat\/instarragona\/wp-content\/uploads\/usu484\/2019\/02\/Captura1-300x295.png 300w\" sizes=\"auto, (max-width: 218px) 100vw, 218px\" \/><\/a><\/p>\n<p><a href=\"https:\/\/agora.xtec.cat\/instarragona\/wp-content\/uploads\/usu484\/2019\/02\/Captura2.png\"><img loading=\"lazy\" decoding=\"async\" class=\"aligncenter wp-image-884\" src=\"https:\/\/agora.xtec.cat\/instarragona\/wp-content\/uploads\/usu484\/2019\/02\/Captura2.png\" alt=\"\" width=\"235\" height=\"174\" srcset=\"https:\/\/agora.xtec.cat\/instarragona\/wp-content\/uploads\/usu484\/2019\/02\/Captura2.png 813w, https:\/\/agora.xtec.cat\/instarragona\/wp-content\/uploads\/usu484\/2019\/02\/Captura2-300x222.png 300w, https:\/\/agora.xtec.cat\/instarragona\/wp-content\/uploads\/usu484\/2019\/02\/Captura2-768x568.png 768w\" sizes=\"auto, (max-width: 235px) 100vw, 235px\" \/><\/a><\/p>\n<p><a href=\"https:\/\/agora.xtec.cat\/instarragona\/wp-content\/uploads\/usu484\/2019\/02\/Captura3.png\"><img loading=\"lazy\" decoding=\"async\" class=\"aligncenter wp-image-885\" src=\"https:\/\/agora.xtec.cat\/instarragona\/wp-content\/uploads\/usu484\/2019\/02\/Captura3.png\" alt=\"\" width=\"234\" height=\"163\" srcset=\"https:\/\/agora.xtec.cat\/instarragona\/wp-content\/uploads\/usu484\/2019\/02\/Captura3.png 811w, https:\/\/agora.xtec.cat\/instarragona\/wp-content\/uploads\/usu484\/2019\/02\/Captura3-300x209.png 300w, https:\/\/agora.xtec.cat\/instarragona\/wp-content\/uploads\/usu484\/2019\/02\/Captura3-768x534.png 768w\" sizes=\"auto, (max-width: 234px) 100vw, 234px\" \/><\/a><\/td>\n<\/tr>\n<\/tbody>\n<\/table>\n<p>Pots col.laborar en la recollida de dades?<\/p>\n<p><iframe loading=\"lazy\" src=\"https:\/\/docs.google.com\/forms\/d\/e\/1FAIpQLSdthxleQDCYKoV8_qjtzxDJYaw3YsoA8FM1qO2wy6XCgNvf6Q\/viewform?embedded=true\" width=\"340\" height=\"400\" frameborder=\"0\" marginwidth=\"0\" marginheight=\"0\"><span data-mce-type=\"bookmark\" style=\"display: inline-block; width: 0px; overflow: hidden; line-height: 0;\" class=\"mce_SELRES_start\">\ufeff<\/span>S&#8217;est\u00e0 carregant&#8230;<\/iframe><br \/>\nSi ho desitges tamb\u00e9 pots entrar al joc fet per en V\u00edctor \u00c1lvaro. Podr\u00e0s guanyar la lluita contra els microorganismes? Intenta-ho!<\/p>\n<p><a href=\"https:\/\/scratch.mit.edu\/projects\/282780438\/\"><img loading=\"lazy\" decoding=\"async\" class=\"aligncenter wp-image-877\" src=\"https:\/\/agora.xtec.cat\/instarragona\/wp-content\/uploads\/usu484\/2019\/02\/Joc-Scratch.png\" alt=\"\" width=\"355\" height=\"266\" srcset=\"https:\/\/agora.xtec.cat\/instarragona\/wp-content\/uploads\/usu484\/2019\/02\/Joc-Scratch.png 482w, https:\/\/agora.xtec.cat\/instarragona\/wp-content\/uploads\/usu484\/2019\/02\/Joc-Scratch-300x225.png 300w, https:\/\/agora.xtec.cat\/instarragona\/wp-content\/uploads\/usu484\/2019\/02\/Joc-Scratch-200x150.png 200w\" sizes=\"auto, (max-width: 355px) 100vw, 355px\" \/><\/a><\/p>\n<p>&nbsp;<\/p>\n<div class=\"yj6qo\"><\/div>\n","protected":false},"excerpt":{"rendered":"<p>Al llarg del curs els alumnes de 4t han estat treballat en el projecte &#8220;M\u00e9s nets, m\u00e9s sans&#8221;.<br \/>\nAquest projecte, impulsat des de les mat\u00e8ries de biologia i inform\u00e0tica ha perm\u00e8s treballar el concepte de malalties infecciones, actualment un problema molt important en la nostra societat.<br \/>\nS&#8217;han&hellip;  <a href=\"https:\/\/agora.xtec.cat\/instarragona\/portada\/mes-nets-mes-sans-un-projecte-contra-les-malalties-infeccioses\/\" title=\"Read M\u00e9s nets, m\u00e9s sans! Un projecte contra les malalties infeccioses.\">Llegeix m\u00e9s\u00bb<\/a><\/p>\n","protected":false},"author":1,"featured_media":882,"comment_status":"open","ping_status":"closed","sticky":false,"template":"","format":"standard","meta":{"_bbp_topic_count":0,"_bbp_reply_count":0,"_bbp_total_topic_count":0,"_bbp_total_reply_count":0,"_bbp_voice_count":0,"_bbp_anonymous_reply_count":0,"_bbp_topic_count_hidden":0,"_bbp_reply_count_hidden":0,"_bbp_forum_subforum_count":0,"footnotes":""},"categories":[29],"tags":[116,99,110],"class_list":["post-875","post","type-post","status-publish","format-standard","has-post-thumbnail","hentry","category-portada","tag-ciencies","tag-projectes","tag-tecnologia"],"post_mailing_queue_ids":[],"_links":{"self":[{"href":"https:\/\/agora.xtec.cat\/instarragona\/wp-json\/wp\/v2\/posts\/875","targetHints":{"allow":["GET"]}}],"collection":[{"href":"https:\/\/agora.xtec.cat\/instarragona\/wp-json\/wp\/v2\/posts"}],"about":[{"href":"https:\/\/agora.xtec.cat\/instarragona\/wp-json\/wp\/v2\/types\/post"}],"author":[{"embeddable":true,"href":"https:\/\/agora.xtec.cat\/instarragona\/wp-json\/wp\/v2\/users\/1"}],"replies":[{"embeddable":true,"href":"https:\/\/agora.xtec.cat\/instarragona\/wp-json\/wp\/v2\/comments?post=875"}],"version-history":[{"count":3,"href":"https:\/\/agora.xtec.cat\/instarragona\/wp-json\/wp\/v2\/posts\/875\/revisions"}],"predecessor-version":[{"id":895,"href":"https:\/\/agora.xtec.cat\/instarragona\/wp-json\/wp\/v2\/posts\/875\/revisions\/895"}],"wp:featuredmedia":[{"embeddable":true,"href":"https:\/\/agora.xtec.cat\/instarragona\/wp-json\/wp\/v2\/media\/882"}],"wp:attachment":[{"href":"https:\/\/agora.xtec.cat\/instarragona\/wp-json\/wp\/v2\/media?parent=875"}],"wp:term":[{"taxonomy":"category","embeddable":true,"href":"https:\/\/agora.xtec.cat\/instarragona\/wp-json\/wp\/v2\/categories?post=875"},{"taxonomy":"post_tag","embeddable":true,"href":"https:\/\/agora.xtec.cat\/instarragona\/wp-json\/wp\/v2\/tags?post=875"}],"curies":[{"name":"wp","href":"https:\/\/api.w.org\/{rel}","templated":true}]}}