{"id":869,"date":"2019-02-21T09:04:57","date_gmt":"2019-02-21T08:04:57","guid":{"rendered":"http:\/\/agora.xtec.cat\/instarragona\/?p=869"},"modified":"2019-02-21T09:10:38","modified_gmt":"2019-02-21T08:10:38","slug":"entrenant-per-les-cangur","status":"publish","type":"post","link":"https:\/\/agora.xtec.cat\/instarragona\/eso\/eso-1\/entrenant-per-les-cangur\/","title":{"rendered":"Entrenant per les Cangur!"},"content":{"rendered":"<p>El dilluns 18 a les 4 de la tarda (fora d&#8217;horari escolar i amb molt de m\u00e8rit), 25 alumnes de 1r i 2n d&#8217;ESO, s&#8217;han aplegat per resoldre problemes matem\u00e0tics i preparar-se pel dia de la\u00a0competici\u00f3.<\/p>\n<p><img loading=\"lazy\" decoding=\"async\" class=\"wp-image-871 alignleft\" src=\"https:\/\/agora.xtec.cat\/instarragona\/wp-content\/uploads\/usu484\/2019\/02\/cangur.jpeg\" alt=\"\" width=\"195\" height=\"140\" srcset=\"https:\/\/agora.xtec.cat\/instarragona\/wp-content\/uploads\/usu484\/2019\/02\/cangur.jpeg 321w, https:\/\/agora.xtec.cat\/instarragona\/wp-content\/uploads\/usu484\/2019\/02\/cangur-300x216.jpeg 300w\" sizes=\"auto, (max-width: 195px) 100vw, 195px\" \/><\/p>\n<p>Els professors del Departament de Matem\u00e0tiques estem encara al\u00b7lucinant! Esperem que el dimecres ens surti tot b\u00e9. El que \u00e9s segur, \u00e9s que en motivaci\u00f3 ning\u00fa els guanyar\u00e0 a aquests nois i noies. S\u00f3n uns aut\u00e8ntics cracks!<\/p>\n<p>&nbsp;<\/p>\n<p><script src=\"https:\/\/cdn.jsdelivr.net\/npm\/publicalbum@latest\/dist\/pa-embed-player.min.js\" async><\/script><\/p>\n<div class=\"pa-embed-player\" style=\"width: 100%; height: 480px; display: none;\" data-link=\"https:\/\/photos.app.goo.gl\/CagXPMvWRiWmd9TC6\" data-title=\"18-19 Entrenant per la Cangur\" data-description=\"3 new photos \u00b7 Album by Institut Tarragona\"><img alt=\"\" data-src=\"https:\/\/lh3.googleusercontent.com\/DpFB-r_c4DmrsgP2RqyEGogBQa74F7HobApocZ4ZShr4YjDf8DbdcvwUirx0JrqnBQHXL6ncyxUrCVnt33-x9ZNkHaXbBZDbWUhJ3cggqJSGCWLCUyAp8r4YUd6-bxqyNT_48g_iWw=w1920-h1080\" \/><br \/>\n<img alt=\"\" data-src=\"https:\/\/lh3.googleusercontent.com\/-rJibYK6NNg_wtZAPTsnEDM1PwG0HLZTL_s9pH1lDV3U2eIVLuxl3K4SDw0gn8wNuf-4415ykjbTsbWTSreGlu8F0W9rzTKndeNwP00k_n-516YX2yMFT0KdTzBaihfsRw46UXSE1w=w1920-h1080\" \/><br \/>\n<img alt=\"\" data-src=\"https:\/\/lh3.googleusercontent.com\/_YSqgrWzEWOB7yNlPlCuoI7Jl1mrl9H6rPR_S5scSZz4_joKEU_S9b3Jps1XoGiEgMVspAYVEpeM09Q9NqqClsql3859xsawBpkPd38RVEoYPS0TfETkKD4hoYj7h0xoxfWUBcqCHw=w1920-h1080\" \/><\/div>\n<p>&nbsp;<\/p>\n","protected":false},"excerpt":{"rendered":"<p>El dilluns 18 a les 4 de la tarda (fora d&#8217;horari escolar i amb molt de m\u00e8rit), 25 alumnes de 1r i 2n d&#8217;ESO, s&#8217;han aplegat per resoldre problemes matem\u00e0tics i preparar-se pel dia de la\u00a0competici\u00f3.<\/p>\n<p>Els professors del Departament de Matem\u00e0tiques estem encara al\u00b7lucinant! Esperem&hellip;  <a href=\"https:\/\/agora.xtec.cat\/instarragona\/eso\/eso-1\/entrenant-per-les-cangur\/\" title=\"Read Entrenant per les Cangur!\">Llegeix m\u00e9s\u00bb<\/a><\/p>\n","protected":false},"author":1,"featured_media":871,"comment_status":"open","ping_status":"closed","sticky":false,"template":"","format":"standard","meta":{"_bbp_topic_count":0,"_bbp_reply_count":0,"_bbp_total_topic_count":0,"_bbp_total_reply_count":0,"_bbp_voice_count":0,"_bbp_anonymous_reply_count":0,"_bbp_topic_count_hidden":0,"_bbp_reply_count_hidden":0,"_bbp_forum_subforum_count":0,"footnotes":""},"categories":[4,5,29],"tags":[104],"class_list":["post-869","post","type-post","status-publish","format-standard","has-post-thumbnail","hentry","category-eso-1","category-eso-2","category-portada","tag-concursos"],"post_mailing_queue_ids":[],"_links":{"self":[{"href":"https:\/\/agora.xtec.cat\/instarragona\/wp-json\/wp\/v2\/posts\/869","targetHints":{"allow":["GET"]}}],"collection":[{"href":"https:\/\/agora.xtec.cat\/instarragona\/wp-json\/wp\/v2\/posts"}],"about":[{"href":"https:\/\/agora.xtec.cat\/instarragona\/wp-json\/wp\/v2\/types\/post"}],"author":[{"embeddable":true,"href":"https:\/\/agora.xtec.cat\/instarragona\/wp-json\/wp\/v2\/users\/1"}],"replies":[{"embeddable":true,"href":"https:\/\/agora.xtec.cat\/instarragona\/wp-json\/wp\/v2\/comments?post=869"}],"version-history":[{"count":3,"href":"https:\/\/agora.xtec.cat\/instarragona\/wp-json\/wp\/v2\/posts\/869\/revisions"}],"predecessor-version":[{"id":874,"href":"https:\/\/agora.xtec.cat\/instarragona\/wp-json\/wp\/v2\/posts\/869\/revisions\/874"}],"wp:featuredmedia":[{"embeddable":true,"href":"https:\/\/agora.xtec.cat\/instarragona\/wp-json\/wp\/v2\/media\/871"}],"wp:attachment":[{"href":"https:\/\/agora.xtec.cat\/instarragona\/wp-json\/wp\/v2\/media?parent=869"}],"wp:term":[{"taxonomy":"category","embeddable":true,"href":"https:\/\/agora.xtec.cat\/instarragona\/wp-json\/wp\/v2\/categories?post=869"},{"taxonomy":"post_tag","embeddable":true,"href":"https:\/\/agora.xtec.cat\/instarragona\/wp-json\/wp\/v2\/tags?post=869"}],"curies":[{"name":"wp","href":"https:\/\/api.w.org\/{rel}","templated":true}]}}