{"id":800,"date":"2019-01-22T12:10:14","date_gmt":"2019-01-22T11:10:14","guid":{"rendered":"http:\/\/agora.xtec.cat\/instarragona\/?p=800"},"modified":"2019-12-10T12:55:38","modified_gmt":"2019-12-10T11:55:38","slug":"xerrada-dorientacio-a-la-laboral","status":"publish","type":"post","link":"https:\/\/agora.xtec.cat\/instarragona\/eso\/eso-4\/xerrada-dorientacio-a-la-laboral\/","title":{"rendered":"Xerrada d&#8217;orientaci\u00f3 a la Laboral"},"content":{"rendered":"<p>Fa una dies, els alumnes de 4t d&#8217;ESO van anar a la laboral a fer una petita aproximaci\u00f3 a les diferents fam\u00edlies professionals pr\u00f2pies dels cicles formatius i que s&#8217;imparteixen a l&#8217;institut Pere Martell i Cal\u00edpol\u00b7lis.<br \/>\nLa visita va estar presidida per la Laura Tom\u00e0s, una professional molt experimentada en aquest \u00e0mbit, que els hi va fer una xerrada explicativa de totes les opcions formatives que existeixen un cop acabada l&#8217;ESO i per aquells alumnes que desideixen emprendre un cam\u00ed acad\u00e8mic diferent al batxillerat.<\/p>\n<p>Van poder gaudir de les instal.lacions, tallers, aules&#8230; Tot plegat molt interessant! Els alumnes van quedar encantats.<br \/>\n<script src=\"https:\/\/cdn.jsdelivr.net\/npm\/publicalbum@latest\/dist\/pa-embed-player.min.js\" async><\/script><\/p>\n<div class=\"pa-embed-player\" style=\"width: 100%; height: 480px; display: none;\" data-link=\"https:\/\/photos.app.goo.gl\/8QS8ckQ3AuNA1ahx8\" data-title=\"18-19 VISITA LABORAL\" data-description=\"4 new photos \u00b7 Album by Institut Tarragona\"><img alt=\"\" data-src=\"https:\/\/lh3.googleusercontent.com\/9ynqO57xBFqhp7J_-FpWXLNLFK9_JXEe6fU6Rygf0uyEtljGWpkcfIPFmaRuoCujuQ6lTaEVim96-u-nDN1B-eo8lJWTeGDrWOZQkOrfHss2FnGhlvqqEbnH6AwPnEsfBmA95DTFRQ=w1920-h1080\" \/><br \/>\n<img alt=\"\" data-src=\"https:\/\/lh3.googleusercontent.com\/9tb7GyEipRwd0B6DL_HbS4WJ2nv7iEE8I2alSN_8YqQ1e2nTrj_RgtOZM2vR2bEl6cU3UNxCkqKZNs63_8dth7Zp5XCUGkX5L7y-ufUPbHbEINbC9f5CV28evnyxBMJ0uDfvwKvafw=w1920-h1080\" \/><br \/>\n<img alt=\"\" data-src=\"https:\/\/lh3.googleusercontent.com\/KHDw-rSyBexLVZ2a1DIeS8Hc9Z-knQAP05jh4-CfShAbqFZymoDUZzWZaCwvg36r17-FyZ3FMKbvdZwAYE3MGvuVJSf7rDnMIR3VomDKiNN0JHgpYOv1UufuWS0GnM3mxFpHN2_V0A=w1920-h1080\" \/><br \/>\n<img alt=\"\" data-src=\"https:\/\/lh3.googleusercontent.com\/JLvYoz9JJxbgBK-J1Ztq313P0X6kXC9JxNmDcaKxj11UMxRCh1WRcDn1SAhGRlgyrtuYEPeIAvQXfWaiTl4wVGgth9SddG1ZriqfIs7lrY0DqkuL0Fc-mUW_wkhR3kv2EJfj6nOU0w=w1920-h1080\" \/><\/div>\n<p>&nbsp;<\/p>\n","protected":false},"excerpt":{"rendered":"<p>Fa una dies, els alumnes de 4t d&#8217;ESO van anar a la laboral a fer una petita aproximaci\u00f3 a les diferents fam\u00edlies professionals pr\u00f2pies dels cicles formatius i que s&#8217;imparteixen a l&#8217;institut Pere Martell i Cal\u00edpol\u00b7lis.<br \/>\nLa visita va estar presidida per la Laura Tom\u00e0s, una&hellip;  <a href=\"https:\/\/agora.xtec.cat\/instarragona\/eso\/eso-4\/xerrada-dorientacio-a-la-laboral\/\" title=\"Read Xerrada d&#8217;orientaci\u00f3 a la Laboral\">Llegeix m\u00e9s\u00bb<\/a><\/p>\n","protected":false},"author":1,"featured_media":802,"comment_status":"open","ping_status":"closed","sticky":false,"template":"","format":"standard","meta":{"_bbp_topic_count":0,"_bbp_reply_count":0,"_bbp_total_topic_count":0,"_bbp_total_reply_count":0,"_bbp_voice_count":0,"_bbp_anonymous_reply_count":0,"_bbp_topic_count_hidden":0,"_bbp_reply_count_hidden":0,"_bbp_forum_subforum_count":0,"footnotes":""},"categories":[7,29],"tags":[102,44],"class_list":["post-800","post","type-post","status-publish","format-standard","has-post-thumbnail","hentry","category-eso-4","category-portada","tag-orientacio","tag-xerrades"],"post_mailing_queue_ids":[],"_links":{"self":[{"href":"https:\/\/agora.xtec.cat\/instarragona\/wp-json\/wp\/v2\/posts\/800","targetHints":{"allow":["GET"]}}],"collection":[{"href":"https:\/\/agora.xtec.cat\/instarragona\/wp-json\/wp\/v2\/posts"}],"about":[{"href":"https:\/\/agora.xtec.cat\/instarragona\/wp-json\/wp\/v2\/types\/post"}],"author":[{"embeddable":true,"href":"https:\/\/agora.xtec.cat\/instarragona\/wp-json\/wp\/v2\/users\/1"}],"replies":[{"embeddable":true,"href":"https:\/\/agora.xtec.cat\/instarragona\/wp-json\/wp\/v2\/comments?post=800"}],"version-history":[{"count":3,"href":"https:\/\/agora.xtec.cat\/instarragona\/wp-json\/wp\/v2\/posts\/800\/revisions"}],"predecessor-version":[{"id":804,"href":"https:\/\/agora.xtec.cat\/instarragona\/wp-json\/wp\/v2\/posts\/800\/revisions\/804"}],"wp:featuredmedia":[{"embeddable":true,"href":"https:\/\/agora.xtec.cat\/instarragona\/wp-json\/wp\/v2\/media\/802"}],"wp:attachment":[{"href":"https:\/\/agora.xtec.cat\/instarragona\/wp-json\/wp\/v2\/media?parent=800"}],"wp:term":[{"taxonomy":"category","embeddable":true,"href":"https:\/\/agora.xtec.cat\/instarragona\/wp-json\/wp\/v2\/categories?post=800"},{"taxonomy":"post_tag","embeddable":true,"href":"https:\/\/agora.xtec.cat\/instarragona\/wp-json\/wp\/v2\/tags?post=800"}],"curies":[{"name":"wp","href":"https:\/\/api.w.org\/{rel}","templated":true}]}}