{"id":792,"date":"2019-01-18T11:49:20","date_gmt":"2019-01-18T10:49:20","guid":{"rendered":"http:\/\/agora.xtec.cat\/instarragona\/?p=792"},"modified":"2019-01-18T11:53:42","modified_gmt":"2019-01-18T10:53:42","slug":"xerrades-efec","status":"publish","type":"post","link":"https:\/\/agora.xtec.cat\/instarragona\/eso\/eso-4\/xerrades-efec\/","title":{"rendered":"Xerrades EFEC"},"content":{"rendered":"<p>Aquesta setmana han comen\u00e7ar els tallers d&#8217;educaci\u00f3 financera als nostres alumnes de 4t d&#8217;ESO.<\/p>\n<p>Aquest programa d&#8217;alfabetitzaci\u00f3 i educaci\u00f3 financera s&#8217;emmarca en les recomanacions d&#8217;organismes internacionals tant rellevants com l&#8217;Organitzaci\u00f3 per a la Cooperaci\u00f3 i el Desenvolupament Econ\u00f2mic (OCDE) i la Uni\u00f3 Europea (UE), i est\u00e0 supervisat pel Departament d\u2019Educaci\u00f3. Ambdues organitzacions han fet \u00e8mfasi en la necessitat de dotar a la ciutadania de compet\u00e8ncies per tal de gestionar els seus ingressos i despeses, que ajudin a evitar episodis de sobreendeutament i d&#8217;exclusi\u00f3 financera.<\/p>\n<p>Els tallers s\u00f3n impartits b\u00e0sicament per treballadors voluntaris vinculats a entitats financeres (professionals en exercici o jubilats).<\/p>\n<p>Prepareu la guardiola!<\/p>\n<p>&nbsp;<\/p>\n","protected":false},"excerpt":{"rendered":"<p>Aquesta setmana han comen\u00e7ar els tallers d&#8217;educaci\u00f3 financera als nostres alumnes de 4t d&#8217;ESO.<br \/>\nAquest programa d&#8217;alfabetitzaci\u00f3 i educaci\u00f3 financera s&#8217;emmarca en les recomanacions d&#8217;organismes internacionals tant rellevants com l&#8217;Organitzaci\u00f3 per a la Cooperaci\u00f3 i el Desenvolupament Econ\u00f2mic (OCDE) i la Uni\u00f3 Europea (UE), i est\u00e0&hellip;  <a href=\"https:\/\/agora.xtec.cat\/instarragona\/eso\/eso-4\/xerrades-efec\/\" title=\"Read Xerrades EFEC\">Llegeix m\u00e9s\u00bb<\/a><\/p>\n","protected":false},"author":1,"featured_media":797,"comment_status":"open","ping_status":"closed","sticky":false,"template":"","format":"standard","meta":{"_bbp_topic_count":0,"_bbp_reply_count":0,"_bbp_total_topic_count":0,"_bbp_total_reply_count":0,"_bbp_voice_count":0,"_bbp_anonymous_reply_count":0,"_bbp_topic_count_hidden":0,"_bbp_reply_count_hidden":0,"_bbp_forum_subforum_count":0,"footnotes":""},"categories":[7,29],"tags":[44],"class_list":["post-792","post","type-post","status-publish","format-standard","has-post-thumbnail","hentry","category-eso-4","category-portada","tag-xerrades"],"post_mailing_queue_ids":[],"_links":{"self":[{"href":"https:\/\/agora.xtec.cat\/instarragona\/wp-json\/wp\/v2\/posts\/792","targetHints":{"allow":["GET"]}}],"collection":[{"href":"https:\/\/agora.xtec.cat\/instarragona\/wp-json\/wp\/v2\/posts"}],"about":[{"href":"https:\/\/agora.xtec.cat\/instarragona\/wp-json\/wp\/v2\/types\/post"}],"author":[{"embeddable":true,"href":"https:\/\/agora.xtec.cat\/instarragona\/wp-json\/wp\/v2\/users\/1"}],"replies":[{"embeddable":true,"href":"https:\/\/agora.xtec.cat\/instarragona\/wp-json\/wp\/v2\/comments?post=792"}],"version-history":[{"count":2,"href":"https:\/\/agora.xtec.cat\/instarragona\/wp-json\/wp\/v2\/posts\/792\/revisions"}],"predecessor-version":[{"id":798,"href":"https:\/\/agora.xtec.cat\/instarragona\/wp-json\/wp\/v2\/posts\/792\/revisions\/798"}],"wp:featuredmedia":[{"embeddable":true,"href":"https:\/\/agora.xtec.cat\/instarragona\/wp-json\/wp\/v2\/media\/797"}],"wp:attachment":[{"href":"https:\/\/agora.xtec.cat\/instarragona\/wp-json\/wp\/v2\/media?parent=792"}],"wp:term":[{"taxonomy":"category","embeddable":true,"href":"https:\/\/agora.xtec.cat\/instarragona\/wp-json\/wp\/v2\/categories?post=792"},{"taxonomy":"post_tag","embeddable":true,"href":"https:\/\/agora.xtec.cat\/instarragona\/wp-json\/wp\/v2\/tags?post=792"}],"curies":[{"name":"wp","href":"https:\/\/api.w.org\/{rel}","templated":true}]}}