{"id":781,"date":"2019-01-11T08:37:39","date_gmt":"2019-01-11T07:37:39","guid":{"rendered":"http:\/\/agora.xtec.cat\/instarragona\/?p=781"},"modified":"2019-01-18T11:07:53","modified_gmt":"2019-01-18T10:07:53","slug":"pompreu-fabra-jugada-mestra","status":"publish","type":"post","link":"https:\/\/agora.xtec.cat\/instarragona\/eso\/eso-1\/pompreu-fabra-jugada-mestra\/","title":{"rendered":"Pompreu Fabra: Jugada mestra!"},"content":{"rendered":"<p>L&#8217;alumnat de 1r cicle de l&#8217;Institut Tarragona va assistir a la representaci\u00f3 del mon\u00f2leg\u00a0<span style=\"color: #003300;\"><b><i>Pompeu Fabra: jugada mestra!<\/i><\/b><\/span>\u00a0escrit i representat per l&#8217;actor i fil\u00f2leg \u00d2scar Intente. <a href=\"http:\/\/llengua.gencat.cat\/ca\/anypompeufabra\/recursos\/pompeu-fabra-jugada-mestra\/\">L&#8217;activitat<\/a> va ser el colof\u00f3 d&#8217;un trimestre dedicat a la figura i a l&#8217;obra de mestre Fabra i tamb\u00e9 va servir per commemorar, un cop m\u00e9s,\u00a0<a href=\"http:\/\/llengua.gencat.cat\/ca\/anypompeufabra\/inici\/\" target=\"_blank\" rel=\"noopener\" data-saferedirecturl=\"https:\/\/www.google.com\/url?q=http:\/\/llengua.gencat.cat\/ca\/anypompeufabra\/inici\/&amp;source=gmail&amp;ust=1547278032836000&amp;usg=AFQjCNEIwZn6NkFt4Da9IJXU86JmIr-zOg\">l&#8217;Any Fabra<\/a>. Cal agrair especialment que la URV presti a l&#8217;Institut Tarragona els seus espais per a la realitzaci\u00f3 d&#8217;activitats com aquesta. En aquest cas, l&#8217;entorn va ser l&#8217;Aula Magna. Una excel\u00b7lent manera de recordar com vam acabar el 2018 acad\u00e8mic!<br \/>\n<script src=\"https:\/\/cdn.jsdelivr.net\/npm\/publicalbum@latest\/dist\/pa-embed-player.min.js\" async><\/script><\/p>\n<div class=\"pa-embed-player\" style=\"width: 100%; height: 480px; display: none;\" data-link=\"https:\/\/photos.app.goo.gl\/PUmDvnBkQMBRcCHz5\" data-title=\"18-19 Pompeu Fabra- 1r i 2n ESO\" data-description=\"4 new photos \u00b7 Album by Institut Tarragona\"><img alt=\"\" data-src=\"https:\/\/lh3.googleusercontent.com\/rZdPHBl5FUeSdNN5GiCntEhiC0Sc0kQyXIzniOmIkvQZpBpGncz4gp71_vgZ1rYU44Ne-ndL_AxuAB6S90rZ7chD18yZxqmOeITIh41TXXJUhn65iHAlWevp7mCHVanhXGVv16itZg=w1920-h1080\" \/><br \/>\n<img alt=\"\" data-src=\"https:\/\/lh3.googleusercontent.com\/6UD8obKup9setHqfU3FHWFNr57eJztli4nkF9C8H_JVe5-ddZkTG_TTXRDBnKsmfXi0Wip2DO6C13K75wSg41X0YcbytwBPzpZPYUvp8TqrFLB3KJvMZYkWEYCPGcXo-HyrdxF_s_Q=w1920-h1080\" \/><br \/>\n<img alt=\"\" data-src=\"https:\/\/lh3.googleusercontent.com\/DU16u-Jmw7es96dV7U7xeG5i162d0fNWJvc6j0gD-diI00ofzqkguE7cIwZEIpHENKplQ1K1HzxCaTAtZ4uVaDHAezt-r4IrWDWtp1Yppu4QIIqdLzBpSLW_wQJri2WJxmIbV8KeIg=w1920-h1080\" \/><br \/>\n<img alt=\"\" data-src=\"https:\/\/lh3.googleusercontent.com\/uuFUMadWq7L9j9s55TPwZoDN5NyDmBEkPGs7u2De49vIZqqkRQHwVDsA_kDPcF56lfs8-eLcisLSDNcR7CbD6KTsTXY0OjPL59fKvEO1ZVnFr9Wh0OzGe0ZXDhp81GXhBEVPQ7EfLg=w1920-h1080\" \/><\/div>\n<p>&nbsp;<\/p>\n","protected":false},"excerpt":{"rendered":"<p>L&#8217;alumnat de 1r cicle de l&#8217;Institut Tarragona va assistir a la representaci\u00f3 del mon\u00f2leg\u00a0Pompeu Fabra: jugada mestra!\u00a0escrit i representat per l&#8217;actor i fil\u00f2leg \u00d2scar Intente. <a href=\"http:\/\/llengua.gencat.cat\/ca\/anypompeufabra\/recursos\/pompeu-fabra-jugada-mestra\/\">L&#8217;activitat<\/a> va ser el colof\u00f3 d&#8217;un trimestre dedicat a la figura i a l&#8217;obra de mestre Fabra i tamb\u00e9&hellip;  <a href=\"https:\/\/agora.xtec.cat\/instarragona\/eso\/eso-1\/pompreu-fabra-jugada-mestra\/\" title=\"Read Pompreu Fabra: Jugada mestra!\">Llegeix m\u00e9s\u00bb<\/a><\/p>\n","protected":false},"author":1,"featured_media":783,"comment_status":"open","ping_status":"closed","sticky":false,"template":"","format":"standard","meta":{"_bbp_topic_count":0,"_bbp_reply_count":0,"_bbp_total_topic_count":0,"_bbp_total_reply_count":0,"_bbp_voice_count":0,"_bbp_anonymous_reply_count":0,"_bbp_topic_count_hidden":0,"_bbp_reply_count_hidden":0,"_bbp_forum_subforum_count":0,"footnotes":""},"categories":[4,5,29],"tags":[39,40],"class_list":["post-781","post","type-post","status-publish","format-standard","has-post-thumbnail","hentry","category-eso-1","category-eso-2","category-portada","tag-sortides","tag-teatre"],"post_mailing_queue_ids":[],"_links":{"self":[{"href":"https:\/\/agora.xtec.cat\/instarragona\/wp-json\/wp\/v2\/posts\/781","targetHints":{"allow":["GET"]}}],"collection":[{"href":"https:\/\/agora.xtec.cat\/instarragona\/wp-json\/wp\/v2\/posts"}],"about":[{"href":"https:\/\/agora.xtec.cat\/instarragona\/wp-json\/wp\/v2\/types\/post"}],"author":[{"embeddable":true,"href":"https:\/\/agora.xtec.cat\/instarragona\/wp-json\/wp\/v2\/users\/1"}],"replies":[{"embeddable":true,"href":"https:\/\/agora.xtec.cat\/instarragona\/wp-json\/wp\/v2\/comments?post=781"}],"version-history":[{"count":3,"href":"https:\/\/agora.xtec.cat\/instarragona\/wp-json\/wp\/v2\/posts\/781\/revisions"}],"predecessor-version":[{"id":785,"href":"https:\/\/agora.xtec.cat\/instarragona\/wp-json\/wp\/v2\/posts\/781\/revisions\/785"}],"wp:featuredmedia":[{"embeddable":true,"href":"https:\/\/agora.xtec.cat\/instarragona\/wp-json\/wp\/v2\/media\/783"}],"wp:attachment":[{"href":"https:\/\/agora.xtec.cat\/instarragona\/wp-json\/wp\/v2\/media?parent=781"}],"wp:term":[{"taxonomy":"category","embeddable":true,"href":"https:\/\/agora.xtec.cat\/instarragona\/wp-json\/wp\/v2\/categories?post=781"},{"taxonomy":"post_tag","embeddable":true,"href":"https:\/\/agora.xtec.cat\/instarragona\/wp-json\/wp\/v2\/tags?post=781"}],"curies":[{"name":"wp","href":"https:\/\/api.w.org\/{rel}","templated":true}]}}