{"id":764,"date":"2018-12-20T10:00:51","date_gmt":"2018-12-20T09:00:51","guid":{"rendered":"http:\/\/agora.xtec.cat\/instarragona\/?p=764"},"modified":"2018-12-20T10:01:37","modified_gmt":"2018-12-20T09:01:37","slug":"els-biolegs-marxem-a-valencia","status":"publish","type":"post","link":"https:\/\/agora.xtec.cat\/instarragona\/batxillerat\/els-biolegs-marxem-a-valencia\/","title":{"rendered":"Els &#8220;bi\u00f2legs&#8221; marxem a Val\u00e8ncia!"},"content":{"rendered":"<div id=\":c0\">\n<div dir=\"auto\">\n<p dir=\"auto\">Com cada any per aquestes dates els alumnes de 2n de batxillerat que cursen la mat\u00e8ria de biologia han fet el viatge a Val\u00e8ncia.<br \/>\nS\u00f3n dos dies totalment aprofitats i molt intensos. On a banda de gaudir de la ciutat, monuments, parcs&#8230; han pongut conviure i passar una bona estona entre tots. El primer dia van visitar la ciutat de les arts i les ci\u00e8ncies, on hi vam trobar el museu de la ci\u00e8ncia, l&#8217;hemisferi i l&#8217;oceanogr\u00e0fic.<br \/>\nEl segon dia van fer un passeig en barca per l&#8217;Albufera, i per acabar, van visitar el Bioparc.<\/p>\n<p><script src=\"https:\/\/cdn.jsdelivr.net\/npm\/publicalbum@latest\/dist\/pa-embed-player.min.js\" async><\/script><\/p>\n<div class=\"pa-embed-player\" style=\"width: 100%; height: 480px; display: none;\" data-link=\"https:\/\/photos.app.goo.gl\/XUm5oLHcW73gnWidA\" data-title=\"Val\u00e8ncia 18 - Batxillerat\" data-description=\"7 new photos \u00b7 Album by Institut Tarragona\"><img alt=\"\" data-src=\"https:\/\/lh3.googleusercontent.com\/YnqbXFqL7XP7W1zSbCrcuelNJ8-4uwvqvBcySaZKl4a9Dh1FIQ8e-oxS0amXdTL8wtMByWXAF1fqp_A43W5X807Hg5PzcbOFlsesHPFQFHcOVS8-UBHt3gZNX512e1JuC1cTgaRh=w1920-h1080\" \/><br \/>\n<img alt=\"\" data-src=\"https:\/\/lh3.googleusercontent.com\/Y1wcce1WswfUwUij16fH4iKkwMLjJjzFSI9BS6qfPGd4om2kUYv1Rnpdx06cJtwrpfne_M4tEhPWnuZtjH_o0K3Rx5qjb2i1bb8iGbUDattHMnrDwbf972sQufDE607jyLpmyP2g=w1920-h1080\" \/><br \/>\n<img alt=\"\" data-src=\"https:\/\/lh3.googleusercontent.com\/aNlkwZfKXTWR-VG1x-uqJtIB0v2_ebKyyWRTJ6ys4riTENmTQrVoVIT2XWIRw8jPWfXv7fcVdwXVdKo2SJIG8c3aCz32HKkumg_lqk_8-G6EANEKSFharWwI6AnMLHyf-3RTgi1c=w1920-h1080\" \/><br \/>\n<img alt=\"\" data-src=\"https:\/\/lh3.googleusercontent.com\/NnCHOIejmMw_0hQYs59ey4VPGZPBEZjygiEAsit5pZN4pD0kQgijhFfMR4H0-4oZjxuLEedz0I2DOGolV5lZcGRsqR6V1fCsgNjkp1NgjBgpPCxkdW8BkCj5201UGgM_KQWUAiad=w1920-h1080\" \/><br \/>\n<img alt=\"\" data-src=\"https:\/\/lh3.googleusercontent.com\/PX716qpgvBnFn1mZWGc9aviBQtufv9oCT-DlvKg0MYStWouKCRuB9GHB4H8ukaNG39H_p9kYoDr1jk1RpQ-8EoC8WwzWqpV0VQMYcEioZ2O536uw96PKDwJHmQImzeMp4tckXi-X=w1920-h1080\" \/><br \/>\n<img alt=\"\" data-src=\"https:\/\/lh3.googleusercontent.com\/4rzjZti3KypSdnyjYn2vhllgiNgSwGq_O7VS9R9nh3_d0cOEWViCFHWQ3qjATrxFGxrxyxFUx81qqdJV4KEoJ5fo-9bEUJs_AFePnxv_8COWawEmcLCGNzSyxVPy-fxPojyTUQHW=w1920-h1080\" \/><br \/>\n<img alt=\"\" data-src=\"https:\/\/lh3.googleusercontent.com\/CtNk4JupL6Bsa95_mBZaZuiQ-iaQl37WUFPt1ePUlGRjctCjaa1ruWr37d5vVWAIGEspcKFCQJ0UnClT5Gj7MSUrnHyV3tFyZ86qjNYBZoaH4EmlDwO-ujJP0AhdZkVn4qZ05zYB=w1920-h1080\" \/><\/div>\n<p dir=\"auto\">\n<\/div>\n<\/div>\n","protected":false},"excerpt":{"rendered":"<p>Com cada any per aquestes dates els alumnes de 2n de batxillerat que cursen la mat\u00e8ria de biologia han fet el viatge a Val\u00e8ncia.<br \/>\nS\u00f3n dos dies totalment aprofitats i molt intensos. On a banda de gaudir de la ciutat, monuments, parcs&#8230; han pongut conviure i&hellip;  <a href=\"https:\/\/agora.xtec.cat\/instarragona\/batxillerat\/els-biolegs-marxem-a-valencia\/\" title=\"Read Els &#8220;bi\u00f2legs&#8221; marxem a Val\u00e8ncia!\">Llegeix m\u00e9s\u00bb<\/a><\/p>\n","protected":false},"author":1,"featured_media":765,"comment_status":"open","ping_status":"closed","sticky":false,"template":"","format":"standard","meta":{"_bbp_topic_count":0,"_bbp_reply_count":0,"_bbp_total_topic_count":0,"_bbp_total_reply_count":0,"_bbp_voice_count":0,"_bbp_anonymous_reply_count":0,"_bbp_topic_count_hidden":0,"_bbp_reply_count_hidden":0,"_bbp_forum_subforum_count":0,"footnotes":""},"categories":[8,29],"tags":[39],"class_list":["post-764","post","type-post","status-publish","format-standard","has-post-thumbnail","hentry","category-batxillerat","category-portada","tag-sortides"],"post_mailing_queue_ids":[],"_links":{"self":[{"href":"https:\/\/agora.xtec.cat\/instarragona\/wp-json\/wp\/v2\/posts\/764","targetHints":{"allow":["GET"]}}],"collection":[{"href":"https:\/\/agora.xtec.cat\/instarragona\/wp-json\/wp\/v2\/posts"}],"about":[{"href":"https:\/\/agora.xtec.cat\/instarragona\/wp-json\/wp\/v2\/types\/post"}],"author":[{"embeddable":true,"href":"https:\/\/agora.xtec.cat\/instarragona\/wp-json\/wp\/v2\/users\/1"}],"replies":[{"embeddable":true,"href":"https:\/\/agora.xtec.cat\/instarragona\/wp-json\/wp\/v2\/comments?post=764"}],"version-history":[{"count":2,"href":"https:\/\/agora.xtec.cat\/instarragona\/wp-json\/wp\/v2\/posts\/764\/revisions"}],"predecessor-version":[{"id":767,"href":"https:\/\/agora.xtec.cat\/instarragona\/wp-json\/wp\/v2\/posts\/764\/revisions\/767"}],"wp:featuredmedia":[{"embeddable":true,"href":"https:\/\/agora.xtec.cat\/instarragona\/wp-json\/wp\/v2\/media\/765"}],"wp:attachment":[{"href":"https:\/\/agora.xtec.cat\/instarragona\/wp-json\/wp\/v2\/media?parent=764"}],"wp:term":[{"taxonomy":"category","embeddable":true,"href":"https:\/\/agora.xtec.cat\/instarragona\/wp-json\/wp\/v2\/categories?post=764"},{"taxonomy":"post_tag","embeddable":true,"href":"https:\/\/agora.xtec.cat\/instarragona\/wp-json\/wp\/v2\/tags?post=764"}],"curies":[{"name":"wp","href":"https:\/\/api.w.org\/{rel}","templated":true}]}}