{"id":748,"date":"2018-12-14T12:16:12","date_gmt":"2018-12-14T11:16:12","guid":{"rendered":"http:\/\/agora.xtec.cat\/instarragona\/?p=748"},"modified":"2019-01-11T08:41:51","modified_gmt":"2019-01-11T07:41:51","slug":"el-gran-recapte-daliments","status":"publish","type":"post","link":"https:\/\/agora.xtec.cat\/instarragona\/portada\/el-gran-recapte-daliments\/","title":{"rendered":"El gran recapte d&#8217;aliments"},"content":{"rendered":"<p>Aquest curs l&#8217;institut ha comen\u00e7at el nou projecte de <span style=\"color: #008000;\"><strong>Servei Comunitari<\/strong><\/span>. L&#8217;alumnat de 3r d&#8217;ESO, dins del marc de l&#8217;Aprenentatge i Servei (APs), ha participat en la recollida d&#8217;aliments que s&#8217;ha realitzar a Catalunya i que ha comptat amb la participaci\u00f3 de milers de voluntaris.<\/p>\n<p>L&#8217;activitat ha incl\u00f2s diferents fases i ha implicat organitzar un volum important d&#8217;alumnes i professorat. En primer lloc l&#8217;alumnat ha rebut una formaci\u00f3 pr\u00e8via (xerrades informatives) i s&#8217;ha encarregat d&#8217;arrencar la <span style=\"color: #008000;\"><strong>campanya de sensibilitzaci\u00f3<\/strong><\/span> a la resta de la comunitat educativa, per tal de promoure la recollida d&#8217;aliments i prendre consci\u00e8ncia del consum responsable durant les tradicionals festes de Nadal. A m\u00e9s a m\u00e9s, els nois i noies s&#8217;han distribuit en diferents <span style=\"color: #008000;\"><strong>supermercats<\/strong> <\/span>de Tarragona ciutat i barris durant els dos dies que ha durant la campanya. L&#8217;\u00faltima fase ha estat la d&#8217;<span style=\"color: #008000;\"><strong>organitzar i classificar el menjar recollit<\/strong><\/span> en els magatzems distribuidors m\u00e9s propers de Reus que ajuden solid\u00e0riament al Gran Recapte d&#8217;aliments.<\/p>\n<p>Aqu\u00ed us deixem un v\u00eddeo informatiu i un petit recull fotogr\u00e0fic de l&#8217;activitat.<\/p>\n<p><iframe loading=\"lazy\" src=\"https:\/\/www.youtube.com\/embed\/PLdRuA6ECAQ\" width=\"560\" height=\"315\" frameborder=\"0\" allowfullscreen=\"allowfullscreen\"><\/iframe><\/p>\n<p><script src=\"https:\/\/cdn.jsdelivr.net\/npm\/publicalbum@latest\/dist\/pa-embed-player.min.js\" async><\/script><\/p>\n<div class=\"pa-embed-player\" style=\"width: 100%; height: 480px; display: none;\" data-link=\"https:\/\/photos.app.goo.gl\/m342ZcKBMe54vzx86\" data-title=\"18-19 Gran recapte. Servei comunitari.\" data-description=\"13 new photos \u00b7 Album by Institut Tarragona\"><img alt=\"\" data-src=\"https:\/\/lh3.googleusercontent.com\/bNfoQ6Q0e998oNaV3wi5nn5ijeOzEeuZeTSeKupwm7DinFOzeP-1qFb12NHJzTbymeeP3C6rNVRGe4u8Xmr7Gx1cXVLB83L7MDQg_OMDNcZIuVc1jyYXsJpRY6Lq6E47U0rVTRCi=w1920-h1080\" \/><br \/>\n<img alt=\"\" data-src=\"https:\/\/lh3.googleusercontent.com\/PYmP9IAjRw3xzo2Y0yJGPVuDjIuFOuvKpTSjOmzxviZwYhmL8vNAXJsKNakBLcsvxXxkrr6nsq-tqo9djSxk3iAwMqGAwo_ZJ1sfcrIIWMsVAefBRWaKJs_4V8WBW3RcIsJhe7uU=w1920-h1080\" \/><br \/>\n<img alt=\"\" data-src=\"https:\/\/lh3.googleusercontent.com\/ob3b1mo6wxfCpYDq1U6SikBt7UvUBMBhYgW7DtNh1Y3mRlpKZTpw4V7hDVipoijRTgXVHsuSjb1xS4GmbI7AZmw9fhj7DzsuwBZXYxnmxsUSDGs6u0H6n8i6Obo1eTsuHm7Jwotc=w1920-h1080\" \/><br \/>\n<img alt=\"\" data-src=\"https:\/\/lh3.googleusercontent.com\/TH9vUVEo0stjVX5YRL-DhBwFMM7VlKp8frZlsEmpqe-0ZwgldB4cbvRgADTfLFPRIxYgR7DLt2fyAp60cdGYOgtarMZ6pExSUVBKmG2Mpei4uxSnacM9OV-YueV6qk8ql2R58db8=w1920-h1080\" \/><br \/>\n<img alt=\"\" data-src=\"https:\/\/lh3.googleusercontent.com\/_IrnwKvevnSYWx3dWi5k1suj5PsmWMaHsLLwsjmZr1xjGJ3CWXqR8U_teGZIkbXs2ytk_G_8Z7tFw4gAmrXMJDGUZWFIdwqjT2H3sjLgrsWJhg_LOqA8MqrqVczPEb7auxp761Dr=w1920-h1080\" \/><br \/>\n<img alt=\"\" data-src=\"https:\/\/lh3.googleusercontent.com\/k_ACrQwkltqRoFmce_lLFOGuvJ3ewVQjLcrqtfA-ZUC2bdHX3dy1Bl3WvvPjJ8LjG0lB_cGo83BatcWQVIH_e9JFTIXXqfXO3jN0E9M6ZizwQ6PSAKA1nt4dN0YaTT4YnT4pjB7Z=w1920-h1080\" \/><br \/>\n<img alt=\"\" data-src=\"https:\/\/lh3.googleusercontent.com\/fk-QfjfOYk-AybOHuEcjFNkLh2W06j7TOb6RdrH5I5iGYdjrf2w1PPXjjFXXv8Q2cl6sd9ldsDCuXkmIj_FDX4_ljjbrhajGcGtmspPO3On58nhLVPwL1mbiV1elJ4nuEKdCX8RC=w1920-h1080\" \/><br \/>\n<img alt=\"\" data-src=\"https:\/\/lh3.googleusercontent.com\/jNom8oOTSCNdpDQmDOmociFXLhnBNZduI9UJrgtpY1lMwhQW7YE4N6tAt0itLF3x-3dbX6ZUVBEo3zEBghhmUybC98rEzQOKmGPZQtGTIGqx69bDjuTtseLR_SYn2m1qmYk2SBtl=w1920-h1080\" \/><br \/>\n<img alt=\"\" data-src=\"https:\/\/lh3.googleusercontent.com\/YP7F1qKuSrDO1CiLEbFvOoQPumE4HkXyxEJG7BOEeM5nPZHw8wAtsdlfSGcIY2QQ4DqjTqOPC0hVZJZguuHW3Yp-UucOvcWYGdZ1phGvhJ3NCUw6PbjNEhUVYlxl8HDPqgG3pUMU=w1920-h1080\" \/><br \/>\n<img alt=\"\" data-src=\"https:\/\/lh3.googleusercontent.com\/O3Rhu31LmafVJCE6olNSpCxsrMFyR0yLnRw0rrY_Hj335hePwQ2KaFcIGh6UVNfy8DkCXbtcRJM28HNFz7n_5TEIYF4qkjds8Q2msvyML48dI-m8wz2CrTV8JWl0nfPibG-IRw42=w1920-h1080\" \/><br \/>\n<img alt=\"\" data-src=\"https:\/\/lh3.googleusercontent.com\/fI0aeb-rDPbqrq0SCMiMlnU5bBsh4R2paj5HmeUIDGKXY-SZSCMkBEuJfw4_YoUmyNt0sjbtLT8gLBNqjS8zhr4r9sJI8EB2anmZL2qewW8WH-GZl_y3eoxnn0pckEDrYK74sgnV=w1920-h1080\" \/><br \/>\n<img alt=\"\" data-src=\"https:\/\/lh3.googleusercontent.com\/TIQiciLMoi2NbIMp2jxQ4d5jDkPRFArSUom-AybQbAkHsgtLoAPLDLi5ayW9h3DIQdqI8swAOA548eqKsahNfn1y-oo8iBKlkjryWN4lSe0vS6l1-XsKt76UyHYve8RRZ38Hcghn=w1920-h1080\" \/><br \/>\n<img alt=\"\" data-src=\"https:\/\/lh3.googleusercontent.com\/GtLdlLnwPg3rh_OfYK9XE4tnJ5HM8pa8gCTUJJ35Z087IjZUAZixmXKTrVnzx2MYW2y8_YQW3aMWE38jTIsYaTfgyVk3dYpyAUdC4IRt0fLPi97UFTv6ieXJPa75nd2E3rp_ca-_=w1920-h1080\" \/><\/div>\n<p>&nbsp;<\/p>\n<p>&nbsp;<\/p>\n<div><\/div>\n","protected":false},"excerpt":{"rendered":"<p>Aquest curs l&#8217;institut ha comen\u00e7at el nou projecte de Servei Comunitari. L&#8217;alumnat de 3r d&#8217;ESO, dins del marc de l&#8217;Aprenentatge i Servei (APs), ha participat en la recollida d&#8217;aliments que s&#8217;ha realitzar a Catalunya i que ha comptat amb la participaci\u00f3 de milers de voluntaris.<br \/>\nL&#8217;activitat&hellip;  <a href=\"https:\/\/agora.xtec.cat\/instarragona\/portada\/el-gran-recapte-daliments\/\" title=\"Read El gran recapte d&#8217;aliments\">Llegeix m\u00e9s\u00bb<\/a><\/p>\n","protected":false},"author":1,"featured_media":753,"comment_status":"open","ping_status":"closed","sticky":false,"template":"","format":"standard","meta":{"_bbp_topic_count":0,"_bbp_reply_count":0,"_bbp_total_topic_count":0,"_bbp_total_reply_count":0,"_bbp_voice_count":0,"_bbp_anonymous_reply_count":0,"_bbp_topic_count_hidden":0,"_bbp_reply_count_hidden":0,"_bbp_forum_subforum_count":0,"footnotes":""},"categories":[29],"tags":[99],"class_list":["post-748","post","type-post","status-publish","format-standard","has-post-thumbnail","hentry","category-portada","tag-projectes"],"post_mailing_queue_ids":[],"_links":{"self":[{"href":"https:\/\/agora.xtec.cat\/instarragona\/wp-json\/wp\/v2\/posts\/748","targetHints":{"allow":["GET"]}}],"collection":[{"href":"https:\/\/agora.xtec.cat\/instarragona\/wp-json\/wp\/v2\/posts"}],"about":[{"href":"https:\/\/agora.xtec.cat\/instarragona\/wp-json\/wp\/v2\/types\/post"}],"author":[{"embeddable":true,"href":"https:\/\/agora.xtec.cat\/instarragona\/wp-json\/wp\/v2\/users\/1"}],"replies":[{"embeddable":true,"href":"https:\/\/agora.xtec.cat\/instarragona\/wp-json\/wp\/v2\/comments?post=748"}],"version-history":[{"count":3,"href":"https:\/\/agora.xtec.cat\/instarragona\/wp-json\/wp\/v2\/posts\/748\/revisions"}],"predecessor-version":[{"id":752,"href":"https:\/\/agora.xtec.cat\/instarragona\/wp-json\/wp\/v2\/posts\/748\/revisions\/752"}],"wp:featuredmedia":[{"embeddable":true,"href":"https:\/\/agora.xtec.cat\/instarragona\/wp-json\/wp\/v2\/media\/753"}],"wp:attachment":[{"href":"https:\/\/agora.xtec.cat\/instarragona\/wp-json\/wp\/v2\/media?parent=748"}],"wp:term":[{"taxonomy":"category","embeddable":true,"href":"https:\/\/agora.xtec.cat\/instarragona\/wp-json\/wp\/v2\/categories?post=748"},{"taxonomy":"post_tag","embeddable":true,"href":"https:\/\/agora.xtec.cat\/instarragona\/wp-json\/wp\/v2\/tags?post=748"}],"curies":[{"name":"wp","href":"https:\/\/api.w.org\/{rel}","templated":true}]}}