{"id":724,"date":"2018-11-30T10:51:41","date_gmt":"2018-11-30T09:51:41","guid":{"rendered":"http:\/\/agora.xtec.cat\/instarragona\/?p=724"},"modified":"2019-12-10T12:58:16","modified_gmt":"2019-12-10T11:58:16","slug":"arrenca-el-projecte-erasmus","status":"publish","type":"post","link":"https:\/\/agora.xtec.cat\/instarragona\/portada\/arrenca-el-projecte-erasmus\/","title":{"rendered":"Els alumnes arrenquen l&#8217;Erasmus+!"},"content":{"rendered":"<p>L&#8217;Institut Tarragona forma part del Projecte Erasmus+ 2018-2020 amb el t\u00edtol <strong><span style=\"color: #003300;\">ECOTOURISM: The future is now &#8211; Take responsibility,\u00a0<\/span><\/strong> en col\u00b7laboraci\u00f3 amb instituts de secund\u00e0ria de Marne <span style=\"color: #003300;\">(<strong>Alemanya<\/strong>)<\/span>, St Pol de Leon (<strong><span style=\"color: #003300;\">Fran\u00e7a<\/span><\/strong>), Ljubljana (<strong><span style=\"color: #003300;\">Eslov\u00e8nia<\/span><\/strong>) i Porto (<strong><span style=\"color: #003300;\">Portugal<\/span><\/strong>). Del 18 al 25 de novembre hem rebut la visita del centres participants a casa nostra.<\/p>\n<p>Entre les activitats que hem organitzat per portar a terme el projecte destaquem:\u00a0<span style=\"font-family: inherit; font-size: 1em;\">presentaci\u00f3 de les m\u00e9s importants atraccions tur\u00edstiques de cada zona, visita a la Tarraco Romana, a la Sagrada Familia, al Delta de l&#8217;Ebre.\u00a0 Hem estat rebuts per Regidor d&#8217;Educaci\u00f3 de l&#8217;Ajuntament de Tarragona, el senyor Francesc Roca i per representants del Patronat de Turisme de la ciutat. A m\u00e9s vam acollir dues confer\u00e8ncies sobre el tema per part del grup de recerca d&#8217;Ecoturisme de la URV.\u00a0<\/span>L&#8217;alumnat visitant s&#8217;ha allotjat amb les nostres fam\u00edlies.<\/p>\n<p>Ha estat una experi\u00e8ncia molt enriquidora per a tots nosaltres, alumnat i professorat. Us fem saber que el projecte no acaba aqu\u00ed. Aix\u00f2 continua! Ja us anirem posant al corrent properament.<br \/>\n<script src=\"https:\/\/cdn.jsdelivr.net\/npm\/publicalbum@latest\/dist\/pa-embed-player.min.js\" async><\/script><\/p>\n<div class=\"pa-embed-player\" style=\"width: 100%; height: 480px; display: none;\" data-link=\"https:\/\/photos.app.goo.gl\/naRdQ2tNZH39guNw9\" data-title=\"18 - 19 Erasmus Ecoturism novembre\" data-description=\"12 new photos \u00b7 Album by Elisabet Dalmau\"><img alt=\"\" data-src=\"https:\/\/lh3.googleusercontent.com\/Y3bdVeiQIUeALcaeNhX9KVESkloPiQ0wRJorPwjpOYMcZS2nnx2eGKt1OsL44NaVfrjoIImcZKuftYJLvlB2EZyUiVNy-nPmpHxTLGg7-pYS0YhdtlyVCq-mQEspKK60rkHtvrC4=w1920-h1080\" \/><br \/>\n<img alt=\"\" data-src=\"https:\/\/lh3.googleusercontent.com\/7cKQXUWDWcXxMLV9I4A03Y8mG2iuC1f395BHuWMF8Q1QTn2ST0qmz8kkPb1kBdB28dAqDk7QpE0heX5oNafyJ2RIEPeci1wophR1UQo0grtCYbBmv9ljtoaGcBqgrBmYx8RQyBkn=w1920-h1080\" \/><br \/>\n<img alt=\"\" data-src=\"https:\/\/lh3.googleusercontent.com\/jTWFIy_liUXiCal7bBTIVncqlL9fRBlkO_d5G4se1spYoesgr3Tq1aPkhrSqFT4Aqzzz9URGd_KQyJ45BsgZTD1gsyDMFDmi0cDGSsXML-quHARIyr3ZCjUx_ucR_KIzSD_mtlTg=w1920-h1080\" \/><br \/>\n<img alt=\"\" data-src=\"https:\/\/lh3.googleusercontent.com\/epaAXvSDltyvXjwSvb8m0hrQlKBCjTQFff5CJrPRnqxdAYNtu3jnkZuaojxs7VZnz5iQ7fk8V9gPxAQuAatsksZixyl0_ZoTpR3R2AbunlMMbzrGfrSsrvtGrurQobxrxXRwV222=w1920-h1080\" \/><br \/>\n<img alt=\"\" data-src=\"https:\/\/lh3.googleusercontent.com\/x2UWboQ1bnOPs3TpDbU0Pq-_WJLWDb8L_AmkFxovslYJNu-EEST_-omSnuQDk6jgBPk6MLsl9zNY61J9go6NwwXSUHLEePWOHbovtw3FwsQnBc1KJpg9HdI-jm4hsC7RXTKk22Ep=w1920-h1080\" \/><br \/>\n<img alt=\"\" data-src=\"https:\/\/lh3.googleusercontent.com\/oLq08bVd5qyvgEC_XjSj-90Spr0FMCdJuNjxLiCwQjiOctLu0v5H29FugIaIDihmO92nEymR8-kMXggRWQq-6ZRATYCordboLqNTqj01vB2_5jMWZtRx9-Lnv3n1wqA0B-DPGhHq=w1920-h1080\" \/><br \/>\n<img alt=\"\" data-src=\"https:\/\/lh3.googleusercontent.com\/6tdcvsRT9ng79-VIwHuOh40lt5CCBTUMORV8F1VQSuhu7dA5OXBWUi2b2iEVte8devrS1F1io14d0LE6wCcA79_0nHFLsxKsrnxGBLiVtXo_Bej3hlr_amV9UesV0Mq3WEkjpklz=w1920-h1080\" \/><br \/>\n<img alt=\"\" data-src=\"https:\/\/lh3.googleusercontent.com\/0wK0AbQflivgM92woFG6mJ1_Zp_tbS8Su1bz_-vdaFusKWIqfEDt11uMP-76Kj3ZzNIiWCUEuDX2uX7n5hGXu499KuDUhBAr-U7jEUeRqPJOFj4nqCoNl4lQBNpp-JCrOtX38YGW=w1920-h1080\" \/><br \/>\n<img alt=\"\" data-src=\"https:\/\/lh3.googleusercontent.com\/FHNEiyZydygFObg_727rROH8NATeofDCAfkQAv7BFj6UHKTBi7E2hEpbowTWw5OqOQ92o8wr68APflI7mrluFMyRTssRj8dM8lvJQzT7PJHOb4V5mHh2_X00M0FbJ_c9Xm9gGZke=w1920-h1080\" \/><br \/>\n<img alt=\"\" data-src=\"https:\/\/lh3.googleusercontent.com\/MX8FM_RHRt1WLPkVfB558CTy6JPbJOn8keXycqHhHfjB-f22_O-rS5oa71UBo8W6o46XiM3UMNMn1ENLxlugiJs7jIx6yTmE2P9X1RQCnQYbmXsGWsbIK_GQuK4u_dyxzr-G304F=w1920-h1080\" \/><br \/>\n<img alt=\"\" data-src=\"https:\/\/lh3.googleusercontent.com\/Iw8FyHpAE2SWc6tHWKUoGs7nlGKp4ua3Ajzg_s1_-wd1YZgKv9-7MyF4b-STYfF20pEjrg6E0V43fuXTXLWHhL09p8Caplw8JuLPHOsvjtHUDilPQUML09ONC72ho88JQOkiyG2p=w1920-h1080\" \/><br \/>\n<img alt=\"\" data-src=\"https:\/\/lh3.googleusercontent.com\/KTEHQbf3sA9IcBFhyEsUExGG5t5U8t4iMbkFAZkZsIRB0SRRad7u9j7PSOErkrgMcFZTJpAnh4_ft8Hp_xkgML9h26Aa7rqtxsSN5PWX4vGH49vO0xbccdXa9Xhd8YDW8CmEKGAH=w1920-h1080\" \/><\/div>\n","protected":false},"excerpt":{"rendered":"<p>L&#8217;Institut Tarragona forma part del Projecte Erasmus+ 2018-2020 amb el t\u00edtol ECOTOURISM: The future is now &#8211; Take responsibility,\u00a0 en col\u00b7laboraci\u00f3 amb instituts de secund\u00e0ria de Marne (Alemanya), St Pol de Leon (Fran\u00e7a), Ljubljana (Eslov\u00e8nia) i Porto (Portugal). Del 18 al 25 de novembre hem&hellip;  <a href=\"https:\/\/agora.xtec.cat\/instarragona\/portada\/arrenca-el-projecte-erasmus\/\" title=\"Read Els alumnes arrenquen l&#8217;Erasmus+!\">Llegeix m\u00e9s\u00bb<\/a><\/p>\n","protected":false},"author":1,"featured_media":726,"comment_status":"open","ping_status":"closed","sticky":false,"template":"","format":"standard","meta":{"_bbp_topic_count":0,"_bbp_reply_count":0,"_bbp_total_topic_count":0,"_bbp_total_reply_count":0,"_bbp_voice_count":0,"_bbp_anonymous_reply_count":0,"_bbp_topic_count_hidden":0,"_bbp_reply_count_hidden":0,"_bbp_forum_subforum_count":0,"footnotes":""},"categories":[29,100],"tags":[101,99],"class_list":["post-724","post","type-post","status-publish","format-standard","has-post-thumbnail","hentry","category-portada","category-projectes","tag-erasmus","tag-projectes"],"post_mailing_queue_ids":[],"_links":{"self":[{"href":"https:\/\/agora.xtec.cat\/instarragona\/wp-json\/wp\/v2\/posts\/724","targetHints":{"allow":["GET"]}}],"collection":[{"href":"https:\/\/agora.xtec.cat\/instarragona\/wp-json\/wp\/v2\/posts"}],"about":[{"href":"https:\/\/agora.xtec.cat\/instarragona\/wp-json\/wp\/v2\/types\/post"}],"author":[{"embeddable":true,"href":"https:\/\/agora.xtec.cat\/instarragona\/wp-json\/wp\/v2\/users\/1"}],"replies":[{"embeddable":true,"href":"https:\/\/agora.xtec.cat\/instarragona\/wp-json\/wp\/v2\/comments?post=724"}],"version-history":[{"count":3,"href":"https:\/\/agora.xtec.cat\/instarragona\/wp-json\/wp\/v2\/posts\/724\/revisions"}],"predecessor-version":[{"id":730,"href":"https:\/\/agora.xtec.cat\/instarragona\/wp-json\/wp\/v2\/posts\/724\/revisions\/730"}],"wp:featuredmedia":[{"embeddable":true,"href":"https:\/\/agora.xtec.cat\/instarragona\/wp-json\/wp\/v2\/media\/726"}],"wp:attachment":[{"href":"https:\/\/agora.xtec.cat\/instarragona\/wp-json\/wp\/v2\/media?parent=724"}],"wp:term":[{"taxonomy":"category","embeddable":true,"href":"https:\/\/agora.xtec.cat\/instarragona\/wp-json\/wp\/v2\/categories?post=724"},{"taxonomy":"post_tag","embeddable":true,"href":"https:\/\/agora.xtec.cat\/instarragona\/wp-json\/wp\/v2\/tags?post=724"}],"curies":[{"name":"wp","href":"https:\/\/api.w.org\/{rel}","templated":true}]}}